{"id":23835,"date":"2023-12-19T08:46:00","date_gmt":"2023-12-19T06:46:00","guid":{"rendered":"https:\/\/www.cssr.news\/italian\/?p=23835"},"modified":"2023-12-18T10:53:27","modified_gmt":"2023-12-18T08:53:27","slug":"padre-parron-nuovo-rettore-del-santuario-di-nostra-signora-del-perpetuo-soccorso-a-curitiba","status":"publish","type":"post","link":"https:\/\/www.cssr.news\/italian\/2023\/12\/padre-parron-nuovo-rettore-del-santuario-di-nostra-signora-del-perpetuo-soccorso-a-curitiba\/","title":{"rendered":"Padre Parron nuovo rettore del Santuario di Nostra Signora del Perpetuo Soccorso, a Curitiba"},"content":{"rendered":"\n<p><em><strong>La nomina \u00e8 stata indicata dal Provinciale della Congregazione del Santissimo Redentore, padre Edilei Silva, e dall&#8217;Arcivescovo metropolita, Mons. Jos\u00e9 Ant\u00f4nio Peruzzo.<\/strong><\/em><\/p>\n\n\n\n<p>Il missionario redentorista padre Joaquim Parron \u00e8 stato appena annunciato dal Consiglio provinciale di Curitiba come rettore del Santuario di Nostra Signora del Perpetuo Soccorso. La nomina \u00e8 stata raccomandata dal Provinciale della Congregazione del Santissimo Redentore, padre Edilei Silva, e dall&#8217;Arcivescovo metropolita, Mons. Jos\u00e9 Ant\u00f4nio Peruzzo. Si prevede che Parron subentrer\u00e0 nei lavori nel gennaio 2024.<\/p>\n\n\n\n<p>Negli ultimi anni, padre Parron si \u00e8 dedicato alla formazione dei seminaristi nella fase di Postulantato, presso il Seminario S\u00e3o Geraldo Magela, nel quartiere Prado Velho. All\u2019inizio della pandemia, ha fondato il Movimento SOS Vila Torres, che ha risvegliato la solidariet\u00e0 degli abitanti di Curitiba per portare cibo ai bisognosi. Il Movimento \u00e8 cresciuto ed \u00e8 diventato SOS Combate \u00e0 Fome, che oggi distribuisce 2.000 cesti alimentari di base al mese in sette comunit\u00e0.<\/p>\n\n\n\n<p><strong>Il movimento SOS continua<\/strong><br>Interrogato sulla direzione del Movimento SOS dopo la sua nomina a rettore, padre Parron rassicura gli abitanti di Curitiba, garantendo che il lavoro di solidariet\u00e0 si rafforzer\u00e0. \u201cL\u2019arcivescovo stesso mi ha chiesto personalmente di mantenere SOS Combate \u00e0 Fome, quindi stiamo elaborando piani per rafforzare ulteriormente le azioni nel 2024\u201d, ha affermato.<\/p>\n\n\n\n<p>Padre Parron \u00e8 stato Superiore Provinciale dei Redentoristi, Missionario nell&#8217;interno del Mato Grosso do Sul, rettore del Santuario della Patrona del Paran\u00e1, Nossa Senhora do Rocio e svolge una forte attivit\u00e0 di evangelizzazione nella periferia della capitale del Paran\u00e1. Ha una formazione in diverse aree del sapere oltre alla filosofia, alla psicologia e alla teologia. Ha conseguito un dottorato in Teologia morale presso l&#8217;Universit\u00e0 Cattolica d&#8217;America, USA, un master in Pedagogia universitaria presso la PUCPR e attualmente insegna presso il Centro Universit\u00e1rio Claretiano. Inoltre \u00e8 stato molto devoto alla Madre del Perpetuo Soccorso fin da quando era bambino.<\/p>\n\n\n\n<p>Per Padre Parron, la missione che intraprende, infatti, appartiene alla Comunit\u00e0 Religiosa Redentorista, poich\u00e9 tutto il lavoro dei congregati \u00e8 in comune. \u201cSiamo missionari e viviamo e lavoriamo in una comunit\u00e0 redentorista. Saremo diversi confratelli che lavoreranno al Santuario del Perpetuo Soccorso. Il rettore \u00e8 proprio colui che articola e anima la comunit\u00e0 missionaria, ma la missione \u00e8 di tutti\u201d, ha affermato.<\/p>\n\n\n\n<p>Secondo i religiosi ogni confratello assumer\u00e0 una dimensione del lavoro nel Santuario, essendo una comunit\u00e0 missionaria. L&#8217;accento sar\u00e0 posto sulla spiritualit\u00e0 che genera missionari laici impegnati sui vari fronti della Chiesa nell&#8217;arcidiocesi di Curitiba. \u201cDobbiamo portare avanti una missione dinamica e un&#8217;evangelizzazione incarnata nella vita del Popolo di Dio\u201d, ha sottolineato il Redentorista.<\/p>\n\n\n\n<p>(bemparana.com.br)<\/p>\n","protected":false},"excerpt":{"rendered":"<p>La nomina \u00e8 stata indicata dal Provinciale della Congregazione del Santissimo Redentore, padre Edilei Silva, e dall&#8217;Arcivescovo metropolita, Mons. Jos\u00e9 Ant\u00f4nio Peruzzo. Il missionario redentorista padre Joaquim Parron \u00e8 stato appena annunciato dal Consiglio provinciale di Curitiba come rettore del Santuario di Nostra Signora del Perpetuo Soccorso. La nomina \u00e8 stata raccomandata dal Provinciale della [&hellip;]<\/p>\n","protected":false},"author":3,"featured_media":18145,"comment_status":"closed","ping_status":"closed","sticky":false,"template":"","format":"standard","meta":{"_mi_skip_tracking":false},"categories":[13],"tags":[],"_links":{"self":[{"href":"https:\/\/www.cssr.news\/italian\/wp-json\/wp\/v2\/posts\/23835"}],"collection":[{"href":"https:\/\/www.cssr.news\/italian\/wp-json\/wp\/v2\/posts"}],"about":[{"href":"https:\/\/www.cssr.news\/italian\/wp-json\/wp\/v2\/types\/post"}],"author":[{"embeddable":true,"href":"https:\/\/www.cssr.news\/italian\/wp-json\/wp\/v2\/users\/3"}],"replies":[{"embeddable":true,"href":"https:\/\/www.cssr.news\/italian\/wp-json\/wp\/v2\/comments?post=23835"}],"version-history":[{"count":1,"href":"https:\/\/www.cssr.news\/italian\/wp-json\/wp\/v2\/posts\/23835\/revisions"}],"predecessor-version":[{"id":23836,"href":"https:\/\/www.cssr.news\/italian\/wp-json\/wp\/v2\/posts\/23835\/revisions\/23836"}],"wp:featuredmedia":[{"embeddable":true,"href":"https:\/\/www.cssr.news\/italian\/wp-json\/wp\/v2\/media\/18145"}],"wp:attachment":[{"href":"https:\/\/www.cssr.news\/italian\/wp-json\/wp\/v2\/media?parent=23835"}],"wp:term":[{"taxonomy":"category","embeddable":true,"href":"https:\/\/www.cssr.news\/italian\/wp-json\/wp\/v2\/categories?post=23835"},{"taxonomy":"post_tag","embeddable":true,"href":"https:\/\/www.cssr.news\/italian\/wp-json\/wp\/v2\/tags?post=23835"}],"curies":[{"name":"wp","href":"https:\/\/api.w.org\/{rel}","templated":true}]}}