{"id":23837,"date":"2023-12-19T20:33:00","date_gmt":"2023-12-19T18:33:00","guid":{"rendered":"https:\/\/www.cssr.news\/italian\/?p=23837"},"modified":"2023-12-20T08:36:52","modified_gmt":"2023-12-20T06:36:52","slug":"prospettive-del-nostro-carisma-e-della-nostra-missione-redentorista-in-unera-di-cambiamento","status":"publish","type":"post","link":"https:\/\/www.cssr.news\/italian\/2023\/12\/prospettive-del-nostro-carisma-e-della-nostra-missione-redentorista-in-unera-di-cambiamento\/","title":{"rendered":"Prospettive del nostro carisma e della nostra missione redentorista in un&#8217;era di cambiamento"},"content":{"rendered":"\n<p>I rapidi e drammatici cambiamenti del mondo odierno hanno portato la Congregazione negli ultimi anni lungo sentieri di cambiamento e ristrutturazione. Nel mezzo dei condizionamenti storici \u00e8 il carisma redentorista, quello che non cambia, che ci d\u00e0 coesione e unit\u00e0. Mentre manteniamo la continuit\u00e0 e la fedelt\u00e0 agli ideali fondativi di sant&#8217;Alfonso, il mondo secolarizzato ci chiede un atteggiamento di fedelt\u00e0 creativa che preservi la freschezza del nostro carisma e ci permetta di continuare ad essere annunciatori di vita abbondante nel Redentore. Questa \u00e8 stata l&#8217;intuizione degli ultimi capitoli generali che hanno visto l&#8217;emergere di nuove dimensioni nella configurazione della nostra identit\u00e0 e della nostra missione redentorista oggi.<\/p>\n\n\n\n<p>Per questo motivo, il Segretariato Generale per l&#8217;Evangelizzazione ha voluto avviare un percorso di riflessione e discernimento sullo stato e le tendenze della missione redentorista nel mondo secolarizzato di oggi. \u00c8 un cammino di preparazione all&#8217;anno giubilare 2025, anno dedicato anche alla missione, nell&#8217;ambito della Famiglia Redentorista. A tal fine, alcuni confratelli, associati laici e religiose condividono le loro esperienze nei luoghi specifici in cui svolgono la missione redentorista, e condividono anche le loro paure e speranze per il futuro.<\/p>\n\n\n\n<p>L&#8217;Avvento e il Natale ci ricordano che viviamo oggi il nostro carisma in attesa delle realt\u00e0 future. La speranza \u00e8 il motore della nostra missione, ed \u00e8 anche parte del suo contenuto, ed \u00e8 per questo che ci consideriamo missionari della speranza che camminano sulle orme del Redentore. La nostra storia e il nostro futuro sono alimentati dalla speranza e dall\u2019entusiasmo, quindi speriamo che con queste riflessioni possiamo leggere i segni dei tempi e possiamo continuare a portare agli altri un\u2019esperienza vivificante e liberante del Redentore, soprattutto ai pi\u00f9 poveri.<\/p>\n\n\n\n<p>Padre Cristian Bueno CSsR<br>Direttore del Segretariato Generale per l&#8217;Evangelizzazione<\/p>\n\n\n\n<figure class=\"wp-block-embed is-type-video is-provider-youtube wp-block-embed-youtube wp-embed-aspect-16-9 wp-has-aspect-ratio\"><div class=\"wp-block-embed__wrapper\">\nhttps:\/\/youtu.be\/gasABzdY0ZI?list=PL-VYrUYv7Wm4UbV9G4I3yxjzxhy9ti0go\n<\/div><\/figure>\n","protected":false},"excerpt":{"rendered":"<p>I rapidi e drammatici cambiamenti del mondo odierno hanno portato la Congregazione negli ultimi anni lungo sentieri di cambiamento e ristrutturazione. Nel mezzo dei condizionamenti storici \u00e8 il carisma redentorista, quello che non cambia, che ci d\u00e0 coesione e unit\u00e0. Mentre manteniamo la continuit\u00e0 e la fedelt\u00e0 agli ideali fondativi di sant&#8217;Alfonso, il mondo secolarizzato [&hellip;]<\/p>\n","protected":false},"author":3,"featured_media":15957,"comment_status":"closed","ping_status":"closed","sticky":false,"template":"","format":"standard","meta":{"_mi_skip_tracking":false},"categories":[31],"tags":[],"_links":{"self":[{"href":"https:\/\/www.cssr.news\/italian\/wp-json\/wp\/v2\/posts\/23837"}],"collection":[{"href":"https:\/\/www.cssr.news\/italian\/wp-json\/wp\/v2\/posts"}],"about":[{"href":"https:\/\/www.cssr.news\/italian\/wp-json\/wp\/v2\/types\/post"}],"author":[{"embeddable":true,"href":"https:\/\/www.cssr.news\/italian\/wp-json\/wp\/v2\/users\/3"}],"replies":[{"embeddable":true,"href":"https:\/\/www.cssr.news\/italian\/wp-json\/wp\/v2\/comments?post=23837"}],"version-history":[{"count":2,"href":"https:\/\/www.cssr.news\/italian\/wp-json\/wp\/v2\/posts\/23837\/revisions"}],"predecessor-version":[{"id":23839,"href":"https:\/\/www.cssr.news\/italian\/wp-json\/wp\/v2\/posts\/23837\/revisions\/23839"}],"wp:featuredmedia":[{"embeddable":true,"href":"https:\/\/www.cssr.news\/italian\/wp-json\/wp\/v2\/media\/15957"}],"wp:attachment":[{"href":"https:\/\/www.cssr.news\/italian\/wp-json\/wp\/v2\/media?parent=23837"}],"wp:term":[{"taxonomy":"category","embeddable":true,"href":"https:\/\/www.cssr.news\/italian\/wp-json\/wp\/v2\/categories?post=23837"},{"taxonomy":"post_tag","embeddable":true,"href":"https:\/\/www.cssr.news\/italian\/wp-json\/wp\/v2\/tags?post=23837"}],"curies":[{"name":"wp","href":"https:\/\/api.w.org\/{rel}","templated":true}]}}