{"id":23840,"date":"2023-12-20T19:33:44","date_gmt":"2023-12-20T17:33:44","guid":{"rendered":"https:\/\/www.cssr.news\/italian\/?p=23840"},"modified":"2023-12-21T20:51:35","modified_gmt":"2023-12-21T18:51:35","slug":"sii-aperto-al-messaggio-della-mangiatoia-di-gesu","status":"publish","type":"post","link":"https:\/\/www.cssr.news\/italian\/2023\/12\/sii-aperto-al-messaggio-della-mangiatoia-di-gesu\/","title":{"rendered":"Aprirsi al messaggio della mangiatoia di Ges\u00f9"},"content":{"rendered":"\n<p class=\"has-text-align-right\"><em>dal Blog dell&#8217;Accademia Alfonsiana<\/em><\/p>\n\n\n\n<p>Realizzando il presepe in questo Natale, potremo esprimere in modo suggestivo alcune verit\u00e0 fondamentali della nostra fede. Francesco d&#8217;Assisi inizi\u00f2 questa tradizione a Greccio ottocento anni fa, raffigurando magnificamente la vicinanza del Dio incarnato che si \u00e8 fatto tutt&#8217;uno con l&#8217;umanit\u00e0 e cammina al nostro fianco. Infatti, \u00abcon la semplicit\u00e0 di quel segno san Francesco comp\u00ec una grande opera di evangelizzazione\u00bb.<\/p>\n\n\n\n<p>\u00abGrazie a san Francesco, il popolo cristiano ha potuto percepire che nel Natale Dio \u00e8 diventato veramente l&#8217;\u201cEmmanuele\u201d, il Dio-con-noi dal quale nessuna barriera n\u00e9 alcuna distanza pu\u00f2 separarci. Cos\u00ec, in quel Bambino, Dio si \u00e8 fatto vicino a ciascuno di noi, cos\u00ec vicino che possiamo parlargli intimamente e stringere con Lui un rapporto di fiducia e di affetto profondo, come facciamo con ogni neonato\u00bb.<\/p>\n\n\n\n<p>In quell&#8217;umile mangiatoia, accoccolata tra il bue e l&#8217;asino, Francesco d&#8217;Assisi invita tutti a \u201csentire\u201d e \u201ctoccare con mano\u201d la vicinanza, la povert\u00e0 e la tenerezza del Bambino Ges\u00f9 che ha posto \u201cla sua dimora in mezzo a noi\u201d (Gv 1,14). \u201cDio appare come un bambino, da prendere in braccio. Dietro la debolezza e la fragilit\u00e0 si nasconde la sua potenza\u201d. Infatti, \u00abnel bambino Ges\u00f9, Dio si \u00e8 fatto dipendente, bisognoso dell\u2019amore umano\u00bb.<\/p>\n\n\n\n<p>Papa Francesco riconosce la forza evocativa del presepe, che \u00abci aiuta a immaginare la scena. Tocca il nostro cuore e ci fa entrare nella storia della salvezza\u201d. Spesso incorpora personaggi ed elementi provenienti dai diversi contesti culturali in cui viene esposto, permettendo agli osservatori di sentirsi \u201ccontemporanei dell&#8217;evento\u201d e di viverlo come vivido e reale.<\/p>\n\n\n\n<p>Il presepe pu\u00f2 servire, ad esempio, per esprimere che facciamo parte di una grande famiglia cosmica e che dobbiamo abbattere barriere e pregiudizi. Utilizziamo \u201ci materiali pi\u00f9 diversi\u201d, dimostrando cos\u00ec che nessuno va escluso. Spesso \u00abincludiamo rovine di case o edifici antichi\u00bb che servono come \u00absegni visibili dell&#8217;umanit\u00e0 decaduta\u00bb e allo stesso tempo ci incoraggiamo a riconoscere Ges\u00f9 come il Salvatore che \u00e8 venuto \u00abper guarire e ricostruire, per restaurare il mondo\u00bb. e la nostra vita\u201d.<\/p>\n\n\n\n<p>La presenza di pastori, mendicanti e altre persone umili ci ricorda che \u00absono gli umili e i poveri che salutano l&#8217;evento dell&#8217;Incarnazione\u00bb, mentre \u00abvediamo sullo sfondo il palazzo di Erode, chiuso e sordo allo sguardo annunzio di gioia\u00bb.<\/p>\n\n\n\n<p>Vedendo quegli umili personaggi provenienti da diverse professioni, siamo invitati anche noi ad abbracciare la mistica della vita ordinaria, che si concentra sulle relazioni quotidiane, cresce \u201cattraverso i piccoli gesti\u201d e incoraggia \u201ca compiere le azioni ordinarie in modo straordinario\u201d. Molte persone \u201csconosciute o dimenticate\u201d hanno incarnato questo stile di santit\u00e0.<\/p>\n\n\n\n<p>Celebrando il presepe di Greccio, Francesco trasmette alcune delle sue convinzioni profonde e invita tutti a vivere in prima persona il mistero della nascita di Cristo, trascendendo ogni celebrazione formale della stessa. Accogliendo il suo invito, celebriamo quest&#8217;anno con gioia e creativit\u00e0 il mistero del Natale, cos\u00ec da poter vedere il cielo stellato nell&#8217;oscurit\u00e0 della notte.<\/p>\n\n\n\n<p class=\"has-text-align-right\"><em>Mart\u00edn Carbajo-N\u00fa\u00f1ez, OFM<\/em><\/p>\n\n\n\n<p>(l&#8217;originale inglese sul sito dell&#8217;Accademia Alfonsiana)<\/p>\n","protected":false},"excerpt":{"rendered":"<p>dal Blog dell&#8217;Accademia Alfonsiana Realizzando il presepe in questo Natale, potremo esprimere in modo suggestivo alcune verit\u00e0 fondamentali della nostra fede. Francesco d&#8217;Assisi inizi\u00f2 questa tradizione a Greccio ottocento anni fa, raffigurando magnificamente la vicinanza del Dio incarnato che si \u00e8 fatto tutt&#8217;uno con l&#8217;umanit\u00e0 e cammina al nostro fianco. Infatti, \u00abcon la semplicit\u00e0 di [&hellip;]<\/p>\n","protected":false},"author":3,"featured_media":23844,"comment_status":"closed","ping_status":"closed","sticky":false,"template":"","format":"standard","meta":{"_mi_skip_tracking":false},"categories":[29],"tags":[],"_links":{"self":[{"href":"https:\/\/www.cssr.news\/italian\/wp-json\/wp\/v2\/posts\/23840"}],"collection":[{"href":"https:\/\/www.cssr.news\/italian\/wp-json\/wp\/v2\/posts"}],"about":[{"href":"https:\/\/www.cssr.news\/italian\/wp-json\/wp\/v2\/types\/post"}],"author":[{"embeddable":true,"href":"https:\/\/www.cssr.news\/italian\/wp-json\/wp\/v2\/users\/3"}],"replies":[{"embeddable":true,"href":"https:\/\/www.cssr.news\/italian\/wp-json\/wp\/v2\/comments?post=23840"}],"version-history":[{"count":4,"href":"https:\/\/www.cssr.news\/italian\/wp-json\/wp\/v2\/posts\/23840\/revisions"}],"predecessor-version":[{"id":23865,"href":"https:\/\/www.cssr.news\/italian\/wp-json\/wp\/v2\/posts\/23840\/revisions\/23865"}],"wp:featuredmedia":[{"embeddable":true,"href":"https:\/\/www.cssr.news\/italian\/wp-json\/wp\/v2\/media\/23844"}],"wp:attachment":[{"href":"https:\/\/www.cssr.news\/italian\/wp-json\/wp\/v2\/media?parent=23840"}],"wp:term":[{"taxonomy":"category","embeddable":true,"href":"https:\/\/www.cssr.news\/italian\/wp-json\/wp\/v2\/categories?post=23840"},{"taxonomy":"post_tag","embeddable":true,"href":"https:\/\/www.cssr.news\/italian\/wp-json\/wp\/v2\/tags?post=23840"}],"curies":[{"name":"wp","href":"https:\/\/api.w.org\/{rel}","templated":true}]}}