{"id":23853,"date":"2023-12-20T15:44:00","date_gmt":"2023-12-20T13:44:00","guid":{"rendered":"https:\/\/www.cssr.news\/italian\/?p=23853"},"modified":"2023-12-21T15:50:16","modified_gmt":"2023-12-21T13:50:16","slug":"primo-incontro-post-pandemia-del-gruppo-di-storici-redentoristi-del-nord-america","status":"publish","type":"post","link":"https:\/\/www.cssr.news\/italian\/2023\/12\/primo-incontro-post-pandemia-del-gruppo-di-storici-redentoristi-del-nord-america\/","title":{"rendered":"Primo incontro post-pandemia del Gruppo di Storici Redentoristi del Nord America"},"content":{"rendered":"\n<p>Quindici persone interessate alla storia della Congregazione del Santissimo Redentore hanno partecipato al primo incontro post-pandemia dell&#8217;Istituto per gli Studi Storici Redentoristi\/Nord America il 14 novembre. Spaziando da storici e archivisti redentoristi a Partner in Missione ed ex-alunni redentoristi e Amici, il gruppo risorto ha intenzione di incontrarsi di nuovo tramite Zoom dopo il nuovo anno e iniziare i preparativi per una conferenza proposta nel 2025.<\/p>\n\n\n\n<p>Nel 1987, un gruppo di archivisti e storici redentoristi provenienti da tutto il Nord America si incontr\u00f2 sul Monte Sant\u2019Alfonso a Esopus \u2013 in parte per realizzare il sogno che il Superiore Generale Juan Manuel Lasso de la Vega y Miranda espresse in un incontro di storici redentoristi da lui convocato a Roma, nell&#8217;estate del 1986. Li sfid\u00f2 a scrivere la storia della Congregazione.<\/p>\n\n\n\n<p>A quel tempo, aveva previsto uno sguardo indietro per individuare le correnti di interesse che guidavano i Redentoristi nel passato.<\/p>\n\n\n\n<p>\u201cNon vogliamo ripetere il passato nel presente \u2013 ha detto \u2013 ma vogliamo conoscere le gesta del passato e cosa le ha motivate, per scoprire il nostro proprio modo di essere e di agire nel mondo\u2026 rimanendo sempre fedele a ci\u00f2 che \u00e8 duraturo e allo sviluppo della creativit\u00e0, essa stessa essenziale alla fedelt\u00e0\u201d.<\/p>\n\n\n\n<p>Quelli riuniti condividevano l&#8217;amore per la storia redentorista nel Nord America e speravano di condividere la loro ricchezza di conoscenze. Anche se da allora il gruppo ha assunto diversi nomi, il desiderio di studiare e condividere la storia redentorista del Nord America \u00e8 rimasto. Nel corso degli anni, il gruppo ha condiviso quella storia in vari modi.<\/p>\n\n\n\n<p>Hanno pubblicato il Bollettino redentorista di storia nordamericana. La prima edizione \u00e8 stata pubblicata nell&#8217;aprile 1994 e da allora il bollettino viene pubblicato regolarmente. Il bollettino offre articoli interessanti sulla presenza redentorista nel Nord America.<\/p>\n\n\n\n<p>Hanno pubblicato diversi lavori aggiuntivi, che vanno da &#8220;Lavorare per la redenzione abbondante&#8221;. Una storia della Vice Provincia Redentorista di New Orleans\u201d di p. Gerry Bass a \u201cIl diario della guerra civile del Rev. James Sheeran, C.Ss.R.: Cappellano confederato e Redentorista\u201d.<\/p>\n\n\n\n<p>Dal 1999, il gruppo ha offerto otto conferenze pubbliche sulla storia redentorista del Nord America. L&#8217;ultima conferenza si \u00e8 tenuta nel 2019 presso il Centro di ritiri redentoristi di Oconomowoc. La prossima conferenza \u00e8 gi\u00e0 stata programmata dal 20 al 22 maggio 2025 presso il Centro ritiri Nostra Signora del Perpetuo Soccorso a Houston.<\/p>\n\n\n\n<p><em>di Rich Luberti, C.Ss.R.,<\/em><br>(Denverlink, numero del 15 dicembre 2023)<\/p>\n","protected":false},"excerpt":{"rendered":"<p>Quindici persone interessate alla storia della Congregazione del Santissimo Redentore hanno partecipato al primo incontro post-pandemia dell&#8217;Istituto per gli Studi Storici Redentoristi\/Nord America il 14 novembre. Spaziando da storici e archivisti redentoristi a Partner in Missione ed ex-alunni redentoristi e Amici, il gruppo risorto ha intenzione di incontrarsi di nuovo tramite Zoom dopo il nuovo [&hellip;]<\/p>\n","protected":false},"author":3,"featured_media":23854,"comment_status":"closed","ping_status":"closed","sticky":false,"template":"","format":"standard","meta":{"_mi_skip_tracking":false},"categories":[2],"tags":[],"_links":{"self":[{"href":"https:\/\/www.cssr.news\/italian\/wp-json\/wp\/v2\/posts\/23853"}],"collection":[{"href":"https:\/\/www.cssr.news\/italian\/wp-json\/wp\/v2\/posts"}],"about":[{"href":"https:\/\/www.cssr.news\/italian\/wp-json\/wp\/v2\/types\/post"}],"author":[{"embeddable":true,"href":"https:\/\/www.cssr.news\/italian\/wp-json\/wp\/v2\/users\/3"}],"replies":[{"embeddable":true,"href":"https:\/\/www.cssr.news\/italian\/wp-json\/wp\/v2\/comments?post=23853"}],"version-history":[{"count":1,"href":"https:\/\/www.cssr.news\/italian\/wp-json\/wp\/v2\/posts\/23853\/revisions"}],"predecessor-version":[{"id":23855,"href":"https:\/\/www.cssr.news\/italian\/wp-json\/wp\/v2\/posts\/23853\/revisions\/23855"}],"wp:featuredmedia":[{"embeddable":true,"href":"https:\/\/www.cssr.news\/italian\/wp-json\/wp\/v2\/media\/23854"}],"wp:attachment":[{"href":"https:\/\/www.cssr.news\/italian\/wp-json\/wp\/v2\/media?parent=23853"}],"wp:term":[{"taxonomy":"category","embeddable":true,"href":"https:\/\/www.cssr.news\/italian\/wp-json\/wp\/v2\/categories?post=23853"},{"taxonomy":"post_tag","embeddable":true,"href":"https:\/\/www.cssr.news\/italian\/wp-json\/wp\/v2\/tags?post=23853"}],"curies":[{"name":"wp","href":"https:\/\/api.w.org\/{rel}","templated":true}]}}