{"id":23973,"date":"2024-01-09T08:40:00","date_gmt":"2024-01-09T06:40:00","guid":{"rendered":"https:\/\/www.cssr.news\/italian\/?p=23973"},"modified":"2024-01-10T08:46:22","modified_gmt":"2024-01-10T06:46:22","slug":"ecologia-ed-evangelizzazione","status":"publish","type":"post","link":"https:\/\/www.cssr.news\/italian\/2024\/01\/ecologia-ed-evangelizzazione\/","title":{"rendered":"Ecologia ed evangelizzazione"},"content":{"rendered":"\n<p class=\"has-text-align-right\">(l&#8217;originale in spagnolo nel Blog dell&#8217;Accademia Alfonsiana)<\/p>\n\n\n\n<p>L&#8217;ecologia deve essere presente nell&#8217;evangelizzazione della Chiesa. Evangelizzare \u00e8 testimoniare una vita coerente con il Vangelo, compreso il nostro comportamento nel campo dell&#8217;ecologia. Infatti, \u00abvivere la vocazione di essere custodi dell&#8217;opera di Dio \u00e8 parte essenziale di un&#8217;esistenza virtuosa\u00bb[1].<\/p>\n\n\n\n<p>La prospettiva deve essere globale, perch\u00e9 formiamo una grande famiglia e tutto \u00e8 correlato. Di conseguenza, \u00abl&#8217;azione della Chiesa non solo vuole ricordare il dovere della cura della natura, ma nello stesso tempo deve proteggere soprattutto l&#8217;uomo contro la distruzione di se stesso\u00bb (LS 79; CV 51).<\/p>\n\n\n\n<p>Questo annuncio evangelizzatore \u00ababbraccia tutte le dimensioni dell&#8217;esistenza umana\u00bb (EG 181). Commentando un testo delle Confessioni (X 6,8) di sant&#8217;Agostino, J. Moltmann mostra una spiritualit\u00e0 incarnata, che comprende tutti i sensi.<\/p>\n\n\n\n<p>\u201cQuando amo Dio, allora amo la bellezza dei corpi, il ritmo dei movimenti, lo splendore degli occhi, gli abbracci, i sentimenti, i profumi, i suoni di questa variegata creazione. Vorrei abbracciare tutto quando io, mio \u200b\u200bDio, ti amo, perch\u00e9 ti amo con tutti i sensi concentrati sulle creature del tuo amore. Tu mi aspetti in tutte le cose che mi incontrano\u201d[2].<\/p>\n\n\n\n<p>Il vangelo di Marco si conclude con queste parole: \u00abAnnunciate la Buona Novella a tutta la creazione\u00bb (Mc 16,15), indicando cos\u00ec che l&#8217;annuncio evangelizzatore \u00e8 rivolto anche alle altre creature. La terra \u00abaspetta con ansia questa rivelazione\u00bb (Rm 9,19) e, nell&#8217;attesa, i suoi gemiti si uniscono al grido dei poveri e degli abbandonati. Entrambi sono inseparabili. Il profeta Osea lo esprime con queste parole:<\/p>\n\n\n\n<p><em>\u201cNon c\u2019\u00e8 pi\u00f9 fedelt\u00e0, amore o conoscenza di Dio su questa terra; ma spergiuro e menzogna, omicidio e furto, adulterio e violenza, sangue su sangue. Perci\u00f2 la terra \u00e8 in lutto e tutto ci\u00f2 che la abita \u00e8 inaridito, anche le bestie della campagna e gli uccelli del cielo; e anche i pesci del mare scompaiono&#8221;<\/em> (Os 4,1-3).<\/p>\n\n\n\n<p>L&#8217;evangelizzazione non \u00e8 tanto un processo lineare di trasmissione di contenuti, quanto piuttosto un processo interattivo, dinamico, una ricerca reciproca dei \u201csemi del Verbo\u201d gi\u00e0 presenti in tutti gli uomini. Questa interattivit\u00e0 deve avvenire, in un certo modo, anche con le altre creature, poich\u00e9 ciascuna di esse \u00abporta in s\u00e9 una struttura propriamente trinitaria\u00bb e, quindi, possiamo \u00ableggere la realt\u00e0 in chiave trinitaria\u00bb (LS 239).<\/p>\n\n\n\n<p>Francesco d&#8217;Assisi ha vissuto pienamente questa reciprocit\u00e0. Le creature \u00abpercepirono l&#8217;amore dolcissimo che egli provava per loro\u00bb[3]. D&#8217;altra parte, Francesco beneficia dell&#8217;aiuto che le creature gli offrono. Unendosi al loro canto di lode, Francesco riesce a superare la propria indegnit\u00e0, perch\u00e9 \u00abnessuno \u00e8 degno di menzionarti\u00bb (Cant 2). Infatti, \u00abnoi, miserabili e peccatori, non siamo degni di nominarti\u00bb (Rnb 23,5), mentre \u00abtutte le creature che sono sotto il cielo, in se stesse, servono, conoscono e obbediscono al loro Creatore meglio di te\u00bb. 5,2). Cos\u00ec, \u201ccon\u201d tutte le creature (cant. 3) e \u201cattraverso\u201d esse (cant. 5-9), Francesco loda il Creatore.<\/p>\n\n\n\n<p>Tutte le creature esistono nell&#8217;Amore divino e lo proclamano per il semplice fatto di essere se stesse. Siamo chiamati a unirci a quel canto di lode, mentre cerchiamo di anticipare l&#8217;arrivo dei nuovi cieli e della nuova terra (2Pt 3,13).<\/p>\n\n\n\n<p class=\"has-text-align-right\"><em>Mart\u00edn Carbajo-N\u00fa\u00f1ez, OFM<\/em><\/p>\n\n\n\n<hr class=\"wp-block-separator\"\/>\n\n\n\n<p><a href=\"https:\/\/www.alfonsiana.org\/blog\/2024\/01\/09\/ecologia-y-evangelizacion\/#_ednref1\">[1]<\/a>&nbsp;<em>LS&nbsp;<\/em>217. Parte del contenido de estosp\u00e1rrafos est\u00e1 tomado del n\u00famero monogr\u00e1fico: M. Carbajo-N\u00fa\u00f1ez, \u00ab\u201cProclamad la Buena Nueva a toda la creaci\u00f3n\u201d (Mc 16,15). Ecolog\u00eda integral y evangelizaci\u00f3n\u00bb (N\u00famero monogr\u00e1fico), en&nbsp;<em>Frontera Hegian<\/em>. Cuadernos de Formaci\u00f3n Permanente de VR, n. 121\/3 (2023) 91 p\u00e1ginas.<\/p>\n\n\n\n<p><a href=\"https:\/\/www.alfonsiana.org\/blog\/2024\/01\/09\/ecologia-y-evangelizacion\/#_ednref2\">[2]<\/a>&nbsp;J. Moltmann,&nbsp;<em>Lo Spirito della vita. Per una pneumatologia integrale<\/em>, Brescia 1994, 119.<\/p>\n\n\n\n<p><a href=\"https:\/\/www.alfonsiana.org\/blog\/2024\/01\/09\/ecologia-y-evangelizacion\/#_ednref3\">[3]<\/a>&nbsp;<em>1Cel<\/em>&nbsp;59. Abreviaciones franciscanas:&nbsp;<em>Adm<\/em>, Admonici\u00f3n;&nbsp;<em>C\u00e1nt<\/em>, C\u00e1ntico del hermano sol;&nbsp;<em>Rnb<\/em>, Regla no bulada;&nbsp;<em>1Cel<\/em>, Vida primera; en: Guerra J.A. (ed.),&nbsp;<em>San Francisco de As\u00eds. Escritos, biograf\u00edas, documentos de la \u00e9poca<\/em>, BAC, Madrid 2013.<\/p>\n","protected":false},"excerpt":{"rendered":"<p>(l&#8217;originale in spagnolo nel Blog dell&#8217;Accademia Alfonsiana) L&#8217;ecologia deve essere presente nell&#8217;evangelizzazione della Chiesa. Evangelizzare \u00e8 testimoniare una vita coerente con il Vangelo, compreso il nostro comportamento nel campo dell&#8217;ecologia. Infatti, \u00abvivere la vocazione di essere custodi dell&#8217;opera di Dio \u00e8 parte essenziale di un&#8217;esistenza virtuosa\u00bb[1]. La prospettiva deve essere globale, perch\u00e9 formiamo una grande [&hellip;]<\/p>\n","protected":false},"author":3,"featured_media":23974,"comment_status":"closed","ping_status":"closed","sticky":false,"template":"","format":"standard","meta":{"_mi_skip_tracking":false},"categories":[29],"tags":[],"_links":{"self":[{"href":"https:\/\/www.cssr.news\/italian\/wp-json\/wp\/v2\/posts\/23973"}],"collection":[{"href":"https:\/\/www.cssr.news\/italian\/wp-json\/wp\/v2\/posts"}],"about":[{"href":"https:\/\/www.cssr.news\/italian\/wp-json\/wp\/v2\/types\/post"}],"author":[{"embeddable":true,"href":"https:\/\/www.cssr.news\/italian\/wp-json\/wp\/v2\/users\/3"}],"replies":[{"embeddable":true,"href":"https:\/\/www.cssr.news\/italian\/wp-json\/wp\/v2\/comments?post=23973"}],"version-history":[{"count":1,"href":"https:\/\/www.cssr.news\/italian\/wp-json\/wp\/v2\/posts\/23973\/revisions"}],"predecessor-version":[{"id":23975,"href":"https:\/\/www.cssr.news\/italian\/wp-json\/wp\/v2\/posts\/23973\/revisions\/23975"}],"wp:featuredmedia":[{"embeddable":true,"href":"https:\/\/www.cssr.news\/italian\/wp-json\/wp\/v2\/media\/23974"}],"wp:attachment":[{"href":"https:\/\/www.cssr.news\/italian\/wp-json\/wp\/v2\/media?parent=23973"}],"wp:term":[{"taxonomy":"category","embeddable":true,"href":"https:\/\/www.cssr.news\/italian\/wp-json\/wp\/v2\/categories?post=23973"},{"taxonomy":"post_tag","embeddable":true,"href":"https:\/\/www.cssr.news\/italian\/wp-json\/wp\/v2\/tags?post=23973"}],"curies":[{"name":"wp","href":"https:\/\/api.w.org\/{rel}","templated":true}]}}