{"id":23984,"date":"2024-01-10T16:06:00","date_gmt":"2024-01-10T14:06:00","guid":{"rendered":"https:\/\/www.cssr.news\/italian\/?p=23984"},"modified":"2024-01-12T11:59:20","modified_gmt":"2024-01-12T09:59:20","slug":"in-colombia-inizia-la-seconda-parte-del-noviziato","status":"publish","type":"post","link":"https:\/\/www.cssr.news\/italian\/2024\/01\/in-colombia-inizia-la-seconda-parte-del-noviziato\/","title":{"rendered":"In Colombia inizia il Secondo Noviziato"},"content":{"rendered":"\n<p>Il Secondo Noviziato, un periodo di preparazione per la professione perpetua, \u00e8 iniziato luned\u00ec scorso (08), a Piedecuesta, Colombia, con la Messa di apertura presieduta dal Maestro dei Novizi, Padre Ronaldo Mendon\u00e7a, C.Ss.R., della Provincia di Curitiba, e concelebrata dai Padri Carlos P\u00e9rez Trivino, C.Ss.R, della Provincia Pedro Donders, e F\u00e1bio C\u00e1rdenas, C.Ss.R, della Provincia Andina-Caraibica. Erano presenti i Missionari Redentoristi di Casa Mantilla e anche i giovani del Noviziato San Alfonso.<\/p>\n\n\n\n<p>Il corso di preparazione ai voti perpetui, della durata di 40 giorni, riunisce 19 giovani provenienti da diverse Unit\u00e0 Redentoriste dell&#8217;America Latina e dei Caraibi. Dalla Provincia Nossa Senhora Aparecida, p. Tiago Costa, C.Ss.R., p. Guilherme Dias, C.Ss.R. e p. Jo\u00edlson Ramos, C.Ss.R partecipano a questa tappa formativa.<\/p>\n\n\n\n<p>Fino al 18 febbraio i giovani approfondiranno le loro esperienze di consacrati Redentoristi e si dedicheranno pi\u00f9 intensamente alla loro vocazione, riprendendo elementi importanti della missione e della spiritualit\u00e0 redentorista. Lo scopo del corso \u00e8 quello di aiutare i junior a preparare una sintesi personale ed esistenziale della loro vita, favorire l&#8217;integrazione con il carisma redentorista e rafforzare il dinamismo missionario.<\/p>\n\n\n\n<p>Preghiamo affinch\u00e9 il viaggio spirituale dei giovani Redentoristi continui a crescere nello spirito di Sant&#8217;Alfonso e che Maria, nostra Madre del Perpetuo Soccorso, interceda per loro.<\/p>\n\n\n\n<p>(provinciadorio.org.br)<\/p>\n","protected":false},"excerpt":{"rendered":"<p>Il Secondo Noviziato, un periodo di preparazione per la professione perpetua, \u00e8 iniziato luned\u00ec scorso (08), a Piedecuesta, Colombia, con la Messa di apertura presieduta dal Maestro dei Novizi, Padre Ronaldo Mendon\u00e7a, C.Ss.R., della Provincia di Curitiba, e concelebrata dai Padri Carlos P\u00e9rez Trivino, C.Ss.R, della Provincia Pedro Donders, e F\u00e1bio C\u00e1rdenas, C.Ss.R, della Provincia [&hellip;]<\/p>\n","protected":false},"author":3,"featured_media":23985,"comment_status":"closed","ping_status":"closed","sticky":false,"template":"","format":"standard","meta":{"_mi_skip_tracking":false},"categories":[14],"tags":[],"_links":{"self":[{"href":"https:\/\/www.cssr.news\/italian\/wp-json\/wp\/v2\/posts\/23984"}],"collection":[{"href":"https:\/\/www.cssr.news\/italian\/wp-json\/wp\/v2\/posts"}],"about":[{"href":"https:\/\/www.cssr.news\/italian\/wp-json\/wp\/v2\/types\/post"}],"author":[{"embeddable":true,"href":"https:\/\/www.cssr.news\/italian\/wp-json\/wp\/v2\/users\/3"}],"replies":[{"embeddable":true,"href":"https:\/\/www.cssr.news\/italian\/wp-json\/wp\/v2\/comments?post=23984"}],"version-history":[{"count":3,"href":"https:\/\/www.cssr.news\/italian\/wp-json\/wp\/v2\/posts\/23984\/revisions"}],"predecessor-version":[{"id":23999,"href":"https:\/\/www.cssr.news\/italian\/wp-json\/wp\/v2\/posts\/23984\/revisions\/23999"}],"wp:featuredmedia":[{"embeddable":true,"href":"https:\/\/www.cssr.news\/italian\/wp-json\/wp\/v2\/media\/23985"}],"wp:attachment":[{"href":"https:\/\/www.cssr.news\/italian\/wp-json\/wp\/v2\/media?parent=23984"}],"wp:term":[{"taxonomy":"category","embeddable":true,"href":"https:\/\/www.cssr.news\/italian\/wp-json\/wp\/v2\/categories?post=23984"},{"taxonomy":"post_tag","embeddable":true,"href":"https:\/\/www.cssr.news\/italian\/wp-json\/wp\/v2\/tags?post=23984"}],"curies":[{"name":"wp","href":"https:\/\/api.w.org\/{rel}","templated":true}]}}