{"id":24058,"date":"2024-01-21T08:53:00","date_gmt":"2024-01-21T06:53:00","guid":{"rendered":"https:\/\/www.cssr.news\/italian\/?p=24058"},"modified":"2024-01-23T16:49:50","modified_gmt":"2024-01-23T14:49:50","slug":"una-giornata-di-riflessione-a-roma-costruire-comunita-oggi-come-redentoristi","status":"publish","type":"post","link":"https:\/\/www.cssr.news\/italian\/2024\/01\/una-giornata-di-riflessione-a-roma-costruire-comunita-oggi-come-redentoristi\/","title":{"rendered":"Una giornata di riflessione a Roma: \u201cCostruire comunit\u00e0 oggi come Redentoristi\u201d"},"content":{"rendered":"\n<p>Quella di sabato 20 gennaio 2024 \u00e8 stata una giornata di formazione permanente per tutta la comunit\u00e0 di San Alfonso (I membri del Governo generale, i confratelli della Curia generalizia, i confratelli dell&#8217;Accademia Alfonsiana, i confratelli del Collegio Maggiore, i confratelli che operano a vario titolo nella Chiesa e nella comunit\u00e0). Padre Serafino Fiore, C.Ss.R., gi\u00e0 Consultore Generale e Provinciale della Provincia di Napoli, ha offerto una riflessione sulla vita comunitaria. Ha scelto di parlare della sfida di costruire una comunit\u00e0 oggi come Redentoristi. Padre Serafino ha parlato con molta passione ed entusiasmo ricordando ai confratelli che le nostre Costituzioni e Statuti Redentoristi contengono forse la migliore presentazione della Vita Comunitaria mai scritta tenendo conto delle diverse dimensioni della Comunit\u00e0 (Comunit\u00e0 di Preghiera, di Persone, di Lavoro, di Conversione, di Comunit\u00e0 aperta, ecc.). La sua riflessione si \u00e8 concentrata sull&#8217;unicit\u00e0 della Comunit\u00e0 di Sant&#8217;Alfonso che conta oltre 60 membri ed \u00e8 pi\u00f9 grande di molte province della Congregazione con tanta ricchezza di cultura, nazionalit\u00e0, lingua, et\u00e0, esperienza, apprendimento e confratelli al servizio della Congregazione in diverse capacit\u00e0 e consapevoli anche della natura transitoria della comunit\u00e0, con confratelli che restano solo per pochi anni. Sebbene sia una sfida costruire comunit\u00e0 in una comunit\u00e0 cos\u00ec diversa e multiforme, \u00e8 una chiamata che dobbiamo abbracciare ogni giorno per vivere come comunit\u00e0 nella nostra vita consacrata. Proprio come un uccello costruisce con cura il suo nido, con tanta cura e tenacia noi ogni giorno dobbiamo costruire e edificare la nostra comunit\u00e0.<\/p>\n\n\n\n<figure class=\"wp-block-gallery columns-3 is-cropped\"><ul class=\"blocks-gallery-grid\"><li class=\"blocks-gallery-item\"><figure><a href=\"http:\/\/www.cssr.news\/wp-content\/uploads\/2024\/01\/A7407563-scaled.jpg\"><img src=\"http:\/\/www.cssr.news\/wp-content\/uploads\/2024\/01\/A7407563-1024x683.jpg\" alt=\"\" data-id=\"30357\" data-full-url=\"http:\/\/www.cssr.news\/wp-content\/uploads\/2024\/01\/A7407563-scaled.jpg\" data-link=\"https:\/\/www.cssr.news\/?attachment_id=30357\" class=\"wp-image-30357\"\/><\/a><\/figure><\/li><li class=\"blocks-gallery-item\"><figure><a href=\"http:\/\/www.cssr.news\/wp-content\/uploads\/2024\/01\/A7407506-scaled.jpg\"><img src=\"http:\/\/www.cssr.news\/wp-content\/uploads\/2024\/01\/A7407506-1024x683.jpg\" alt=\"\" data-id=\"30355\" data-full-url=\"http:\/\/www.cssr.news\/wp-content\/uploads\/2024\/01\/A7407506-scaled.jpg\" data-link=\"https:\/\/www.cssr.news\/?attachment_id=30355\" class=\"wp-image-30355\"\/><\/a><\/figure><\/li><li class=\"blocks-gallery-item\"><figure><a href=\"http:\/\/www.cssr.news\/wp-content\/uploads\/2024\/01\/A7407498-scaled.jpg\"><img src=\"http:\/\/www.cssr.news\/wp-content\/uploads\/2024\/01\/A7407498-1024x683.jpg\" alt=\"\" data-id=\"30354\" data-full-url=\"http:\/\/www.cssr.news\/wp-content\/uploads\/2024\/01\/A7407498-scaled.jpg\" data-link=\"https:\/\/www.cssr.news\/?attachment_id=30354\" class=\"wp-image-30354\"\/><\/a><\/figure><\/li><li class=\"blocks-gallery-item\"><figure><a href=\"http:\/\/www.cssr.news\/wp-content\/uploads\/2024\/01\/A7407560-scaled.jpg\"><img src=\"http:\/\/www.cssr.news\/wp-content\/uploads\/2024\/01\/A7407560-1024x683.jpg\" alt=\"\" data-id=\"30356\" data-full-url=\"http:\/\/www.cssr.news\/wp-content\/uploads\/2024\/01\/A7407560-scaled.jpg\" data-link=\"https:\/\/www.cssr.news\/?attachment_id=30356\" class=\"wp-image-30356\"\/><\/a><\/figure><\/li><li class=\"blocks-gallery-item\"><figure><a href=\"http:\/\/www.cssr.news\/wp-content\/uploads\/2024\/01\/A7407567-scaled.jpg\"><img src=\"http:\/\/www.cssr.news\/wp-content\/uploads\/2024\/01\/A7407567-1024x683.jpg\" alt=\"\" data-id=\"30358\" data-full-url=\"http:\/\/www.cssr.news\/wp-content\/uploads\/2024\/01\/A7407567-scaled.jpg\" data-link=\"https:\/\/www.cssr.news\/?attachment_id=30358\" class=\"wp-image-30358\"\/><\/a><\/figure><\/li><\/ul><\/figure>\n\n\n\n<p>Padre Serafino, utilizzando la sua vasta esperienza come Redentorista, Consultore Generale e Provinciale, ha posto domande semplici ma stimolanti: cosa possiamo dire di pi\u00f9 sulla vita comunitaria? Cosa possiamo fare di pi\u00f9 per la nostra vita comunitaria? Cosa e come utilizzare i Documenti sulla vita comunitaria (Le nostre Costituzioni e Statuti, il Documento finale del XXVI Capitolo generale, la Lettera del P. Generale sulla vita comunitaria pubblicata lo scorso anno a dicembre?<\/p>\n\n\n\n<p>Padre Serafino ha scelto tre punti importanti su cui riflettere in risposta alle domande di cui sopra per lavorare insieme verso una visione comune di vita comunitaria per l&#8217;intera comunit\u00e0.<\/p>\n\n\n\n<p><strong>Innanzitutto, fede e vita fraterna.<\/strong> Ha posto una domanda provocatoria: \u201cCosa ci fa dire che fede e comunit\u00e0 stanno insieme? Al centro stesso della nostra fede c&#8217;\u00e8 il nostro rapporto con Dio rafforzato e approfondito attraverso la preghiera e la meditazione personale e comunitaria. Citando la lettera del Generale  ha detto: \u201cUna comunit\u00e0 religiosa che non ha un rapporto con Dio \u00e8 vuota. Il rapporto con Dio include la preghiera personale e comunitaria\u201d. Padre Serafino ha parlato con grande passione della necessit\u00e0 della dimensione contemplativa della preghiera nella vita di un Redentorista che alimenta la nostra vita comunitaria. Citando Sant&#8217;Alfonso, Thomas Merton e la Costituzione n. 24, ha mostrato quanto sia necessaria nella vita quotidiana di un Redentorista la contemplazione che gli permette di vedere la sua vita come un dono di un Dio amorevole e come \u00e8 chiamato a fare dono di la sua vita allo stesso Dio amorevole e ai suoi confratelli.<\/p>\n\n\n\n<p><strong>Secondo: a che punto siamo? <\/strong>In questa sezione padre Serafino ha approfondito e invitato i confratelli ad interrogarsi sulla qualit\u00e0 della nostra vita comunitaria. Riferendosi alla lettera del Padre Generale sulla vita comunitaria, ha voluto sottolineare che \u201cla comunit\u00e0 \u00e8 il luogo dove condividiamo la nostra esistenza, la nostra storia di salvezza e le nostre memorie di redenzione\u201d.<\/p>\n\n\n\n<p><strong>Terzo,<\/strong> <strong>l&#8217;umilt\u00e0.<\/strong> Padre Serafino ha insistito sull\u2019importanza dell\u2019Umilt\u00e0 per imparare dalla vita, dai laici, dalla propria esperienza di vita e per un processo sinodale nella vita comunitaria quotidiana. Ha citato diversi momenti della vita di Sant&#8217;Alfonso in cui Sant&#8217;Alfonso con grande umilt\u00e0 era aperto all&#8217;apprendimento. Padre Serafino ha concluso la sua riflessione sulla necessit\u00e0 dell\u2019umilt\u00e0 per costruire la vita comunitaria con le seguenti parole: \u201c\u00c8 impossibile all\u2019uomo ma non a Dio. La sua grazia pu\u00f2 tutto, a patto di fare un cammino a ritroso, e dedicarci ad un esercizio altrettanto costante e paziente, per riscoprire qualunque motivo profondo della nostra consacrazione o ministero: sia un vero rapporto d&#8217;amore con Ges\u00f9 Cristo, sia una retta intenzione, sia la verit\u00e0 con noi stessi. Ma anche per questo esercizio ci vuole molta umilt\u00e0\u201d.<\/p>\n\n\n\n<figure class=\"wp-block-gallery columns-3 is-cropped\"><ul class=\"blocks-gallery-grid\"><li class=\"blocks-gallery-item\"><figure><a href=\"http:\/\/www.cssr.news\/wp-content\/uploads\/2024\/01\/A7407595-scaled.jpg\"><img src=\"http:\/\/www.cssr.news\/wp-content\/uploads\/2024\/01\/A7407595-1024x683.jpg\" alt=\"\" data-id=\"30359\" data-full-url=\"http:\/\/www.cssr.news\/wp-content\/uploads\/2024\/01\/A7407595-scaled.jpg\" data-link=\"https:\/\/www.cssr.news\/?attachment_id=30359\" class=\"wp-image-30359\"\/><\/a><\/figure><\/li><li class=\"blocks-gallery-item\"><figure><a href=\"http:\/\/www.cssr.news\/wp-content\/uploads\/2024\/01\/A7407598-scaled.jpg\"><img src=\"http:\/\/www.cssr.news\/wp-content\/uploads\/2024\/01\/A7407598-1024x683.jpg\" alt=\"\" data-id=\"30360\" data-full-url=\"http:\/\/www.cssr.news\/wp-content\/uploads\/2024\/01\/A7407598-scaled.jpg\" data-link=\"https:\/\/www.cssr.news\/?attachment_id=30360\" class=\"wp-image-30360\"\/><\/a><\/figure><\/li><li class=\"blocks-gallery-item\"><figure><a href=\"http:\/\/www.cssr.news\/wp-content\/uploads\/2024\/01\/A7407612-scaled.jpg\"><img src=\"http:\/\/www.cssr.news\/wp-content\/uploads\/2024\/01\/A7407612-1024x683.jpg\" alt=\"\" data-id=\"30363\" data-full-url=\"http:\/\/www.cssr.news\/wp-content\/uploads\/2024\/01\/A7407612-scaled.jpg\" data-link=\"https:\/\/www.cssr.news\/?attachment_id=30363\" class=\"wp-image-30363\"\/><\/a><\/figure><\/li><li class=\"blocks-gallery-item\"><figure><a href=\"http:\/\/www.cssr.news\/wp-content\/uploads\/2024\/01\/A7407608-scaled.jpg\"><img src=\"http:\/\/www.cssr.news\/wp-content\/uploads\/2024\/01\/A7407608-1024x683.jpg\" alt=\"\" data-id=\"30361\" data-full-url=\"http:\/\/www.cssr.news\/wp-content\/uploads\/2024\/01\/A7407608-scaled.jpg\" data-link=\"https:\/\/www.cssr.news\/?attachment_id=30361\" class=\"wp-image-30361\"\/><\/a><\/figure><\/li><li class=\"blocks-gallery-item\"><figure><a href=\"http:\/\/www.cssr.news\/wp-content\/uploads\/2024\/01\/A7407611-scaled.jpg\"><img src=\"http:\/\/www.cssr.news\/wp-content\/uploads\/2024\/01\/A7407611-1024x683.jpg\" alt=\"\" data-id=\"30362\" data-full-url=\"http:\/\/www.cssr.news\/wp-content\/uploads\/2024\/01\/A7407611-scaled.jpg\" data-link=\"https:\/\/www.cssr.news\/?attachment_id=30362\" class=\"wp-image-30362\"\/><\/a><\/figure><\/li><li class=\"blocks-gallery-item\"><figure><a href=\"http:\/\/www.cssr.news\/wp-content\/uploads\/2024\/01\/A7407629-scaled.jpg\"><img src=\"http:\/\/www.cssr.news\/wp-content\/uploads\/2024\/01\/A7407629-1024x683.jpg\" alt=\"\" data-id=\"30365\" data-full-url=\"http:\/\/www.cssr.news\/wp-content\/uploads\/2024\/01\/A7407629-scaled.jpg\" data-link=\"https:\/\/www.cssr.news\/?attachment_id=30365\" class=\"wp-image-30365\"\/><\/a><\/figure><\/li><li class=\"blocks-gallery-item\"><figure><a href=\"http:\/\/www.cssr.news\/wp-content\/uploads\/2024\/01\/A7407618-scaled.jpg\"><img src=\"http:\/\/www.cssr.news\/wp-content\/uploads\/2024\/01\/A7407618-1024x683.jpg\" alt=\"\" data-id=\"30364\" data-full-url=\"http:\/\/www.cssr.news\/wp-content\/uploads\/2024\/01\/A7407618-scaled.jpg\" data-link=\"https:\/\/www.cssr.news\/?attachment_id=30364\" class=\"wp-image-30364\"\/><\/a><\/figure><\/li><\/ul><\/figure>\n\n\n\n<p>Successivamente, padre Serafino \u00e8 stato il celebrante principale e ha offerto l&#8217;omelia dell&#8217;Eucaristia comunitaria nella Cappella della Comunit\u00e0 a San Alfonso. Ha riflettuto ancora una volta sulle letture del giorno con un eloquente riferimento a vari momenti della vita di Sant&#8217;Alfonso e al suo zelo per la missione come Ges\u00f9 e al suo zelo per il Regno, e ancora a vari momenti della vita di Sant&#8217;Alfonso che fu considerato pazzo per alcune sue decisioni a favore dei poveri e degli abbandonati come Ges\u00f9, la cui famiglia lo riteneva pazzo e per questo volle incarcerarlo. Padre Serafino ha sottolineato la follia dell&#8217;amore nel cuore di un Dio pazzo d&#8217;amore per noi, che era l&#8217;essenza degli scritti di Sant&#8217;Alfonso.<\/p>\n\n\n\n<p>Joseph Ivel Mendanha, C.Ss.R.<br>Consultore Generale<\/p>\n\n\n\n<p>Si pu\u00f2 leggere il testo completo qui: <\/p>\n\n\n\n<p><strong><a href=\"http:\/\/www.cssr.news\/italian\/wp-content\/uploads\/sites\/2\/2024\/01\/Sfiore_CasasAlfonso_200124_riflessione.docx\" data-type=\"URL\" data-id=\"http:\/\/www.cssr.news\/italian\/wp-content\/uploads\/sites\/2\/2024\/01\/Sfiore_CasasAlfonso_200124_riflessione.docx\" target=\"_blank\" rel=\"noreferrer noopener\">Costruire comunit\u00e0 oggi, da Redentoristi &#8211; Roma, Casa sant&#8217;Alfonso 20 01 2024<\/a><\/strong><\/p>\n\n\n\n<p><a rel=\"noreferrer noopener\" href=\"https:\/\/www.youtube.com\/watch?v=N5fA_ioZIuw\" data-type=\"URL\" data-id=\"https:\/\/www.youtube.com\/watch?v=N5fA_ioZIuw\" target=\"_blank\">&gt;&gt; Si pu\u00f2 vedere e ascoltare la riflessione completa sul nostro canale YouTube<\/a><\/p>\n\n\n\n<figure class=\"wp-block-embed is-type-video is-provider-youtube wp-block-embed-youtube wp-embed-aspect-16-9 wp-has-aspect-ratio\"><div class=\"wp-block-embed__wrapper\">\nhttps:\/\/www.youtube.com\/watch?v=N5fA_ioZIuw\n<\/div><\/figure>\n\n\n\n<figure class=\"wp-block-embed is-type-video is-provider-youtube wp-block-embed-youtube wp-embed-aspect-16-9 wp-has-aspect-ratio\"><div class=\"wp-block-embed__wrapper\">\nhttps:\/\/youtu.be\/87JDc5bnCRQ\n<\/div><\/figure>\n","protected":false},"excerpt":{"rendered":"<p>Quella di sabato 20 gennaio 2024 \u00e8 stata una giornata di formazione permanente per tutta la comunit\u00e0 di San Alfonso (I membri del Governo generale, i confratelli della Curia generalizia, i confratelli dell&#8217;Accademia Alfonsiana, i confratelli del Collegio Maggiore, i confratelli che operano a vario titolo nella Chiesa e nella comunit\u00e0). Padre Serafino Fiore, C.Ss.R., [&hellip;]<\/p>\n","protected":false},"author":3,"featured_media":24060,"comment_status":"closed","ping_status":"closed","sticky":false,"template":"","format":"standard","meta":{"_mi_skip_tracking":false},"categories":[14],"tags":[],"_links":{"self":[{"href":"https:\/\/www.cssr.news\/italian\/wp-json\/wp\/v2\/posts\/24058"}],"collection":[{"href":"https:\/\/www.cssr.news\/italian\/wp-json\/wp\/v2\/posts"}],"about":[{"href":"https:\/\/www.cssr.news\/italian\/wp-json\/wp\/v2\/types\/post"}],"author":[{"embeddable":true,"href":"https:\/\/www.cssr.news\/italian\/wp-json\/wp\/v2\/users\/3"}],"replies":[{"embeddable":true,"href":"https:\/\/www.cssr.news\/italian\/wp-json\/wp\/v2\/comments?post=24058"}],"version-history":[{"count":6,"href":"https:\/\/www.cssr.news\/italian\/wp-json\/wp\/v2\/posts\/24058\/revisions"}],"predecessor-version":[{"id":24083,"href":"https:\/\/www.cssr.news\/italian\/wp-json\/wp\/v2\/posts\/24058\/revisions\/24083"}],"wp:featuredmedia":[{"embeddable":true,"href":"https:\/\/www.cssr.news\/italian\/wp-json\/wp\/v2\/media\/24060"}],"wp:attachment":[{"href":"https:\/\/www.cssr.news\/italian\/wp-json\/wp\/v2\/media?parent=24058"}],"wp:term":[{"taxonomy":"category","embeddable":true,"href":"https:\/\/www.cssr.news\/italian\/wp-json\/wp\/v2\/categories?post=24058"},{"taxonomy":"post_tag","embeddable":true,"href":"https:\/\/www.cssr.news\/italian\/wp-json\/wp\/v2\/tags?post=24058"}],"curies":[{"name":"wp","href":"https:\/\/api.w.org\/{rel}","templated":true}]}}