{"id":24076,"date":"2024-01-22T16:03:16","date_gmt":"2024-01-22T14:03:16","guid":{"rendered":"https:\/\/www.cssr.news\/italian\/?p=24076"},"modified":"2024-01-22T16:03:17","modified_gmt":"2024-01-22T14:03:17","slug":"provincia-di-brasilia-conta-6-nuovi-redentoristi","status":"publish","type":"post","link":"https:\/\/www.cssr.news\/italian\/2024\/01\/provincia-di-brasilia-conta-6-nuovi-redentoristi\/","title":{"rendered":"Provincia di Brasilia conta 6 nuovi Redentoristi"},"content":{"rendered":"\n<p>La mattina del 20 gennaio 2024, presso la Chiesa Parrocchiale Nostra Signora del Perpetuo Soccorso, Lago Sud, Brasilia-DF, la Provincia di Brasilia ha celebrato con gioia la Prima Professione Religiosa di sei giovani, vale a dire:<br>Edivan Jos\u00e9, CSsR (Tupanatinga-PE)<br>Alyson Moises, CSsR (Teresina-PI)<br>Flavio Rodrigues, CSsR (Vitorino Freire-MA)<br>Daniel Oliveira, CSsR (Brasilia-DF)<br>Afonso Joaquim, CSsR (Ilha das Flores-SE)<br>Eduardo Pimental, CSsR (Angelim-PE)<\/p>\n\n\n\n<p>La Santa Messa \u00e8 stata presieduta dal Superiore Provinciale P. Jo\u00e3o Paulo, CSsR, e concelebrata da altri sacerdoti.<br>\u00c8 importante evidenziare la presenza di un numero significativo di confratelli provenienti da diverse comunit\u00e0 religiose della Provincia di Brasilia e della Provincia di Nossa Senhora Aparecida, familiari dei professi, amici e parrocchiani di Lago Sul.<\/p>\n\n\n\n<figure class=\"wp-block-gallery columns-3 is-cropped\"><ul class=\"blocks-gallery-grid\"><li class=\"blocks-gallery-item\"><figure><a href=\"http:\/\/www.cssr.news\/spanish\/wp-content\/uploads\/sites\/3\/2024\/01\/sn2024_brasilia_0120_01.jpg\"><img src=\"http:\/\/www.cssr.news\/spanish\/wp-content\/uploads\/sites\/3\/2024\/01\/sn2024_brasilia_0120_01-1024x1024.jpg\" alt=\"\" data-id=\"22909\" data-full-url=\"http:\/\/www.cssr.news\/spanish\/wp-content\/uploads\/sites\/3\/2024\/01\/sn2024_brasilia_0120_01.jpg\" data-link=\"https:\/\/www.cssr.news\/spanish\/?attachment_id=22909\" class=\"wp-image-22909\"\/><\/a><\/figure><\/li><li class=\"blocks-gallery-item\"><figure><a href=\"http:\/\/www.cssr.news\/spanish\/wp-content\/uploads\/sites\/3\/2024\/01\/sn2024_brasilia_0120_03.jpg\"><img src=\"http:\/\/www.cssr.news\/spanish\/wp-content\/uploads\/sites\/3\/2024\/01\/sn2024_brasilia_0120_03-1024x1024.jpg\" alt=\"\" data-id=\"22907\" data-full-url=\"http:\/\/www.cssr.news\/spanish\/wp-content\/uploads\/sites\/3\/2024\/01\/sn2024_brasilia_0120_03.jpg\" data-link=\"https:\/\/www.cssr.news\/spanish\/?attachment_id=22907\" class=\"wp-image-22907\"\/><\/a><\/figure><\/li><li class=\"blocks-gallery-item\"><figure><a href=\"http:\/\/www.cssr.news\/spanish\/wp-content\/uploads\/sites\/3\/2024\/01\/sn2024_brasilia_0120_04.jpg\"><img src=\"http:\/\/www.cssr.news\/spanish\/wp-content\/uploads\/sites\/3\/2024\/01\/sn2024_brasilia_0120_04-1024x1024.jpg\" alt=\"\" data-id=\"22906\" data-full-url=\"http:\/\/www.cssr.news\/spanish\/wp-content\/uploads\/sites\/3\/2024\/01\/sn2024_brasilia_0120_04.jpg\" data-link=\"https:\/\/www.cssr.news\/spanish\/?attachment_id=22906\" class=\"wp-image-22906\"\/><\/a><\/figure><\/li><li class=\"blocks-gallery-item\"><figure><a href=\"http:\/\/www.cssr.news\/spanish\/wp-content\/uploads\/sites\/3\/2024\/01\/sn2024_brasilia_0120_05.jpg\"><img src=\"http:\/\/www.cssr.news\/spanish\/wp-content\/uploads\/sites\/3\/2024\/01\/sn2024_brasilia_0120_05-1024x1024.jpg\" alt=\"\" data-id=\"22905\" data-full-url=\"http:\/\/www.cssr.news\/spanish\/wp-content\/uploads\/sites\/3\/2024\/01\/sn2024_brasilia_0120_05.jpg\" data-link=\"https:\/\/www.cssr.news\/spanish\/?attachment_id=22905\" class=\"wp-image-22905\"\/><\/a><\/figure><\/li><\/ul><\/figure>\n\n\n\n<p>I nuovi Missionari vivranno nella Comunit\u00e0 Redentorista Nossa Senhora do Perp\u00e9tuo Socorro, Madalena, Recife-PE. Il mese prossimo inizieranno il corso di Teologia presso l&#8217;Universit\u00e0 Cattolica di Pernambuco-Unicap.<br>Preghiamo per la perseveranza di ciascuno di loro, e chiediamo a Dio di continuare a mandare operai nella sua messe.<br>Congratulazioni, confratelli.<\/p>\n\n\n\n<p>Jefferson Murilo, CSsR.<br>Ufficiale delle comunicazioni.<\/p>\n","protected":false},"excerpt":{"rendered":"<p>La mattina del 20 gennaio 2024, presso la Chiesa Parrocchiale Nostra Signora del Perpetuo Soccorso, Lago Sud, Brasilia-DF, la Provincia di Brasilia ha celebrato con gioia la Prima Professione Religiosa di sei giovani, vale a dire:Edivan Jos\u00e9, CSsR (Tupanatinga-PE)Alyson Moises, CSsR (Teresina-PI)Flavio Rodrigues, CSsR (Vitorino Freire-MA)Daniel Oliveira, CSsR (Brasilia-DF)Afonso Joaquim, CSsR (Ilha das Flores-SE)Eduardo Pimental, [&hellip;]<\/p>\n","protected":false},"author":3,"featured_media":24077,"comment_status":"closed","ping_status":"closed","sticky":false,"template":"","format":"standard","meta":{"_mi_skip_tracking":false},"categories":[14],"tags":[],"_links":{"self":[{"href":"https:\/\/www.cssr.news\/italian\/wp-json\/wp\/v2\/posts\/24076"}],"collection":[{"href":"https:\/\/www.cssr.news\/italian\/wp-json\/wp\/v2\/posts"}],"about":[{"href":"https:\/\/www.cssr.news\/italian\/wp-json\/wp\/v2\/types\/post"}],"author":[{"embeddable":true,"href":"https:\/\/www.cssr.news\/italian\/wp-json\/wp\/v2\/users\/3"}],"replies":[{"embeddable":true,"href":"https:\/\/www.cssr.news\/italian\/wp-json\/wp\/v2\/comments?post=24076"}],"version-history":[{"count":1,"href":"https:\/\/www.cssr.news\/italian\/wp-json\/wp\/v2\/posts\/24076\/revisions"}],"predecessor-version":[{"id":24078,"href":"https:\/\/www.cssr.news\/italian\/wp-json\/wp\/v2\/posts\/24076\/revisions\/24078"}],"wp:featuredmedia":[{"embeddable":true,"href":"https:\/\/www.cssr.news\/italian\/wp-json\/wp\/v2\/media\/24077"}],"wp:attachment":[{"href":"https:\/\/www.cssr.news\/italian\/wp-json\/wp\/v2\/media?parent=24076"}],"wp:term":[{"taxonomy":"category","embeddable":true,"href":"https:\/\/www.cssr.news\/italian\/wp-json\/wp\/v2\/categories?post=24076"},{"taxonomy":"post_tag","embeddable":true,"href":"https:\/\/www.cssr.news\/italian\/wp-json\/wp\/v2\/tags?post=24076"}],"curies":[{"name":"wp","href":"https:\/\/api.w.org\/{rel}","templated":true}]}}