{"id":27087,"date":"2024-10-23T09:40:46","date_gmt":"2024-10-23T07:40:46","guid":{"rendered":"https:\/\/www.cssr.news\/italian\/?p=27087"},"modified":"2024-10-23T09:40:46","modified_gmt":"2024-10-23T07:40:46","slug":"novizi-e-professi-incontro-con-il-superiore-generale-una-chiamata-allappartenenza-e-alla-missione-nella-congregazione-redentorista","status":"publish","type":"post","link":"https:\/\/www.cssr.news\/italian\/2024\/10\/novizi-e-professi-incontro-con-il-superiore-generale-una-chiamata-allappartenenza-e-alla-missione-nella-congregazione-redentorista\/","title":{"rendered":"Novizi e professi, incontro con il Superiore generale: una chiamata all&#8217;appartenenza e alla missione nella Congregazione Redentorista"},"content":{"rendered":"\n<p>Il 19 ottobre 2024, P. Rog\u00e9rio Gomes, C.SS.R., Superiore Generale, si \u00e8 incontrato virtualmente con novizi e studenti professi in un dialogo incentrato sul presente e sul futuro della Congregazione. Durante il suo intervento, P. Rog\u00e9rio ha sottolineato l&#8217;importanza del senso di appartenenza, ricordando ai formandi che la Congregazione \u00e8 la loro casa e che la loro missione deve essere segnata da una profonda identificazione con il carisma redentorista.<br><br>Il Superiore generale ha sottolineato alcuni punti chiave:<\/p>\n\n\n\n<ol><li>Appartenenza e corresponsabilit\u00e0: ha sottolineato la necessit\u00e0 di coltivare quotidianamente il senso di appartenenza alla Congregazione, non in modo passivo, ma portando creativit\u00e0 e testimonianza personale.<\/li><li>Adattarsi al cambiamento e all&#8217;ascolto: in un mondo di rapidi cambiamenti, P. Rog\u00e9rio ci ha incoraggiato a non temere il futuro, sottolineando che la testimonianza di vita e la capacit\u00e0 di ascolto sono essenziali per affrontare le sfide.<\/li><li>La consacrazione come risposta al battesimo: ha ricordato che la professione religiosa \u00e8 una risposta radicale alla chiamata di Dio, invitando i giovani a vivere pienamente la loro consacrazione e missione.<\/li><li>Rapporto intergenerazionale e spiritualit\u00e0: ha sottolineato l&#8217;importanza di costruire ponti tra le generazioni all&#8217;interno della Congregazione e la necessit\u00e0 di una spiritualit\u00e0 viva e costante che sostenga la vita consacrata.<\/li><li>Fedelt\u00e0 ai poveri e agli abbandonati: l&#8217;impegno per i poveri, un asse centrale del carisma redentorista, \u00e8 stato ribadito come una priorit\u00e0 nella missione apostolica.<\/li><\/ol>\n\n\n\n<p>P. Rog\u00e9rio ha concluso con un appello a vivere intensamente la propria vocazione, confidando nella grazia di Dio e mantenendo sempre un profondo legame con i pi\u00f9 poveri e abbandonati.<\/p>\n\n\n\n<p>P. Gerardo Hern\u00e1ndez Carrasquillo CSsR \/ Scala News<\/p>\n\n\n\n<div class=\"wp-block-file\"><a href=\"https:\/\/www.cssr.news\/italian\/wp-content\/uploads\/sites\/2\/2024\/10\/Gomes-Rogerio_241019_messagio-novici-profesi.pdf\"><em>Messaggio del Padre Generale per scaricare (pdf)<\/em><\/a><a href=\"https:\/\/www.cssr.news\/italian\/wp-content\/uploads\/sites\/2\/2024\/10\/Gomes-Rogerio_241019_messagio-novici-profesi.pdf\" class=\"wp-block-file__button\" download>Download<\/a><\/div>\n","protected":false},"excerpt":{"rendered":"<p>Il 19 ottobre 2024, P. Rog\u00e9rio Gomes, C.SS.R., Superiore Generale, si \u00e8 incontrato virtualmente con novizi e studenti professi in un dialogo incentrato sul presente e sul futuro della Congregazione. Durante il suo intervento, P. Rog\u00e9rio ha sottolineato l&#8217;importanza del senso di appartenenza, ricordando ai formandi che la Congregazione \u00e8 la loro casa e che [&hellip;]<\/p>\n","protected":false},"author":23,"featured_media":27088,"comment_status":"closed","ping_status":"closed","sticky":false,"template":"","format":"standard","meta":{"_mi_skip_tracking":false},"categories":[14],"tags":[],"_links":{"self":[{"href":"https:\/\/www.cssr.news\/italian\/wp-json\/wp\/v2\/posts\/27087"}],"collection":[{"href":"https:\/\/www.cssr.news\/italian\/wp-json\/wp\/v2\/posts"}],"about":[{"href":"https:\/\/www.cssr.news\/italian\/wp-json\/wp\/v2\/types\/post"}],"author":[{"embeddable":true,"href":"https:\/\/www.cssr.news\/italian\/wp-json\/wp\/v2\/users\/23"}],"replies":[{"embeddable":true,"href":"https:\/\/www.cssr.news\/italian\/wp-json\/wp\/v2\/comments?post=27087"}],"version-history":[{"count":1,"href":"https:\/\/www.cssr.news\/italian\/wp-json\/wp\/v2\/posts\/27087\/revisions"}],"predecessor-version":[{"id":27090,"href":"https:\/\/www.cssr.news\/italian\/wp-json\/wp\/v2\/posts\/27087\/revisions\/27090"}],"wp:featuredmedia":[{"embeddable":true,"href":"https:\/\/www.cssr.news\/italian\/wp-json\/wp\/v2\/media\/27088"}],"wp:attachment":[{"href":"https:\/\/www.cssr.news\/italian\/wp-json\/wp\/v2\/media?parent=27087"}],"wp:term":[{"taxonomy":"category","embeddable":true,"href":"https:\/\/www.cssr.news\/italian\/wp-json\/wp\/v2\/categories?post=27087"},{"taxonomy":"post_tag","embeddable":true,"href":"https:\/\/www.cssr.news\/italian\/wp-json\/wp\/v2\/tags?post=27087"}],"curies":[{"name":"wp","href":"https:\/\/api.w.org\/{rel}","templated":true}]}}