{"id":27328,"date":"2024-11-12T19:02:49","date_gmt":"2024-11-12T17:02:49","guid":{"rendered":"https:\/\/www.cssr.news\/italian\/?p=27328"},"modified":"2024-11-12T19:14:59","modified_gmt":"2024-11-12T17:14:59","slug":"mons-alfonso-amarante-cssr-il-rettore-della-lateranense-parla-della-visione-e-della-missione-delluniversita-pontificia","status":"publish","type":"post","link":"https:\/\/www.cssr.news\/italian\/2024\/11\/mons-alfonso-amarante-cssr-il-rettore-della-lateranense-parla-della-visione-e-della-missione-delluniversita-pontificia\/","title":{"rendered":"Mons. Alfonso Amarante CSsR, il rettore della Lateranense, parla della visione e della missione dell&#8217;Universit\u00e0 Pontificia."},"content":{"rendered":"\n<p>Mons. Alfonso Amarante CSsR, Rettore dell&#8217;Universit\u00e0 Lateranense, in un&#8217;intervista ai media vaticani, parla della missione dell&#8217;Universit\u00e0 Pontificia, delle sfide e dei progetti relativi in vista dell&#8217;inaugurazione del nuovo anno accademico.\u00a0<\/p>\n\n\n\n<p>Come spiega mons. Amarante, al centro della attuale visione dell&#8217;universit\u00e0 c&#8217;\u00e8 la persona, che deve essere il punto di partenza per la pianificazione dei programmi di insegnamento e degli altri elementi dell&#8217;attivit\u00e0 accademica.&nbsp;<\/p>\n\n\n\n<p>Mons. Amarante parla anche delle sfide che l&#8217;universit\u00e0 deve affrontare. Una di queste \u00e8 assicurare che la teologia che vi si svolge abbia un chiaro contesto pastorale, che sia vicina alle vicende umane. A questo proposito cita Papa Francesco, che insiste su una teologia che \u201csa di carne e di popolo\u201d.<\/p>\n\n\n\n<p>Mons. Amarante acenna anche alla necessit\u00e0 di sviluppare la cooperazione tra gli istituti ecclesiastici e di migliorare la qualit\u00e0 delle universit\u00e0, che \u00e8 sempre pi\u00f9 importante con la diminuzione del numero di studenti.&nbsp;<\/p>\n\n\n\n<p>L&#8217;articolo integrale si pu\u00f2 leggere nel portale <a href=\"https:\/\/www.vaticannews.va\/it\/vaticano\/news\/2024-11\/rettore-lateranense-dialogo-cultura-novita-vocazioni.html\">vaticannews.va<\/a><\/p>\n","protected":false},"excerpt":{"rendered":"<p>Mons. Alfonso Amarante CSsR, Rettore dell&#8217;Universit\u00e0 Lateranense, in un&#8217;intervista ai media vaticani, parla della missione dell&#8217;Universit\u00e0 Pontificia, delle sfide e dei progetti relativi in vista dell&#8217;inaugurazione del nuovo anno accademico.\u00a0 Come spiega mons. Amarante, al centro della attuale visione dell&#8217;universit\u00e0 c&#8217;\u00e8 la persona, che deve essere il punto di partenza per la pianificazione dei programmi [&hellip;]<\/p>\n","protected":false},"author":23,"featured_media":27331,"comment_status":"closed","ping_status":"closed","sticky":false,"template":"","format":"standard","meta":{"_mi_skip_tracking":false},"categories":[1],"tags":[],"_links":{"self":[{"href":"https:\/\/www.cssr.news\/italian\/wp-json\/wp\/v2\/posts\/27328"}],"collection":[{"href":"https:\/\/www.cssr.news\/italian\/wp-json\/wp\/v2\/posts"}],"about":[{"href":"https:\/\/www.cssr.news\/italian\/wp-json\/wp\/v2\/types\/post"}],"author":[{"embeddable":true,"href":"https:\/\/www.cssr.news\/italian\/wp-json\/wp\/v2\/users\/23"}],"replies":[{"embeddable":true,"href":"https:\/\/www.cssr.news\/italian\/wp-json\/wp\/v2\/comments?post=27328"}],"version-history":[{"count":5,"href":"https:\/\/www.cssr.news\/italian\/wp-json\/wp\/v2\/posts\/27328\/revisions"}],"predecessor-version":[{"id":27334,"href":"https:\/\/www.cssr.news\/italian\/wp-json\/wp\/v2\/posts\/27328\/revisions\/27334"}],"wp:featuredmedia":[{"embeddable":true,"href":"https:\/\/www.cssr.news\/italian\/wp-json\/wp\/v2\/media\/27331"}],"wp:attachment":[{"href":"https:\/\/www.cssr.news\/italian\/wp-json\/wp\/v2\/media?parent=27328"}],"wp:term":[{"taxonomy":"category","embeddable":true,"href":"https:\/\/www.cssr.news\/italian\/wp-json\/wp\/v2\/categories?post=27328"},{"taxonomy":"post_tag","embeddable":true,"href":"https:\/\/www.cssr.news\/italian\/wp-json\/wp\/v2\/tags?post=27328"}],"curies":[{"name":"wp","href":"https:\/\/api.w.org\/{rel}","templated":true}]}}