{"id":27341,"date":"2024-11-13T11:13:00","date_gmt":"2024-11-13T09:13:00","guid":{"rendered":"https:\/\/www.cssr.news\/italian\/?p=27341"},"modified":"2024-11-13T13:48:35","modified_gmt":"2024-11-13T11:48:35","slug":"provincia-bolivia-peru-nuovi-sacerdoti-per-la-chiesa","status":"publish","type":"post","link":"https:\/\/www.cssr.news\/italian\/2024\/11\/provincia-bolivia-peru-nuovi-sacerdoti-per-la-chiesa\/","title":{"rendered":"Provincia Bolivia Per\u00f9: nuovi sacerdoti per la Chiesa."},"content":{"rendered":"\n<p>Sabato 9 novembre 2024, nella Parrocchia di San Francisco de Borja, nel Vicariato Apostolico di Reyes, \u00e8 stata celebrata una grande festa redentorista con l&#8217;ordinazione sacerdotale. I tre confratelli: \u00c1lvaro Humberto Flores Paredes, Erick Yasmani Calla\u00fa Unari e Luis Fernando Rivero Lurici, sono stati unti e consacrati sacerdoti dall&#8217;imposizione delle mani di  Mons. Estanislao Dowlaszewicz, Vescovo Ausiliare dell&#8217;Arcidiocesi di Santa Cruz.<\/p>\n\n\n\n<p>Mons. Dowlaszewicz, prima del rito di ordinazione, si \u00e8 rivolto all&#8217;assemblea e ha ricordato che ci sono tre motivi per la celebrazione. Il primo motivo \u00e8 che il 9 novembre ricorre la Dedicazione della Basilica Lateranense, madre e capo di tutte le Chiese; un secondo motivo \u00e8 il 292\u00b0 anniversario della fondazione della Congregazione Redentorista e il terzo motivo \u00e8 la gioia per l&#8217;ordinazione e la consacrazione dei tre giovani sacerdoti.<\/p>\n\n\n\n<figure class=\"wp-block-gallery columns-3 is-cropped\"><ul class=\"blocks-gallery-grid\"><li class=\"blocks-gallery-item\"><figure><a href=\"http:\/\/www.cssr.news\/spanish\/wp-content\/uploads\/sites\/3\/2024\/11\/sn2024_bolivia_peru_nov01.jpg\"><img src=\"http:\/\/www.cssr.news\/spanish\/wp-content\/uploads\/sites\/3\/2024\/11\/sn2024_bolivia_peru_nov01.jpg\" alt=\"\" data-id=\"25590\" data-full-url=\"http:\/\/www.cssr.news\/spanish\/wp-content\/uploads\/sites\/3\/2024\/11\/sn2024_bolivia_peru_nov01.jpg\" data-link=\"https:\/\/www.cssr.news\/spanish\/?attachment_id=25590\" class=\"wp-image-25590\"\/><\/a><\/figure><\/li><li class=\"blocks-gallery-item\"><figure><a href=\"http:\/\/www.cssr.news\/spanish\/wp-content\/uploads\/sites\/3\/2024\/11\/sn2024_bolivia_peru_nov02.jpg\"><img src=\"http:\/\/www.cssr.news\/spanish\/wp-content\/uploads\/sites\/3\/2024\/11\/sn2024_bolivia_peru_nov02.jpg\" alt=\"\" data-id=\"25589\" data-full-url=\"http:\/\/www.cssr.news\/spanish\/wp-content\/uploads\/sites\/3\/2024\/11\/sn2024_bolivia_peru_nov02.jpg\" data-link=\"https:\/\/www.cssr.news\/spanish\/?attachment_id=25589\" class=\"wp-image-25589\"\/><\/a><\/figure><\/li><li class=\"blocks-gallery-item\"><figure><a href=\"http:\/\/www.cssr.news\/spanish\/wp-content\/uploads\/sites\/3\/2024\/11\/sn2024_bolivia_peru_nov04.jpg\"><img src=\"http:\/\/www.cssr.news\/spanish\/wp-content\/uploads\/sites\/3\/2024\/11\/sn2024_bolivia_peru_nov04.jpg\" alt=\"\" data-id=\"25587\" data-full-url=\"http:\/\/www.cssr.news\/spanish\/wp-content\/uploads\/sites\/3\/2024\/11\/sn2024_bolivia_peru_nov04.jpg\" data-link=\"https:\/\/www.cssr.news\/spanish\/?attachment_id=25587\" class=\"wp-image-25587\"\/><\/a><\/figure><\/li><li class=\"blocks-gallery-item\"><figure><a href=\"http:\/\/www.cssr.news\/spanish\/wp-content\/uploads\/sites\/3\/2024\/11\/sn2024_bolivia_peru_nov05.jpg\"><img src=\"http:\/\/www.cssr.news\/spanish\/wp-content\/uploads\/sites\/3\/2024\/11\/sn2024_bolivia_peru_nov05.jpg\" alt=\"\" data-id=\"25586\" data-full-url=\"http:\/\/www.cssr.news\/spanish\/wp-content\/uploads\/sites\/3\/2024\/11\/sn2024_bolivia_peru_nov05.jpg\" data-link=\"https:\/\/www.cssr.news\/spanish\/?attachment_id=25586\" class=\"wp-image-25586\"\/><\/a><\/figure><\/li><li class=\"blocks-gallery-item\"><figure><a href=\"http:\/\/www.cssr.news\/spanish\/wp-content\/uploads\/sites\/3\/2024\/11\/sn2024_bolivia_peru_nov03.jpg\"><img src=\"http:\/\/www.cssr.news\/spanish\/wp-content\/uploads\/sites\/3\/2024\/11\/sn2024_bolivia_peru_nov03.jpg\" alt=\"\" data-id=\"25588\" data-full-url=\"http:\/\/www.cssr.news\/spanish\/wp-content\/uploads\/sites\/3\/2024\/11\/sn2024_bolivia_peru_nov03.jpg\" data-link=\"https:\/\/www.cssr.news\/spanish\/?attachment_id=25588\" class=\"wp-image-25588\"\/><\/a><\/figure><\/li><\/ul><\/figure>\n\n\n\n<p>Mons. Estanislao ha aggiunto un quarto motivo della suo gioia, cio\u00e9 il 40\u00b0 anniversario della sua ordinazione sacerdotale:&nbsp;<strong><em><strong>\u201cNon c&#8217;\u00e8 gioia pi\u00f9 grande che trasmettere la stessa grazia di Dio che ho ricevuto io e che ora trasmetter\u00f2 a voi istituendovi come pastori della Chiesa in pellegrinaggio in Bolivia\u201d.<\/strong><\/em><\/strong><\/p>\n\n\n\n<p><strong>P.<\/strong> <strong>Boris Calzadilla Arteaga, Superiore Provinciale dei Missionari Redentoristi di Bolivia e Per\u00f9<\/strong>, \u00e8 stato incaricato di chiedere pubblicamente al Vescovo che i tre diaconi siano ordinati sacerdoti, assicurando alla congregazione che sono degni e preparati a ricevere la grazia del ministero sacerdotale.<\/p>\n\n\n\n<p>Prima di consacrarli sacerdoti, Mons. Dowlaszewicz si \u00e8 rivolto ai candidati e ai parrocchiani, portando i saluti di Mons. Eugenio Coter, Vescovo Amministratore del Vicariato Apostolico di Reyes, impossibilitato a partecipare alla celebrazione.<\/p>\n\n\n\n<p>Ha poi sottolineato alcuni aspetti fondamentali nella vita di un sacerdote, tra cui:<\/p>\n\n\n\n<p><em>&#8220;Nel sacerdozio come i discepoli saremo interpellati sull&#8217;amore..&nbsp;<\/em><strong><em><strong>. \u2018mi ami&#8230; mi ami pi\u00f9 di questi&#8230;?\u2019.<\/strong><\/em><\/strong>&nbsp;<em>La vita del sacerdote \u00e8 una vita d&#8217;amore per Dio e per gli altri, perci\u00f2 tutta la tua forza, tutta la tua potenza e tutto il tuo tempo \u00e8 per impegnarti a mantenere la promessa che fai oggi&#8230;.<\/em><\/p>\n\n\n\n<p><em>Vi incoraggio a prendervi molta cura dei poveri, ad essere vicini a loro, ad essere misericordiosi con coloro che stanno attraversando momenti difficili, che questa ordinazione vi renda sacerdoti del popolo, perch\u00e9 siete sacerdoti presi dal popolo e messi per il popolo.<\/em><\/p>\n\n\n\n<p><em>Infine, non dimenticate di ascoltare il popolo di Dio, siate vicini alle persone che camminano e a volte soffrono, affidatele a Dio, siate buoni, santi e fedeli sacerdoti redentoristi\u201d.<\/em><\/p>\n\n\n\n<p>Dopo le sue parole, il vescovo Dowlaszewicz ha chiamato uno ad uno per imporre le mani su di loro e ungerli come sacerdoti di Dio e per Dio.<\/p>\n\n\n\n<p>Nella celebrazione ha participato un buon numero di sacerdoti diocesani del Vicariato Apostolico di Reyes che hanno espresso la gioia e la comunione della Chiesa locale con questi tre nuovi sacerdoti, due dei quali gi\u00e0 operano nel Vicariato.<\/p>\n\n\n\n<p>I confratelli redentoristi che lavorano in Bolivia e alcuni laici erano presenti nonostante l&#8217;instabilit\u00e0 che la Bolivia sta attraversando, in particolare i vari blocchi stradali nel Paese. Neanche la distanza e i problemi socio-politici non hanno impedito l&#8217;arrivo di sacerdoti, laici e giovani dal Per\u00f9, che hanno voluto accompagnare i padri Alvaro Humberto, Erick Yasmani e Luis Fernando Rivero Lurici, in questo giorno speciale che segna l&#8217;inizio del loro ministero sacerdotale. <\/p>\n\n\n\n<p>Le famiglie dei tre nuovi sacerdoti hanno accompagnato, sostenuto e donato i loro figli al servizio di Dio; le espressioni dei loro volti testimoniavano la profonda gioia che provavano nei loro cuori.<\/p>\n\n\n\n<p>Padre Luis Fernando ha avuto il compito di esprimere i sentimenti dei nuovi sacerdoti e la parola GRAZIE \u00e8 stata ripetuta in diverse occasioni insieme alla richiesta di preghiere, anche se oggi inizia la loro vita sacerdotale, \u00e8 fondamentale sostenerli spiritualmente con la preghiera, aumentando cos\u00ec la comunione con il popolo di Dio.<\/p>\n\n\n\n<p>La Vergine Maria, che si \u00e8 donata completamente alla chiamata di Dio, sostenga sempre il ministero di \u00c1lvaro, Yasmani e Fernando, affinch\u00e9 siano sacerdoti buoni, santi e fedeli sulle orme del Redentore.&nbsp;<\/p>\n\n\n\n<p><strong><em><strong>P.<\/strong><\/em><\/strong>&nbsp;<strong><em><strong>Boris Calzadilla Arteag, C.Ss.R.<\/strong><\/em><\/strong><br>Superiore provinciale<br><\/p>\n","protected":false},"excerpt":{"rendered":"<p>Sabato 9 novembre 2024, nella Parrocchia di San Francisco de Borja, nel Vicariato Apostolico di Reyes, \u00e8 stata celebrata una grande festa redentorista con l&#8217;ordinazione sacerdotale. I tre confratelli: \u00c1lvaro Humberto Flores Paredes, Erick Yasmani Calla\u00fa Unari e Luis Fernando Rivero Lurici, sono stati unti e consacrati sacerdoti dall&#8217;imposizione delle mani di Mons. Estanislao Dowlaszewicz, [&hellip;]<\/p>\n","protected":false},"author":23,"featured_media":27342,"comment_status":"closed","ping_status":"closed","sticky":false,"template":"","format":"standard","meta":{"_mi_skip_tracking":false},"categories":[13],"tags":[],"_links":{"self":[{"href":"https:\/\/www.cssr.news\/italian\/wp-json\/wp\/v2\/posts\/27341"}],"collection":[{"href":"https:\/\/www.cssr.news\/italian\/wp-json\/wp\/v2\/posts"}],"about":[{"href":"https:\/\/www.cssr.news\/italian\/wp-json\/wp\/v2\/types\/post"}],"author":[{"embeddable":true,"href":"https:\/\/www.cssr.news\/italian\/wp-json\/wp\/v2\/users\/23"}],"replies":[{"embeddable":true,"href":"https:\/\/www.cssr.news\/italian\/wp-json\/wp\/v2\/comments?post=27341"}],"version-history":[{"count":2,"href":"https:\/\/www.cssr.news\/italian\/wp-json\/wp\/v2\/posts\/27341\/revisions"}],"predecessor-version":[{"id":27344,"href":"https:\/\/www.cssr.news\/italian\/wp-json\/wp\/v2\/posts\/27341\/revisions\/27344"}],"wp:featuredmedia":[{"embeddable":true,"href":"https:\/\/www.cssr.news\/italian\/wp-json\/wp\/v2\/media\/27342"}],"wp:attachment":[{"href":"https:\/\/www.cssr.news\/italian\/wp-json\/wp\/v2\/media?parent=27341"}],"wp:term":[{"taxonomy":"category","embeddable":true,"href":"https:\/\/www.cssr.news\/italian\/wp-json\/wp\/v2\/categories?post=27341"},{"taxonomy":"post_tag","embeddable":true,"href":"https:\/\/www.cssr.news\/italian\/wp-json\/wp\/v2\/tags?post=27341"}],"curies":[{"name":"wp","href":"https:\/\/api.w.org\/{rel}","templated":true}]}}