{"id":27679,"date":"2024-12-10T18:01:49","date_gmt":"2024-12-10T16:01:49","guid":{"rendered":"https:\/\/www.cssr.news\/italian\/?p=27679"},"modified":"2024-12-10T18:01:49","modified_gmt":"2024-12-10T16:01:49","slug":"un-momento-storico-il-cardinale-redentorista-mykola-bychok-porta-la-voce-dellucraina-in-vaticano","status":"publish","type":"post","link":"https:\/\/www.cssr.news\/italian\/2024\/12\/un-momento-storico-il-cardinale-redentorista-mykola-bychok-porta-la-voce-dellucraina-in-vaticano\/","title":{"rendered":"Un momento storico: Il cardinale redentorista Mykola Bychok porta la voce dell&#8217;Ucraina in Vaticano"},"content":{"rendered":"\n<p>Il concistoro tenutosi il 7 dicembre 2024 nella Basilica di San Pietro \u00e8 stato un momento profondo nella vita della Chiesa cattolica. Presieduto da Papa Francesco ha elevato 21 nuovi cardinali al Collegio cardinalizio, espandendo il numero dei membri a 253. Tra i nuovi membri, due si sono distinti: Sua Eminenza Angelo Acerbi, vescovo italiano di 99 anni, \u00e8 diventato il cardinale pi\u00f9 anziano, mentre Sua Eminenza Mykola Bychok, vescovo ucraino di 44 anni e membro della Congragazione dei Redentoristi, \u00e8 diventato il pi\u00f9 giovane.<\/p>\n\n\n\n<figure class=\"wp-block-gallery columns-2 is-cropped\"><ul class=\"blocks-gallery-grid\"><li class=\"blocks-gallery-item\"><figure><a href=\"https:\/\/www.cssr.news\/italian\/wp-content\/uploads\/sites\/2\/2024\/12\/sn241210-CardBychok2.jpeg\"><img width=\"1024\" height=\"683\" src=\"https:\/\/www.cssr.news\/italian\/wp-content\/uploads\/sites\/2\/2024\/12\/sn241210-CardBychok2-1024x683.jpeg\" alt=\"\" data-id=\"27681\" data-full-url=\"https:\/\/www.cssr.news\/italian\/wp-content\/uploads\/sites\/2\/2024\/12\/sn241210-CardBychok2.jpeg\" data-link=\"https:\/\/www.cssr.news\/italian\/?attachment_id=27681\" class=\"wp-image-27681\" srcset=\"https:\/\/www.cssr.news\/italian\/wp-content\/uploads\/sites\/2\/2024\/12\/sn241210-CardBychok2-1024x683.jpeg 1024w, https:\/\/www.cssr.news\/italian\/wp-content\/uploads\/sites\/2\/2024\/12\/sn241210-CardBychok2-300x200.jpeg 300w, https:\/\/www.cssr.news\/italian\/wp-content\/uploads\/sites\/2\/2024\/12\/sn241210-CardBychok2-768x512.jpeg 768w, https:\/\/www.cssr.news\/italian\/wp-content\/uploads\/sites\/2\/2024\/12\/sn241210-CardBychok2-1536x1024.jpeg 1536w, https:\/\/www.cssr.news\/italian\/wp-content\/uploads\/sites\/2\/2024\/12\/sn241210-CardBychok2-696x464.jpeg 696w, https:\/\/www.cssr.news\/italian\/wp-content\/uploads\/sites\/2\/2024\/12\/sn241210-CardBychok2-1068x712.jpeg 1068w, https:\/\/www.cssr.news\/italian\/wp-content\/uploads\/sites\/2\/2024\/12\/sn241210-CardBychok2-630x420.jpeg 630w, https:\/\/www.cssr.news\/italian\/wp-content\/uploads\/sites\/2\/2024\/12\/sn241210-CardBychok2.jpeg 2048w\" sizes=\"(max-width: 1024px) 100vw, 1024px\" \/><\/a><figcaption class=\"blocks-gallery-item__caption\">Il card. Bychok con i confratelli redentoristi dell&#8217;Ucraina.<\/figcaption><\/figure><\/li><li class=\"blocks-gallery-item\"><figure><a href=\"https:\/\/www.cssr.news\/italian\/wp-content\/uploads\/sites\/2\/2024\/12\/sn241210-CardBychok3.jpeg\"><img width=\"1024\" height=\"682\" src=\"https:\/\/www.cssr.news\/italian\/wp-content\/uploads\/sites\/2\/2024\/12\/sn241210-CardBychok3-1024x682.jpeg\" alt=\"\" data-id=\"27682\" data-full-url=\"https:\/\/www.cssr.news\/italian\/wp-content\/uploads\/sites\/2\/2024\/12\/sn241210-CardBychok3.jpeg\" data-link=\"https:\/\/www.cssr.news\/italian\/?attachment_id=27682\" class=\"wp-image-27682\" srcset=\"https:\/\/www.cssr.news\/italian\/wp-content\/uploads\/sites\/2\/2024\/12\/sn241210-CardBychok3-1024x682.jpeg 1024w, https:\/\/www.cssr.news\/italian\/wp-content\/uploads\/sites\/2\/2024\/12\/sn241210-CardBychok3-300x200.jpeg 300w, https:\/\/www.cssr.news\/italian\/wp-content\/uploads\/sites\/2\/2024\/12\/sn241210-CardBychok3-768x512.jpeg 768w, https:\/\/www.cssr.news\/italian\/wp-content\/uploads\/sites\/2\/2024\/12\/sn241210-CardBychok3-696x464.jpeg 696w, https:\/\/www.cssr.news\/italian\/wp-content\/uploads\/sites\/2\/2024\/12\/sn241210-CardBychok3-1068x712.jpeg 1068w, https:\/\/www.cssr.news\/italian\/wp-content\/uploads\/sites\/2\/2024\/12\/sn241210-CardBychok3-630x420.jpeg 630w, https:\/\/www.cssr.news\/italian\/wp-content\/uploads\/sites\/2\/2024\/12\/sn241210-CardBychok3.jpeg 1280w\" sizes=\"(max-width: 1024px) 100vw, 1024px\" \/><\/a><figcaption class=\"blocks-gallery-item__caption\">Il card. Bychok con il Governo Generale.<\/figcaption><\/figure><\/li><\/ul><\/figure>\n\n\n\n<p>Per la famiglia Redentorista mondiale, il concistoro \u00e8 stato particolarmente importante. Il cardinale Bychok, ha dedicato la sua vita a servire i fedeli in Oceania come vescovo dell&#8217;eparchia dei Santi Pietro e Paolo di Melbourne. Parlando a Scala News, il cardinale Bychok ha descritto la sua elevazione come una \u201cprofonda responsabilit\u00e0\u201d in questi tempi difficili per l&#8217;Ucraina.<\/p>\n\n\n\n<p><em>Qui di seguito l&#8217;intervista a Sua Eminenza il Cardinale Mykola Bychok, CSsR, realizzata per Scala News all&#8217;occasione della sua visita alla Curia generale della Congregazione a Roma il 09 dicembre 2024.<\/em><\/p>\n\n\n\n<figure class=\"wp-block-embed is-type-video is-provider-youtube wp-block-embed-youtube wp-embed-aspect-16-9 wp-has-aspect-ratio\"><div class=\"wp-block-embed__wrapper\">\n<iframe title=\"The Youngest Redemptorist Cardinal: An interview with H.E. Card. Mykola Bychok by Fr. Prince CSsR\" width=\"696\" height=\"392\" src=\"https:\/\/www.youtube.com\/embed\/ouvvKVzlKBc?feature=oembed\" frameborder=\"0\" allow=\"accelerometer; autoplay; clipboard-write; encrypted-media; gyroscope; picture-in-picture; web-share\" referrerpolicy=\"strict-origin-when-cross-origin\" allowfullscreen><\/iframe>\n<\/div><\/figure>\n\n\n\n<p><strong>La voce dell&#8217;Ucraina nella Chiesa universale:<\/strong><\/p>\n\n\n\n<p>Riflettendo sulla sua nomina, il cardinale Bychok ha condiviso: \u201cConoscendo i momenti difficili che il mio popolo ucraino sta attraversando a causa della guerra, continuer\u00f2 a informare il mondo cattolico su ci\u00f2 che sta accadendo nella nostra terra e a ricordare costantemente l&#8217;Ucraina\u201d.<\/p>\n\n\n\n<p>I continui appelli del Papa per porre fine alle sofferenze dell&#8217;Ucraina risuonano profondamente con il giovane cardinale. Egli ha sottolineato il ruolo della Chiesa come mediatrice per una pace giusta, non solo in Ucraina ma anche in altre regioni afflitte da conflitti, come il Medio Oriente. \u201cLa pace nel mondo arriver\u00e0 solo quando le persone avranno la pace nei loro cuori, una vera pace che viene dall&#8217;amore di Cristo\u201d, ha affermato.<\/p>\n\n\n\n<p>La dedizione del cardinale Bychok alla sua patria \u00e8 ispirata dall&#8217;esempio di grandi leader della Chiesa ucraina, in particolare del cardinale Lubomyr Husar. Ricordando l&#8217;umilt\u00e0 e la saggezza del cardinale Husar, ha citato: \u201cIl mio sogno nella vita \u00e8 di essere un essere umano\u2026 la mia preghiera \u00e8 di essere un essere umano buono e normale\u201d.<\/p>\n\n\n\n<p><strong>Ministero in Oceania: Un missionario per la pace<\/strong><\/p>\n\n\n\n<p>Come vescovo redentorista in servizio in Australia, Nuova Zelanda e Oceania, il cardinale Bychok ha affrontato le sfide del ministero in societ\u00e0 profondamente secolari. Ha descritto la sua missione come quella di aiutare le persone a riscoprire l&#8217;amore di Dio attraverso i sacramenti e la comunit\u00e0 di fede.<\/p>\n\n\n\n<p>\u201cSiamo chiamati a essere missionari per aiutare le persone a vedere che la Chiesa \u00e8 il luogo dove possono incontrare il Dio vivente nel modo pi\u00f9 bello, attraverso i Santi Sacramenti, la Confessione e la Comunione\u201d.<\/p>\n\n\n\n<p>Il ministero del Cardinale Bychok riflette il carisma redentorista di raggiungere coloro che sono ai margini. Una delle sue maggiori preoccupazioni pastorali \u00e8 la secolarizzazione, che considera una sfida crescente per la Chiesa a livello globale. Tuttavia, rimane fiducioso, sottolineando che vivere una vita cristiana autentica pu\u00f2 ispirare gli altri a incontrare Cristo: \u201cPrima di tutto, dovremmo dimostrare con la nostra vita che viviamo Cristo, perch\u00e9 quando gli altri guarderanno la nostra vita, vedranno attraverso di noi\u201d.<\/p>\n\n\n\n<figure class=\"wp-block-image size-large is-style-default\"><a href=\"https:\/\/www.cssr.news\/italian\/wp-content\/uploads\/sites\/2\/2024\/12\/sn241210-CardBychok4.jpg\"><img width=\"1024\" height=\"524\" src=\"https:\/\/www.cssr.news\/italian\/wp-content\/uploads\/sites\/2\/2024\/12\/sn241210-CardBychok4-1024x524.jpg\" alt=\"\" class=\"wp-image-27684\" srcset=\"https:\/\/www.cssr.news\/italian\/wp-content\/uploads\/sites\/2\/2024\/12\/sn241210-CardBychok4-1024x524.jpg 1024w, https:\/\/www.cssr.news\/italian\/wp-content\/uploads\/sites\/2\/2024\/12\/sn241210-CardBychok4-300x153.jpg 300w, https:\/\/www.cssr.news\/italian\/wp-content\/uploads\/sites\/2\/2024\/12\/sn241210-CardBychok4-768x393.jpg 768w, https:\/\/www.cssr.news\/italian\/wp-content\/uploads\/sites\/2\/2024\/12\/sn241210-CardBychok4-1536x785.jpg 1536w, https:\/\/www.cssr.news\/italian\/wp-content\/uploads\/sites\/2\/2024\/12\/sn241210-CardBychok4-2048x1047.jpg 2048w, https:\/\/www.cssr.news\/italian\/wp-content\/uploads\/sites\/2\/2024\/12\/sn241210-CardBychok4-696x356.jpg 696w, https:\/\/www.cssr.news\/italian\/wp-content\/uploads\/sites\/2\/2024\/12\/sn241210-CardBychok4-1068x546.jpg 1068w, https:\/\/www.cssr.news\/italian\/wp-content\/uploads\/sites\/2\/2024\/12\/sn241210-CardBychok4-821x420.jpg 821w\" sizes=\"(max-width: 1024px) 100vw, 1024px\" \/><\/a><figcaption><em>Il Cardinale Bychok con i membri del Governo Generale presso la Comunit\u00e0 di Sant&#8217;Alfonso a Roma<\/em><\/figcaption><\/figure>\n\n\n\n<p><strong>Un cardinale con un cuore redentorista:<\/strong><\/p>\n\n\n\n<p>Riflettendo sulla sua formazione redentorista, il cardinale Bychok ha riconosciuto alla comunit\u00e0 il merito di aver plasmato la sua spiritualit\u00e0 e la sua vocazione. Ha scoperto la sua vocazione a 15 anni grazie alla guida dei missionari redentoristi e dei mentori spirituali.<\/p>\n\n\n\n<p>\u201cLo zelo dei Redentoristi nel predicare la Parola di Dio e la loro dedizione nel servire Dio mi hanno ispirato e acceso il desiderio di essere uno di loro\u201d. Anche ora, da cardinale, il carisma redentorista rimane centrale nel suo ministero. La sua umilt\u00e0 e il suo impegno nel servizio sono in linea con la visione di Papa Francesco dei cardinali come \u201cservitori piuttosto che eminenze\u201d.<\/p>\n\n\n\n<figure class=\"wp-block-gallery columns-2 is-cropped\"><ul class=\"blocks-gallery-grid\"><li class=\"blocks-gallery-item\"><figure><a href=\"https:\/\/www.cssr.news\/italian\/wp-content\/uploads\/sites\/2\/2024\/12\/sn241210-CardBychok5.jpeg\"><img width=\"1024\" height=\"682\" src=\"https:\/\/www.cssr.news\/italian\/wp-content\/uploads\/sites\/2\/2024\/12\/sn241210-CardBychok5-1024x682.jpeg\" alt=\"\" data-id=\"27685\" data-full-url=\"https:\/\/www.cssr.news\/italian\/wp-content\/uploads\/sites\/2\/2024\/12\/sn241210-CardBychok5.jpeg\" data-link=\"https:\/\/www.cssr.news\/italian\/?attachment_id=27685\" class=\"wp-image-27685\" srcset=\"https:\/\/www.cssr.news\/italian\/wp-content\/uploads\/sites\/2\/2024\/12\/sn241210-CardBychok5-1024x682.jpeg 1024w, https:\/\/www.cssr.news\/italian\/wp-content\/uploads\/sites\/2\/2024\/12\/sn241210-CardBychok5-300x200.jpeg 300w, https:\/\/www.cssr.news\/italian\/wp-content\/uploads\/sites\/2\/2024\/12\/sn241210-CardBychok5-768x512.jpeg 768w, https:\/\/www.cssr.news\/italian\/wp-content\/uploads\/sites\/2\/2024\/12\/sn241210-CardBychok5-1536x1023.jpeg 1536w, https:\/\/www.cssr.news\/italian\/wp-content\/uploads\/sites\/2\/2024\/12\/sn241210-CardBychok5-696x464.jpeg 696w, https:\/\/www.cssr.news\/italian\/wp-content\/uploads\/sites\/2\/2024\/12\/sn241210-CardBychok5-1068x712.jpeg 1068w, https:\/\/www.cssr.news\/italian\/wp-content\/uploads\/sites\/2\/2024\/12\/sn241210-CardBychok5-630x420.jpeg 630w, https:\/\/www.cssr.news\/italian\/wp-content\/uploads\/sites\/2\/2024\/12\/sn241210-CardBychok5.jpeg 1921w\" sizes=\"(max-width: 1024px) 100vw, 1024px\" \/><\/a><\/figure><\/li><li class=\"blocks-gallery-item\"><figure><a href=\"https:\/\/www.cssr.news\/italian\/wp-content\/uploads\/sites\/2\/2024\/12\/sn241210-cardBychok6.jpeg\"><img width=\"1024\" height=\"682\" src=\"https:\/\/www.cssr.news\/italian\/wp-content\/uploads\/sites\/2\/2024\/12\/sn241210-cardBychok6-1024x682.jpeg\" alt=\"\" data-id=\"27686\" data-full-url=\"https:\/\/www.cssr.news\/italian\/wp-content\/uploads\/sites\/2\/2024\/12\/sn241210-cardBychok6.jpeg\" data-link=\"https:\/\/www.cssr.news\/italian\/?attachment_id=27686\" class=\"wp-image-27686\" srcset=\"https:\/\/www.cssr.news\/italian\/wp-content\/uploads\/sites\/2\/2024\/12\/sn241210-cardBychok6-1024x682.jpeg 1024w, https:\/\/www.cssr.news\/italian\/wp-content\/uploads\/sites\/2\/2024\/12\/sn241210-cardBychok6-300x200.jpeg 300w, https:\/\/www.cssr.news\/italian\/wp-content\/uploads\/sites\/2\/2024\/12\/sn241210-cardBychok6-768x512.jpeg 768w, https:\/\/www.cssr.news\/italian\/wp-content\/uploads\/sites\/2\/2024\/12\/sn241210-cardBychok6-1536x1024.jpeg 1536w, https:\/\/www.cssr.news\/italian\/wp-content\/uploads\/sites\/2\/2024\/12\/sn241210-cardBychok6-696x464.jpeg 696w, https:\/\/www.cssr.news\/italian\/wp-content\/uploads\/sites\/2\/2024\/12\/sn241210-cardBychok6-1068x712.jpeg 1068w, https:\/\/www.cssr.news\/italian\/wp-content\/uploads\/sites\/2\/2024\/12\/sn241210-cardBychok6-630x420.jpeg 630w, https:\/\/www.cssr.news\/italian\/wp-content\/uploads\/sites\/2\/2024\/12\/sn241210-cardBychok6.jpeg 1697w\" sizes=\"(max-width: 1024px) 100vw, 1024px\" \/><\/a><\/figure><\/li><\/ul><\/figure>\n\n\n\n<p><strong>Una Chiesa globale e inclusiva:<\/strong><\/p>\n\n\n\n<p>Questo concistoro ha evidenziato la missione di Papa Francesco di rendere il Collegio cardinalizio pi\u00f9 rappresentativo della Chiesa universale. Con nuovi membri provenienti dall&#8217;Africa, dall&#8217;Asia e dall&#8217;Oceania, il Collegio comprende ora rappresentanti di 90 Paesi. Essendo uno dei 140 cardinali sotto gli 80 anni con diritto di voto in un conclave papale, il cardinale Bychok porta una prospettiva unica sia come giovane leader che come rappresentante della congregazione redentorista.<\/p>\n\n\n\n<p><strong>Speranza per il futuro:<\/strong><\/p>\n\n\n\n<p>Come cardinale pi\u00f9 giovane, il cardinale Bychok porta con s\u00e9 la speranza di una nuova generazione nella Chiesa. Ha esortato i giovani a seguire Cristo vivendo in modo autentico e stando vicino a coloro che sono abbandonati ed emarginati:<\/p>\n\n\n\n<p>\u201cIl modo migliore per mostrare Cristo ai giovani \u00e8 seguire il suo esempio: essere vicini alle persone e vivere una vita di servizio\u201d.<\/p>\n\n\n\n<p>L&#8217;elevazione del Cardinale Bychok al Collegio Cardinalizio \u00e8 motivo di orgoglio per la famiglia Redentorista mondiale e un faro di speranza per un mondo che anela alla pace, alla giustizia e alla testimonianza autentica. La sua voce, radicata nella fede e plasmata dal servizio, risuoner\u00e0 senza dubbio nelle sale del Vaticano e oltre.<\/p>\n\n\n\n<p>Il fatto che il cardinale Mykola Bychok sia stato onorato il 9 dicembre dalla comunit\u00e0 di Sant&#8217;Alfonso a Roma la dice lunga sul rispetto e l&#8217;amore che la comunit\u00e0 nutre per lui. Ospitare una cena speciale come espressione di gratitudine \u00e8 un modo meraviglioso per celebrare i suoi contributi e la sua leadership. \u00c8 anche profondamente commovente vedere i Redentoristi ucraini riunirsi per questa occasione, evidenziando l&#8217;unit\u00e0 e il sostegno all&#8217;interno della Chiesa, specialmente in tempi difficili per l&#8217;Ucraina.<\/p>\n\n\n\n<p>P. Prince Thekkepuram, CSsR.<\/p>\n","protected":false},"excerpt":{"rendered":"<p>Il concistoro tenutosi il 7 dicembre 2024 nella Basilica di San Pietro \u00e8 stato un momento profondo nella vita della Chiesa cattolica. Presieduto da Papa Francesco ha elevato 21 nuovi cardinali al Collegio cardinalizio, espandendo il numero dei membri a 253. Tra i nuovi membri, due si sono distinti: Sua Eminenza Angelo Acerbi, vescovo italiano [&hellip;]<\/p>\n","protected":false},"author":23,"featured_media":27680,"comment_status":"closed","ping_status":"closed","sticky":false,"template":"","format":"standard","meta":{"_mi_skip_tracking":false},"categories":[13,2],"tags":[],"_links":{"self":[{"href":"https:\/\/www.cssr.news\/italian\/wp-json\/wp\/v2\/posts\/27679"}],"collection":[{"href":"https:\/\/www.cssr.news\/italian\/wp-json\/wp\/v2\/posts"}],"about":[{"href":"https:\/\/www.cssr.news\/italian\/wp-json\/wp\/v2\/types\/post"}],"author":[{"embeddable":true,"href":"https:\/\/www.cssr.news\/italian\/wp-json\/wp\/v2\/users\/23"}],"replies":[{"embeddable":true,"href":"https:\/\/www.cssr.news\/italian\/wp-json\/wp\/v2\/comments?post=27679"}],"version-history":[{"count":2,"href":"https:\/\/www.cssr.news\/italian\/wp-json\/wp\/v2\/posts\/27679\/revisions"}],"predecessor-version":[{"id":27687,"href":"https:\/\/www.cssr.news\/italian\/wp-json\/wp\/v2\/posts\/27679\/revisions\/27687"}],"wp:featuredmedia":[{"embeddable":true,"href":"https:\/\/www.cssr.news\/italian\/wp-json\/wp\/v2\/media\/27680"}],"wp:attachment":[{"href":"https:\/\/www.cssr.news\/italian\/wp-json\/wp\/v2\/media?parent=27679"}],"wp:term":[{"taxonomy":"category","embeddable":true,"href":"https:\/\/www.cssr.news\/italian\/wp-json\/wp\/v2\/categories?post=27679"},{"taxonomy":"post_tag","embeddable":true,"href":"https:\/\/www.cssr.news\/italian\/wp-json\/wp\/v2\/tags?post=27679"}],"curies":[{"name":"wp","href":"https:\/\/api.w.org\/{rel}","templated":true}]}}