{"id":27728,"date":"2024-12-11T17:02:44","date_gmt":"2024-12-11T15:02:44","guid":{"rendered":"https:\/\/www.cssr.news\/italian\/?p=27728"},"modified":"2024-12-12T22:48:21","modified_gmt":"2024-12-12T20:48:21","slug":"nicaragua-chi-provoca-tanta-gioia-la-concezione-di-maria","status":"publish","type":"post","link":"https:\/\/www.cssr.news\/italian\/2024\/12\/nicaragua-chi-provoca-tanta-gioia-la-concezione-di-maria\/","title":{"rendered":"Nicaragua: chi provoca tanta gioia? La Concezione di Maria!"},"content":{"rendered":"\n<p><em>&#8220;In questa Solennit\u00e0 dell&#8217;Immacolata Concezione di Maria, sono particolarmente vicino ai nicaraguensi.<\/em>&nbsp;<em>Vi invito a unirvi in preghiera per la Chiesa e il popolo del Nicaragua, che celebrano l&#8217;Immacolata Concezione come Madre e Patrona e le rivolgono un grido di fede e di speranza.<\/em>&nbsp;<em>La Madre celeste sia la loro consolazione nelle difficolt\u00e0 e nelle incertezze, e apra i cuori di tutti, affinch\u00e9 si cerchi sempre la via del dialogo rispettoso e costruttivo per promuovere la pace, la fraternit\u00e0 e la concordia nel Paese&#8221;<\/em>, sono le parole del Santo Padre dopo l&#8217;Angelus dell&#8217;8 dicembre di quest&#8217;anno 2024.<\/p>\n\n\n\n<p>\u00c8 insolito che un Papa chieda di pregare per un Paese in una delle feste mariane pi\u00f9 celebrate nel mondo cattolico. C&#8217;\u00e8 un motivo, o meglio ci sono diversi motivi per cui Papa Francesco ci invita a interessarci a quanto sta accadendo in questo Paese centroamericano.<\/p>\n\n\n\n<p>Raccogliendo quel poco che viene pubblicato dalle agenzie di stampa, sappiamo che la Chiesa cattolica in Nicaragua sta vivendo una dura persecuzione, il carcere e l&#8217;esilio, che risale ad anni fa, ma che negli ultimi mesi si \u00e8 intensificata ancora di pi\u00f9. Sappiamo che la dittatura nicaraguense ha espulso suore, chiuso i media cattolici, sequestrato istituzioni ed edifici ecclesiastici e mandato in esilio o in prigione sacerdoti e vescovi.<\/p>\n\n\n\n<p>Questo invito alla preghiera risponde all&#8217;attuale crisi del Nicaragua. Il governo Ortega ha espulso pi\u00f9 di 200 leader religiosi e arrestato membri del clero. Di recente, il presidente della Conferenza episcopale, monsignor Carlos Herrera, vescovo di Jinotega, \u00e8 stato esiliato, diventando il terzo vescovo nicaraguense espulso dal Paese nell&#8217;ultimo anno.<\/p>\n\n\n\n<p>Pochi giorni fa, il 2 dicembre,&nbsp;<a href=\"https:\/\/press.vatican.va\/content\/salastampa\/it\/bollettino\/pubblico\/2024\/12\/02\/0952\/01902.html\">il Santo Padre ha scritto una lettera ai \u201cCari fratelli e sorelle in Cristo dell&#8217;amata Chiesa in Nicaragua\u201d<\/a>. La sua lettera inizia con queste parole:&nbsp;<em>&#8220;Da tempo desideravo scrivervi una lettera pastorale per ribadire, ancora una volta, l&#8217;affetto che professo per il popolo nicaraguense, che si \u00e8 sempre distinto per uno straordinario amore per Dio, che voi chiamate cos\u00ec affettuosamente Papachu.<\/em>&nbsp;<em>Sono con voi, soprattutto in questi giorni in cui state celebrando la Novena dell&#8217;Immacolata Concezione\u201d.<\/em><\/p>\n\n\n\n<p>Sono due cose importanti per la vita di un popolo che cammina nella storia del Centroamerica: l&#8217;affetto per Papach\u00fa e la devozione NAZIONALE alla patrona del Nicaragua, l&#8217;Immacolata Concezione. In effetti, rivolgersi a Dio in questo modo familiare \u00e8 stata una forza speciale per i cattolici che si sono impegnati a costruire il Regno di fronte alle difficolt\u00e0 della societ\u00e0 civile in questo Paese di trasformazioni storiche. Mentre proclamare pubblicamente la devozione all&#8217;Immacolata Concezione \u00e8 diventata una caratteristica essenziale dei cattolici nicaraguensi.<\/p>\n\n\n\n<p>Per questo il Papa scrive loro insistendo su questa forza popolare<em>: \u201cNon dimenticate l&#8217;amorevole Provvidenza del Signore, che ci accompagna ed \u00e8 l&#8217;unica guida sicura.<\/em>&nbsp;<em>Proprio nei momenti pi\u00f9 difficili, quando diventa umanamente impossibile capire cosa Dio vuole da noi, siamo chiamati a non dubitare della sua cura e della sua misericordia.<\/em>&nbsp;<em>La fiducia filiale che avete in Lui e anche la vostra fedelt\u00e0 alla Chiesa sono i due grandi fari che illuminano la vostra esistenza<\/em>\u201d.<\/p>\n\n\n\n<p>Il Santo Padre continua la sua lettera con parole che gradualmente diventano per noi profumate di predicazione redentorista:<\/p>\n\n\n\n<p><em>&#8220;Camminare insieme sostenuti dalla tenera devozione a Maria ci fa seguire tenacemente la via del Vangelo e ci porta a rinnovare la nostra fiducia in Dio&#8230; Vi affido alla protezione dell&#8217;Immacolata Concezione.<\/em>&nbsp;<em>L&#8217;avete scelta come Madre del vostro popolo.<\/em>&nbsp;<em>Questo \u00e8 il grido semplice e profondamente fiducioso: \u201c&nbsp;<\/em><strong><em><strong>Maria del Nicaragua, Nicaragua di Maria\u201d.<\/strong><\/em><\/strong><em>&nbsp;Che sia cos\u00ec!<\/em><\/p>\n\n\n\n<p><strong>I Redentoristi in Nicaragua<\/strong><\/p>\n\n\n\n<p>Il popolo del Nicaragua ha sempre preparato le feste della Vergine con grande fede.&nbsp;<strong>Darwin Espinal, CSsR,<\/strong>&nbsp;che lavora nella parrocchia del Santissimo Redentore a Managua, la capitale del Nicaragua (<a href=\"https:\/\/www.cssr.news\/italian\/2022\/06\/il-perpetuo-soccorso-e-nel-cuore-del-popolo-di-nicaragua\/\">El Perpetuo Socorro \u00e8 nel cuore del popolo nicaraguense<\/a>).<\/p>\n\n\n\n<p>Come fatto curioso, in Nicaragua l&#8217;icona della Vergine ha preceduto i missionari redentoristi, secondo il libro&nbsp;<em>Santa Mar\u00eda del Perpetuo Socorro, Madre de Misericordia<\/em>&nbsp;(2015), del confratello nicaraguense&nbsp;<strong>Bosco Rodr\u00edguez Alvarado CSsR,<\/strong>&nbsp;c&#8217;\u00e8 un olio su tela, risalente al 1914, che troneggia nella parrocchia di Calvario, nel dipartimento di Chinandega, anno in cui i figli di Sant&#8217;Alfonso non erano ancora arrivati in queste terre di laghi e vulcani.<\/p>\n\n\n\n<p>Oggi, in un Paese in crisi dove la Chiesa perisce ogni giorno e diventa sempre pi\u00f9 difficile annunciare il Vangelo ai pi\u00f9 bisognosi, i Redentoristi accompagnano il popolo di Dio, testimoniando il loro impegno per la giustizia. Nella parrocchia del Santissimo Redentore di Managua,&nbsp;<a href=\"https:\/\/www.cssr.news\/italian\/2023\/03\/nicaragua-professione-perpetua-in-un-paese-in-crisi\/\">il bismarcato nicaraguense Antonio Matus ha emesso la professione perpetua domenica 5 marzo 2023<\/a>&nbsp;e la comunit\u00e0 parrocchiale ha festeggiato il suo impegno.<\/p>\n\n\n\n<p>Ma la famiglia redentorista non si limita a una presenza fisica in questo Paese. \u00c8 sempre accompagnata dalla solidariet\u00e0 internazionale dimostrata dalle diverse comunit\u00e0 in varie parti del mondo. In America e in Spagna continuano a organizzare attivit\u00e0 che promuovono la preghiera e la consapevolezza della solidariet\u00e0 per un Paese libero e credente.<\/p>\n\n\n\n<figure class=\"wp-block-image size-large is-style-default\"><img src=\"https:\/\/www.cssr.news\/spanish\/wp-content\/uploads\/sites\/3\/2024\/12\/sn2024_nicaragua_madrid-1024x590.jpg\" alt=\"\"\/><\/figure>\n\n\n\n<p><em>Foto: Parroquia Sant\u00edsimo Redentor di Madrid &#8211; Celebrazione per il Nicaragua nel 2022<\/em><\/p>\n\n\n\n<p>Ascoltiamo l&#8217;invito del Papa a continuare ad accompagnare i nostri confratelli in questo difficile territorio di missione per poter dire insieme:&nbsp;<strong><em><strong>Maria del Nicaragua, Nicaragua di Maria &#8211;<\/strong><\/em><\/strong><em>&nbsp;che sia cos\u00ec!\u201d.<\/em><\/p>\n\n\n\n<p>(Carlos Espinoza &#8211; Scala News)<\/p>\n","protected":false},"excerpt":{"rendered":"<p>&#8220;In questa Solennit\u00e0 dell&#8217;Immacolata Concezione di Maria, sono particolarmente vicino ai nicaraguensi.&nbsp;Vi invito a unirvi in preghiera per la Chiesa e il popolo del Nicaragua, che celebrano l&#8217;Immacolata Concezione come Madre e Patrona e le rivolgono un grido di fede e di speranza.&nbsp;La Madre celeste sia la loro consolazione nelle difficolt\u00e0 e nelle incertezze, e [&hellip;]<\/p>\n","protected":false},"author":23,"featured_media":27729,"comment_status":"closed","ping_status":"closed","sticky":false,"template":"","format":"standard","meta":{"_mi_skip_tracking":false},"categories":[32],"tags":[],"_links":{"self":[{"href":"https:\/\/www.cssr.news\/italian\/wp-json\/wp\/v2\/posts\/27728"}],"collection":[{"href":"https:\/\/www.cssr.news\/italian\/wp-json\/wp\/v2\/posts"}],"about":[{"href":"https:\/\/www.cssr.news\/italian\/wp-json\/wp\/v2\/types\/post"}],"author":[{"embeddable":true,"href":"https:\/\/www.cssr.news\/italian\/wp-json\/wp\/v2\/users\/23"}],"replies":[{"embeddable":true,"href":"https:\/\/www.cssr.news\/italian\/wp-json\/wp\/v2\/comments?post=27728"}],"version-history":[{"count":2,"href":"https:\/\/www.cssr.news\/italian\/wp-json\/wp\/v2\/posts\/27728\/revisions"}],"predecessor-version":[{"id":27735,"href":"https:\/\/www.cssr.news\/italian\/wp-json\/wp\/v2\/posts\/27728\/revisions\/27735"}],"wp:featuredmedia":[{"embeddable":true,"href":"https:\/\/www.cssr.news\/italian\/wp-json\/wp\/v2\/media\/27729"}],"wp:attachment":[{"href":"https:\/\/www.cssr.news\/italian\/wp-json\/wp\/v2\/media?parent=27728"}],"wp:term":[{"taxonomy":"category","embeddable":true,"href":"https:\/\/www.cssr.news\/italian\/wp-json\/wp\/v2\/categories?post=27728"},{"taxonomy":"post_tag","embeddable":true,"href":"https:\/\/www.cssr.news\/italian\/wp-json\/wp\/v2\/tags?post=27728"}],"curies":[{"name":"wp","href":"https:\/\/api.w.org\/{rel}","templated":true}]}}