{"id":31551,"date":"2025-11-22T18:07:42","date_gmt":"2025-11-22T16:07:42","guid":{"rendered":"https:\/\/www.cssr.news\/italian\/?p=31551"},"modified":"2025-11-22T18:07:44","modified_gmt":"2025-11-22T16:07:44","slug":"nuovo-consultore-generale-p-gerardo-hernandez-carrasquillo-c-ss-r","status":"publish","type":"post","link":"https:\/\/www.cssr.news\/italian\/2025\/11\/nuovo-consultore-generale-p-gerardo-hernandez-carrasquillo-c-ss-r\/","title":{"rendered":"Nuovo Consultore Generale: P. Gerardo Hern\u00e1ndez Carrasquillo, C.Ss.R."},"content":{"rendered":"\n<p>Il Governo Generale della Congregazione del Santissimo Redentore, al termine di un\u00a0processo di consulta, preghiera e discernimento, annuncia con gioia la nomina del\u00a0<strong>P. Gerardo Hern\u00e1ndez Carrasquillo, C.Ss.R.<\/strong>, come nuovo\u00a0<strong>Consultore Generale<\/strong>. L\u2019elezione \u00e8 avvenuta durante la sessione del\u00a0<strong>21 novembre 2025<\/strong>.<\/p>\n\n\n\n<p>P. Gerardo appartiene alla\u00a0<strong>Provincia di Madre del Perpetuo Socorso \u2013 Am\u00e9rica Central y El Caribe<\/strong>\u00a0e, fino a questo momento, ha ricoperto il ruolo di\u00a0<strong>Segretario Esecutivo per la Formazione<\/strong>\u00a0per tutta la Congregazione. Con spirito di disponibilit\u00e0 e servizio, assume ora questa nuova responsabilit\u00e0 per il tempo restante dell\u2019attuale sessennio (2022\u20132028).<\/p>\n\n\n\n<p><strong>Breve biografia<\/strong><\/p>\n\n\n\n<p>Il P. Gerardo Hern\u00e1ndez Carrasquillo \u00e8 nato il 15 gennaio 1965 a Caguas, Porto Rico. \u00c8 entrato nella vita religiosa nella Congregazione del Santissimo Redentore, emettendo la prima professione il 1\u00ba agosto 1985 e la professione perpetua il 1\u00ba agosto 1990. \u00c8 stato ordinato sacerdote il 18 dicembre 1992.<\/p>\n\n\n\n<p>Nel corso di quasi trent\u2019anni di servizio alla Congregazione, ha ricoperto vari incarichi pastorali e formativi. Ha fatto parte del Segretariato Provinciale di Formazione della ex Provincia di San Juan (1996\u20132010) e ha servito come Maestro dei novizi (2002\u20132003). \u00c8 stato membro del Consiglio Straordinario della stessa Provincia nei periodi 2002\u20132010 e 2015\u20132019. Ha svolto anche il ministero pastorale come parroco (2005\u20132007; 2015\u20132019). Successivamente \u00e8 stato eletto Superiore Provinciale dei Redentoristi di Porto Rico e Repubblica Dominicana (2019\u20132023) e, dal 2023, prestava servizio a Roma come Segretario Esecutivo per la Formazione.<\/p>\n\n\n\n<p>La Congregazione e tutta la Famiglia Redentorista esprimono i migliori auguri al P. Gerardo per questa nuova missione e affidano il suo servizio al Santissimo Redentore affinch\u00e9 lo accompagni con abbondanti benedizioni.<\/p>\n\n\n\n<p><em>Ufficio del Segretario Generale C.Ss.R.<\/em><\/p>\n","protected":false},"excerpt":{"rendered":"<p>Il Governo Generale della Congregazione del Santissimo Redentore, al termine di un\u00a0processo di consulta, preghiera e discernimento, annuncia con gioia la nomina del\u00a0P. Gerardo Hern\u00e1ndez Carrasquillo, C.Ss.R., come nuovo\u00a0Consultore Generale. L\u2019elezione \u00e8 avvenuta durante la sessione del\u00a021 novembre 2025. P. Gerardo appartiene alla\u00a0Provincia di Madre del Perpetuo Socorso \u2013 Am\u00e9rica Central y El Caribe\u00a0e, fino [&hellip;]<\/p>\n","protected":false},"author":23,"featured_media":31552,"comment_status":"closed","ping_status":"closed","sticky":false,"template":"","format":"standard","meta":{"_mi_skip_tracking":false},"categories":[11],"tags":[],"_links":{"self":[{"href":"https:\/\/www.cssr.news\/italian\/wp-json\/wp\/v2\/posts\/31551"}],"collection":[{"href":"https:\/\/www.cssr.news\/italian\/wp-json\/wp\/v2\/posts"}],"about":[{"href":"https:\/\/www.cssr.news\/italian\/wp-json\/wp\/v2\/types\/post"}],"author":[{"embeddable":true,"href":"https:\/\/www.cssr.news\/italian\/wp-json\/wp\/v2\/users\/23"}],"replies":[{"embeddable":true,"href":"https:\/\/www.cssr.news\/italian\/wp-json\/wp\/v2\/comments?post=31551"}],"version-history":[{"count":1,"href":"https:\/\/www.cssr.news\/italian\/wp-json\/wp\/v2\/posts\/31551\/revisions"}],"predecessor-version":[{"id":31553,"href":"https:\/\/www.cssr.news\/italian\/wp-json\/wp\/v2\/posts\/31551\/revisions\/31553"}],"wp:featuredmedia":[{"embeddable":true,"href":"https:\/\/www.cssr.news\/italian\/wp-json\/wp\/v2\/media\/31552"}],"wp:attachment":[{"href":"https:\/\/www.cssr.news\/italian\/wp-json\/wp\/v2\/media?parent=31551"}],"wp:term":[{"taxonomy":"category","embeddable":true,"href":"https:\/\/www.cssr.news\/italian\/wp-json\/wp\/v2\/categories?post=31551"},{"taxonomy":"post_tag","embeddable":true,"href":"https:\/\/www.cssr.news\/italian\/wp-json\/wp\/v2\/tags?post=31551"}],"curies":[{"name":"wp","href":"https:\/\/api.w.org\/{rel}","templated":true}]}}