{"id":31593,"date":"2025-11-26T12:18:00","date_gmt":"2025-11-26T10:18:00","guid":{"rendered":"https:\/\/www.cssr.news\/italian\/?p=31593"},"modified":"2025-11-27T09:59:21","modified_gmt":"2025-11-27T07:59:21","slug":"polonia-mostra-dedicata-al-venerabile-servo-di-dio-padre-bernard-lubienski","status":"publish","type":"post","link":"https:\/\/www.cssr.news\/italian\/2025\/11\/polonia-mostra-dedicata-al-venerabile-servo-di-dio-padre-bernard-lubienski\/","title":{"rendered":"Polonia: Mostra dedicata al venerabile servo di Dio padre Bernard \u0141ubie\u0144ski"},"content":{"rendered":"\n<p><strong>Domenica scorsa, il 23 novembre, nel Santuario della Madonna Stella dell&#8217;Evangelizzazione e di San Giovanni Paolo II a Toru\u0144 \u00e8 stata inaugurata una mostra temporanea intitolata \u201cMissionario portatore di speranza\u201d, dedicata alla vita e all&#8217;opera del redentorista polacco, venerabile servo di Dio padre Bernard \u0141ubie\u0144ski. Sar\u00e0 accessibile ai pellegrini per i prossimi 3 mesi.<\/strong><\/p>\n\n\n\n<p>Si tratta di un evento importante, poich\u00e9 presso del Santuario esiste una comunit\u00e0 di persone che prega per il miracolo necessario alla beatificazione di padre Bernard, la cui eroicit\u00e0 delle virt\u00f9 \u00e8 stata approvata da Papa Francesco nel marzo 2018. Ogni 10 del mese, dopo le Messe, viene recitata una preghiera per la beatificazione e, dopo la Messa serale, la suddetta comunit\u00e0 tiene il suo incontro di formazione.<\/p>\n\n\n\n<p>I redentoristi parlano spesso ai fedeli di padre Bernard \u0141ubie\u0144ski, che sta diventando sempre pi\u00f9 conosciuto nella nostra comunit\u00e0, anche grazie alle immagini distribuite con la preghiera per il miracolo e la beatificazione. Notiamo con gioia che alcune famiglie ordinano sistematicamente messe per i loro malati, chiedendo per loro il miracolo della guarigione per intercessione del venerabile servo di Dio.<\/p>\n\n\n\n<figure class=\"wp-block-gallery columns-2 is-cropped\"><ul class=\"blocks-gallery-grid\"><li class=\"blocks-gallery-item\"><figure><a href=\"http:\/\/www.cssr.news\/italian\/wp-content\/uploads\/sites\/2\/2025\/11\/sn251126-Lubienski-mostra5ed.jpg\"><img width=\"1024\" height=\"683\" src=\"http:\/\/www.cssr.news\/italian\/wp-content\/uploads\/sites\/2\/2025\/11\/sn251126-Lubienski-mostra5ed-1024x683.jpg\" alt=\"\" data-id=\"31595\" data-full-url=\"http:\/\/www.cssr.news\/italian\/wp-content\/uploads\/sites\/2\/2025\/11\/sn251126-Lubienski-mostra5ed.jpg\" data-link=\"https:\/\/www.cssr.news\/italian\/?attachment_id=31595\" class=\"wp-image-31595\" srcset=\"https:\/\/www.cssr.news\/italian\/wp-content\/uploads\/sites\/2\/2025\/11\/sn251126-Lubienski-mostra5ed-1024x683.jpg 1024w, https:\/\/www.cssr.news\/italian\/wp-content\/uploads\/sites\/2\/2025\/11\/sn251126-Lubienski-mostra5ed-300x200.jpg 300w, https:\/\/www.cssr.news\/italian\/wp-content\/uploads\/sites\/2\/2025\/11\/sn251126-Lubienski-mostra5ed-768x512.jpg 768w, https:\/\/www.cssr.news\/italian\/wp-content\/uploads\/sites\/2\/2025\/11\/sn251126-Lubienski-mostra5ed-1536x1024.jpg 1536w, https:\/\/www.cssr.news\/italian\/wp-content\/uploads\/sites\/2\/2025\/11\/sn251126-Lubienski-mostra5ed-2048x1365.jpg 2048w, https:\/\/www.cssr.news\/italian\/wp-content\/uploads\/sites\/2\/2025\/11\/sn251126-Lubienski-mostra5ed-696x464.jpg 696w, https:\/\/www.cssr.news\/italian\/wp-content\/uploads\/sites\/2\/2025\/11\/sn251126-Lubienski-mostra5ed-1068x712.jpg 1068w, https:\/\/www.cssr.news\/italian\/wp-content\/uploads\/sites\/2\/2025\/11\/sn251126-Lubienski-mostra5ed-630x420.jpg 630w\" sizes=\"(max-width: 1024px) 100vw, 1024px\" \/><\/a><\/figure><\/li><li class=\"blocks-gallery-item\"><figure><a href=\"http:\/\/www.cssr.news\/italian\/wp-content\/uploads\/sites\/2\/2025\/11\/torun-gwiazda-1-scaleded.jpg\"><img width=\"1024\" height=\"749\" src=\"http:\/\/www.cssr.news\/italian\/wp-content\/uploads\/sites\/2\/2025\/11\/torun-gwiazda-1-scaleded-1024x749.jpg\" alt=\"\" data-id=\"31596\" data-full-url=\"http:\/\/www.cssr.news\/italian\/wp-content\/uploads\/sites\/2\/2025\/11\/torun-gwiazda-1-scaleded.jpg\" data-link=\"https:\/\/www.cssr.news\/italian\/?attachment_id=31596\" class=\"wp-image-31596\" srcset=\"https:\/\/www.cssr.news\/italian\/wp-content\/uploads\/sites\/2\/2025\/11\/torun-gwiazda-1-scaleded-1024x749.jpg 1024w, https:\/\/www.cssr.news\/italian\/wp-content\/uploads\/sites\/2\/2025\/11\/torun-gwiazda-1-scaleded-300x219.jpg 300w, https:\/\/www.cssr.news\/italian\/wp-content\/uploads\/sites\/2\/2025\/11\/torun-gwiazda-1-scaleded-768x562.jpg 768w, https:\/\/www.cssr.news\/italian\/wp-content\/uploads\/sites\/2\/2025\/11\/torun-gwiazda-1-scaleded-1536x1123.jpg 1536w, https:\/\/www.cssr.news\/italian\/wp-content\/uploads\/sites\/2\/2025\/11\/torun-gwiazda-1-scaleded-80x60.jpg 80w, https:\/\/www.cssr.news\/italian\/wp-content\/uploads\/sites\/2\/2025\/11\/torun-gwiazda-1-scaleded-696x509.jpg 696w, https:\/\/www.cssr.news\/italian\/wp-content\/uploads\/sites\/2\/2025\/11\/torun-gwiazda-1-scaleded-1068x781.jpg 1068w, https:\/\/www.cssr.news\/italian\/wp-content\/uploads\/sites\/2\/2025\/11\/torun-gwiazda-1-scaleded-574x420.jpg 574w, https:\/\/www.cssr.news\/italian\/wp-content\/uploads\/sites\/2\/2025\/11\/torun-gwiazda-1-scaleded.jpg 1600w\" sizes=\"(max-width: 1024px) 100vw, 1024px\" \/><\/a><\/figure><\/li><\/ul><\/figure>\n\n\n\n<p>Speriamo che la mostra nel nostro santuario contribuisca a diffondere la figura di padre \u0141ubie\u0144ski tra i pellegrini.<\/p>\n\n\n\n<p><em>Pastoral Team del santuario<\/em> \/<em> redemptor.pl<\/em><\/p>\n","protected":false},"excerpt":{"rendered":"<p>Domenica scorsa, il 23 novembre, nel Santuario della Madonna Stella dell&#8217;Evangelizzazione e di San Giovanni Paolo II a Toru\u0144 \u00e8 stata inaugurata una mostra temporanea intitolata \u201cMissionario portatore di speranza\u201d, dedicata alla vita e all&#8217;opera del redentorista polacco, venerabile servo di Dio padre Bernard \u0141ubie\u0144ski. Sar\u00e0 accessibile ai pellegrini per i prossimi 3 mesi. Si [&hellip;]<\/p>\n","protected":false},"author":23,"featured_media":31594,"comment_status":"closed","ping_status":"closed","sticky":false,"template":"","format":"standard","meta":{"_mi_skip_tracking":false},"categories":[49],"tags":[],"_links":{"self":[{"href":"https:\/\/www.cssr.news\/italian\/wp-json\/wp\/v2\/posts\/31593"}],"collection":[{"href":"https:\/\/www.cssr.news\/italian\/wp-json\/wp\/v2\/posts"}],"about":[{"href":"https:\/\/www.cssr.news\/italian\/wp-json\/wp\/v2\/types\/post"}],"author":[{"embeddable":true,"href":"https:\/\/www.cssr.news\/italian\/wp-json\/wp\/v2\/users\/23"}],"replies":[{"embeddable":true,"href":"https:\/\/www.cssr.news\/italian\/wp-json\/wp\/v2\/comments?post=31593"}],"version-history":[{"count":2,"href":"https:\/\/www.cssr.news\/italian\/wp-json\/wp\/v2\/posts\/31593\/revisions"}],"predecessor-version":[{"id":31598,"href":"https:\/\/www.cssr.news\/italian\/wp-json\/wp\/v2\/posts\/31593\/revisions\/31598"}],"wp:featuredmedia":[{"embeddable":true,"href":"https:\/\/www.cssr.news\/italian\/wp-json\/wp\/v2\/media\/31594"}],"wp:attachment":[{"href":"https:\/\/www.cssr.news\/italian\/wp-json\/wp\/v2\/media?parent=31593"}],"wp:term":[{"taxonomy":"category","embeddable":true,"href":"https:\/\/www.cssr.news\/italian\/wp-json\/wp\/v2\/categories?post=31593"},{"taxonomy":"post_tag","embeddable":true,"href":"https:\/\/www.cssr.news\/italian\/wp-json\/wp\/v2\/tags?post=31593"}],"curies":[{"name":"wp","href":"https:\/\/api.w.org\/{rel}","templated":true}]}}