{"id":32476,"date":"2026-02-14T09:29:47","date_gmt":"2026-02-14T07:29:47","guid":{"rendered":"https:\/\/www.cssr.news\/italian\/?p=32476"},"modified":"2026-02-14T09:29:49","modified_gmt":"2026-02-14T07:29:49","slug":"la-curia-generale-in-ritiro-a-materdomini","status":"publish","type":"post","link":"https:\/\/www.cssr.news\/italian\/2026\/02\/la-curia-generale-in-ritiro-a-materdomini\/","title":{"rendered":"La Curia Generale in ritiro a Materdomini"},"content":{"rendered":"\n<p>La Curia Generale, padre Rog\u00e9rio Gomes, Superiore Generale e il Consiglio Generale insieme all&#8217;Economo Generale e al Segretario Generale sono stati in ritiro dall&#8217;8 al 13 febbraio 2026 a Materdomini. Quest&#8217;anno, nel tricentenario della nascita di San Gerardo, la Curia Generale ha scelto di fare il ritiro presso il santuario di Materdomini, che custodisce le reliquie di San Gerardo Majella. <\/p>\n\n\n\n<p>Il ritiro di quest&#8217;anno \u00e8 stato diverso, poich\u00e9 la Curia Generale ha scelto di trascorrere le giornate in silenzio, riflessione, preghiera e adorazione. Ogni giornata \u00e8 stata guidata da una riflessione durante la Messa. Il primo giorno, padre Francois Stanula ha guidato la riflessione sullo scopo di un ritiro nel contesto della nostra missione come Redentoristi e in particolare nel Consiglio Generale. Il secondo giorno \u00e8 stato guidato da padre Nicholas Ayouba su alcuni aspetti della Communicanda 2 sulla missione. Il terzo giorno \u00e8 stato guidato da padre Gerard Hernandes sull&#8217;attenzione ai malati e ai sofferenti, poich\u00e9 la giornata \u00e8 stata dedicata alla preghiera per i malati, essendo la Giornata Mondiale del Malato. Il quarto giorno \u00e8 stato guidato da P. Ivel Mendanha sulla chiamata ad essere una comunit\u00e0 inclusiva come parte della nostra vita e missione, seguendo l&#8217;esempio di Ges\u00f9, nostro Redentore. L&#8217;ultimo giorno \u00e8 stato guidato dallo stesso P. Generale sul tema della fede e della speranza come nutrimento della nostra vita personale e comunitaria e della nostra missione come Redentoristi oggi. La Messa di chiusura \u00e8 stata celebrata nella Basilica di San Gerardo presso la sua tomba.<\/p>\n\n\n\n<figure class=\"wp-block-gallery columns-3 is-cropped\"><ul class=\"blocks-gallery-grid\"><li class=\"blocks-gallery-item\"><figure><a href=\"https:\/\/www.cssr.news\/wp-content\/uploads\/2026\/02\/sn260214-governo-ritiro1.jpeg\"><img src=\"https:\/\/www.cssr.news\/wp-content\/uploads\/2026\/02\/sn260214-governo-ritiro1-1024x683.jpeg\" alt=\"\" data-id=\"40317\" data-full-url=\"https:\/\/www.cssr.news\/wp-content\/uploads\/2026\/02\/sn260214-governo-ritiro1.jpeg\" data-link=\"https:\/\/www.cssr.news\/?attachment_id=40317\" class=\"wp-image-40317\"\/><\/a><\/figure><\/li><li class=\"blocks-gallery-item\"><figure><a href=\"https:\/\/www.cssr.news\/wp-content\/uploads\/2026\/02\/sn260214-governo-ritiro10.jpeg\"><img src=\"https:\/\/www.cssr.news\/wp-content\/uploads\/2026\/02\/sn260214-governo-ritiro10-1024x683.jpeg\" alt=\"\" data-id=\"40313\" data-full-url=\"https:\/\/www.cssr.news\/wp-content\/uploads\/2026\/02\/sn260214-governo-ritiro10.jpeg\" data-link=\"https:\/\/www.cssr.news\/?attachment_id=40313\" class=\"wp-image-40313\"\/><\/a><\/figure><\/li><li class=\"blocks-gallery-item\"><figure><a href=\"https:\/\/www.cssr.news\/wp-content\/uploads\/2026\/02\/sn260214-governo-ritiro4a.jpeg\"><img src=\"https:\/\/www.cssr.news\/wp-content\/uploads\/2026\/02\/sn260214-governo-ritiro4a-1024x683.jpeg\" alt=\"\" data-id=\"40315\" data-full-url=\"https:\/\/www.cssr.news\/wp-content\/uploads\/2026\/02\/sn260214-governo-ritiro4a.jpeg\" data-link=\"https:\/\/www.cssr.news\/?attachment_id=40315\" class=\"wp-image-40315\"\/><\/a><\/figure><\/li><li class=\"blocks-gallery-item\"><figure><a href=\"https:\/\/www.cssr.news\/wp-content\/uploads\/2026\/02\/sn260214-governo-ritiro3.jpeg\"><img src=\"https:\/\/www.cssr.news\/wp-content\/uploads\/2026\/02\/sn260214-governo-ritiro3-1024x683.jpeg\" alt=\"\" data-id=\"40316\" data-full-url=\"https:\/\/www.cssr.news\/wp-content\/uploads\/2026\/02\/sn260214-governo-ritiro3.jpeg\" data-link=\"https:\/\/www.cssr.news\/?attachment_id=40316\" class=\"wp-image-40316\"\/><\/a><\/figure><\/li><li class=\"blocks-gallery-item\"><figure><a href=\"https:\/\/www.cssr.news\/wp-content\/uploads\/2026\/02\/sn260214-governo-ritiro8a.jpeg\"><img src=\"https:\/\/www.cssr.news\/wp-content\/uploads\/2026\/02\/sn260214-governo-ritiro8a-1024x683.jpeg\" alt=\"\" data-id=\"40314\" data-full-url=\"https:\/\/www.cssr.news\/wp-content\/uploads\/2026\/02\/sn260214-governo-ritiro8a.jpeg\" data-link=\"https:\/\/www.cssr.news\/?attachment_id=40314\" class=\"wp-image-40314\"\/><\/a><\/figure><\/li><\/ul><\/figure>\n\n\n\n<p>La Curia Generale ha fatto il suo ritiro nella calda ospitalit\u00e0 della Comunit\u00e0 di Materdomini, guidata dal Superiore P. Serafino Fiore, che ha accolto calorosamente la Curia Generale domenica sera. \u00c8 stato un ritiro diverso dal solito, poich\u00e9 i confratelli hanno dedicato molto tempo alla riflessione personale e alla preghiera, alla preghiera comunitaria al mattino e all&#8217;adorazione del Santissimo Sacramento la sera, guidati ogni giorno a turno da padre Vicente, padre Paul, fratello Larry e padre Edward. <\/p>\n\n\n\n<p>Durante questi momenti di preghiera comunitaria quotidiana, il Consiglio ha pregato per le numerose intenzioni della Congregazione, per i confratelli impegnati in missioni difficili, per i confratelli e le sorelle nell&#8217;Ucraina devastata dalla guerra, per i confratelli in diverse parti del mondo dove c&#8217;\u00e8 molta violenza, sofferenza e disastri di vario genere, e soprattutto per i confratelli malati e sofferenti. L&#8217;ultimo giorno, ogni confratello ha preso un foglio di carta su cui era scritto il nome di un membro della curia e, per tutto l&#8217;anno, ogni confratello pregher\u00e0 per il confratello il cui nome ha preso come segno di carit\u00e0 fraterna. La pace e la tranquillit\u00e0, l&#8217;aria pura e la serenit\u00e0 delle montagne hanno contribuito molto al tempo di preghiera e di riflessione, cos\u00ec come al riposo e alla pace.<\/p>\n\n\n\n<p>Un momento speciale \u00e8 stata la visita a Teggiano, a circa un\u2019ora da Materdomini, per incontrare monsignor Antonio De Luca, C.Ss.R., vescovo redentorista di Teggiano-Policastro. Monsignor De Luca ha accolto con calore il Padre Generale e il Consiglio durante il pranzo, quindi ha guidato la curia in un tour storico della cattedrale, dell\u2019antico seminario \u2014 ora restaurato e adibito a uffici della curia episcopale \u2014 e della citt\u00e0. \u00c8 stato un momento di profonda condivisione fraterna. Al termine dell\u2019incontro, monsignor De Luca ha impartito la benedizione con le reliquie di sant\u2019Alfonso e san Gerardo.<\/p>\n\n\n\n<p>Il Padre Generale, al termine del ritiro, a nome della Curia Generale, ha ringraziato P. Serafino Fiore e la comunit\u00e0 di Materdomini, nonch\u00e9 il personale, per la loro ospitalit\u00e0, la disponibilit\u00e0 missionaria a servire nel santuario, la loro testimonianza di vita e soprattutto per il caldo spirito di vita comunitaria.<\/p>\n\n\n\n<p>Joseph Ivel Mendanha, C.Ss.R.<br>Consultore Generale<\/p>\n","protected":false},"excerpt":{"rendered":"<p>La Curia Generale, padre Rog\u00e9rio Gomes, Superiore Generale e il Consiglio Generale insieme all&#8217;Economo Generale e al Segretario Generale sono stati in ritiro dall&#8217;8 al 13 febbraio 2026 a Materdomini. Quest&#8217;anno, nel tricentenario della nascita di San Gerardo, la Curia Generale ha scelto di fare il ritiro presso il santuario di Materdomini, che custodisce le [&hellip;]<\/p>\n","protected":false},"author":23,"featured_media":32477,"comment_status":"closed","ping_status":"closed","sticky":false,"template":"","format":"standard","meta":{"_mi_skip_tracking":false},"categories":[11],"tags":[],"_links":{"self":[{"href":"https:\/\/www.cssr.news\/italian\/wp-json\/wp\/v2\/posts\/32476"}],"collection":[{"href":"https:\/\/www.cssr.news\/italian\/wp-json\/wp\/v2\/posts"}],"about":[{"href":"https:\/\/www.cssr.news\/italian\/wp-json\/wp\/v2\/types\/post"}],"author":[{"embeddable":true,"href":"https:\/\/www.cssr.news\/italian\/wp-json\/wp\/v2\/users\/23"}],"replies":[{"embeddable":true,"href":"https:\/\/www.cssr.news\/italian\/wp-json\/wp\/v2\/comments?post=32476"}],"version-history":[{"count":1,"href":"https:\/\/www.cssr.news\/italian\/wp-json\/wp\/v2\/posts\/32476\/revisions"}],"predecessor-version":[{"id":32478,"href":"https:\/\/www.cssr.news\/italian\/wp-json\/wp\/v2\/posts\/32476\/revisions\/32478"}],"wp:featuredmedia":[{"embeddable":true,"href":"https:\/\/www.cssr.news\/italian\/wp-json\/wp\/v2\/media\/32477"}],"wp:attachment":[{"href":"https:\/\/www.cssr.news\/italian\/wp-json\/wp\/v2\/media?parent=32476"}],"wp:term":[{"taxonomy":"category","embeddable":true,"href":"https:\/\/www.cssr.news\/italian\/wp-json\/wp\/v2\/categories?post=32476"},{"taxonomy":"post_tag","embeddable":true,"href":"https:\/\/www.cssr.news\/italian\/wp-json\/wp\/v2\/tags?post=32476"}],"curies":[{"name":"wp","href":"https:\/\/api.w.org\/{rel}","templated":true}]}}