{"id":32621,"date":"2026-03-02T10:37:08","date_gmt":"2026-03-02T08:37:08","guid":{"rendered":"https:\/\/www.cssr.news\/italian\/?p=32621"},"modified":"2026-03-02T10:37:10","modified_gmt":"2026-03-02T08:37:10","slug":"in-peru-si-celebra-il-primo-incontro-della-famiglia-redentorista","status":"publish","type":"post","link":"https:\/\/www.cssr.news\/italian\/2026\/03\/in-peru-si-celebra-il-primo-incontro-della-famiglia-redentorista\/","title":{"rendered":"In Per\u00f9 si celebra il primo incontro della famiglia redentorista"},"content":{"rendered":"\n<p><strong>\u201cMissionari della speranza sulle orme del Redentore\u201d<\/strong><\/p>\n\n\n\n<p>Dal 20 al 22 febbraio 2026, nel distretto di R\u00edmac (Lima), si \u00e8 tenuto il primo incontro della famiglia redentorista del Per\u00f9, organizzato dalla Commissione per la missione condivisa della Provincia redentorista Bolivia-Per\u00f9, con la partecipazione di circa 60 membri della famiglia redentorista, tra professi e laici provenienti dalle diverse comunit\u00e0 redentoriste del Paese.<\/p>\n\n\n\n<p>Questo significativo evento si \u00e8 svolto sotto il motto<em>&nbsp;\u201cMissionari della speranza sulle orme del Redentore\u201d<\/em>, che \u00e8 il motto della Congregazione per il presente sessennio, e aveva come obiettivo generale quello di unire, integrare e collegare, a partire da un&#8217;esperienza sinodale, i laici che collaborano nelle comunit\u00e0 animate dai missionari redentoristi, rafforzando l&#8217;identit\u00e0 comune e consolidando il cammino della Missione Condivisa nella Provincia.<\/p>\n\n\n\n<p><strong><em><strong>Un cammino sinodale di comunione e corresponsabilit\u00e0<\/strong><\/em><\/strong><\/p>\n\n\n\n<p>L&#8217;incontro ha riunito rappresentanti delle comunit\u00e0 redentoriste del Per\u00f9, nonch\u00e9 membri dei vari gruppi che compongono la Famiglia Redentorista: laici (MILARE, MILAR), istituti fondati dai redentoristi, ex seminaristi, OVR e altri laici legati al carisma della Congregazione del Santissimo Redentore.<\/p>\n\n\n\n<p>Nel corso dei tre giorni, seguendo la metodologia pastorale <strong>Vedere &#8211; Giudicare &#8211; Agire<\/strong>, sono stati promossi la riflessione, il discernimento comunitario e la proiezione di impegni concreti per la Missione Condivisa, in chiave di sinodalit\u00e0, comunione e corresponsabilit\u00e0.<\/p>\n\n\n\n<p><strong>Temi principali e relatori<\/strong><\/p>\n\n\n\n<p>Tra i principali contenuti affrontati durante l&#8217;incontro troviamo \u201cChi fa parte della Famiglia Redentorista?\u201d, tema sviluppato da&nbsp;<strong>P. Francisco Arias, CSsR<\/strong>; la storia dei laici nella CSsR e nella Provincia Bolivia-Per\u00f9, esposta da&nbsp;<strong>P. Narciso Chinguel, CSsR<\/strong>, che ha sottolineato il processo storico di integrazione dei laici nella missione; il carisma e la spiritualit\u00e0 redentorista, presentato dal Paraguay da&nbsp;<strong>P. Enrique L\u00f3pez, CSsR,<\/strong>&nbsp;come fondamento di un&#8217;identit\u00e0 condivisa tra professi e laici; la sinodalit\u00e0 come cammino di comunione, partecipazione e corresponsabilit\u00e0 nella missione, insieme alle sfide e alle difficolt\u00e0 della Missione Condivisa, a cura di P. Juan Bytton, SJ, che ha illustrato il processo dall&#8217;esperienza della Conversazione nello Spirito;&nbsp;<strong>la Missione Condivisa nell&#8217;esperienza redentorista, presentata da P. C\u00e9sar Torres, CSsR, coordinatore della Conferenza Redentorista dell&#8217;America Latina e dei Caraibi;<\/strong>&nbsp;e il legame e le strutture di partecipazione laicale nella CSsR e nella Provincia, esposizione a cura del&nbsp;<strong>laico Julio Chuquipoma Moreno<\/strong>.<\/p>\n\n\n\n<p>\u00c8 intervenuto anche P. Rom\u00e1n Ibarra, CSsR, che ha presentato e invitato i partecipanti a integrarsi nelle missioni popolari che si svolgeranno in Per\u00f9 nel corso del 2026. Infine, il workshop pratico di pianificazione pastorale, animato da P. Narciso Chinguel, CSsR, e Julio Chuquipoma, ha permesso alle comunit\u00e0 di elaborare impegni e azioni concrete per il 2026, rafforzando la Missione Condivisa nella Provincia.<\/p>\n\n\n\n<figure class=\"wp-block-gallery columns-3 is-cropped\"><ul class=\"blocks-gallery-grid\"><li class=\"blocks-gallery-item\"><figure><a href=\"http:\/\/www.cssr.news\/spanish\/wp-content\/uploads\/sites\/3\/2026\/02\/sn27022026_peru02.jpg\"><img src=\"http:\/\/www.cssr.news\/spanish\/wp-content\/uploads\/sites\/3\/2026\/02\/sn27022026_peru02-1024x576.jpg\" alt=\"\" data-id=\"30236\" data-full-url=\"http:\/\/www.cssr.news\/spanish\/wp-content\/uploads\/sites\/3\/2026\/02\/sn27022026_peru02.jpg\" data-link=\"https:\/\/www.cssr.news\/spanish\/?attachment_id=30236\" class=\"wp-image-30236\"\/><\/a><\/figure><\/li><li class=\"blocks-gallery-item\"><figure><a href=\"http:\/\/www.cssr.news\/spanish\/wp-content\/uploads\/sites\/3\/2026\/02\/sn27022026_peru03.jpg\"><img src=\"http:\/\/www.cssr.news\/spanish\/wp-content\/uploads\/sites\/3\/2026\/02\/sn27022026_peru03-1024x576.jpg\" alt=\"\" data-id=\"30235\" data-full-url=\"http:\/\/www.cssr.news\/spanish\/wp-content\/uploads\/sites\/3\/2026\/02\/sn27022026_peru03.jpg\" data-link=\"https:\/\/www.cssr.news\/spanish\/?attachment_id=30235\" class=\"wp-image-30235\"\/><\/a><\/figure><\/li><li class=\"blocks-gallery-item\"><figure><a href=\"http:\/\/www.cssr.news\/spanish\/wp-content\/uploads\/sites\/3\/2026\/02\/sn27022026_peru04.jpg\"><img src=\"http:\/\/www.cssr.news\/spanish\/wp-content\/uploads\/sites\/3\/2026\/02\/sn27022026_peru04-1024x576.jpg\" alt=\"\" data-id=\"30234\" data-full-url=\"http:\/\/www.cssr.news\/spanish\/wp-content\/uploads\/sites\/3\/2026\/02\/sn27022026_peru04.jpg\" data-link=\"https:\/\/www.cssr.news\/spanish\/?attachment_id=30234\" class=\"wp-image-30234\"\/><\/a><\/figure><\/li><li class=\"blocks-gallery-item\"><figure><a href=\"http:\/\/www.cssr.news\/spanish\/wp-content\/uploads\/sites\/3\/2026\/02\/sn27022026_peru05.jpg\"><img src=\"http:\/\/www.cssr.news\/spanish\/wp-content\/uploads\/sites\/3\/2026\/02\/sn27022026_peru05-1024x576.jpg\" alt=\"\" data-id=\"30233\" data-full-url=\"http:\/\/www.cssr.news\/spanish\/wp-content\/uploads\/sites\/3\/2026\/02\/sn27022026_peru05.jpg\" data-link=\"https:\/\/www.cssr.news\/spanish\/?attachment_id=30233\" class=\"wp-image-30233\"\/><\/a><\/figure><\/li><\/ul><\/figure>\n\n\n\n<p><strong><em><strong>Elezione del nuovo team della Missione Condivisa in Per\u00f9<\/strong><\/em><\/strong><\/p>\n\n\n\n<p>Come frutto del discernimento comunitario e del cammino sinodale vissuto durante l&#8217;incontro, si \u00e8 proceduto all&#8217;elezione del nuovo team di lavoro della Missione Condivisa in Per\u00f9, composto da:<\/p>\n\n\n\n<ul><li>Humberto Pe\u00f1a Hermoza, coordinatore<\/li><li>Eloy Guzm\u00e1n Solano, segretario<\/li><li>Luis Fernando Algarate Palma<\/li><li>Mirtha Miranda Zavala<\/li><li>Jos\u00e9 Martin Palacios S\u00e1ez<\/li><li>Pamella Shapiama Sinti<\/li><\/ul>\n\n\n\n<p>Questo team, insieme alla Commissione per la Missione Condivisa della Provincia Bolivia &#8211; Per\u00f9, avr\u00e0 il compito di animare, accompagnare e seguire il processo di consolidamento della Missione Condivisa, promuovendo la partecipazione corresponsabile di religiosi e laici alla vita e alla missione della Congregazione in Per\u00f9.<\/p>\n\n\n\n<p><strong><em><strong>Celebrazione, missione e invio<\/strong><\/em><\/strong><\/p>\n\n\n\n<p>L&#8217;incontro \u00e8 stato caratterizzato da momenti significativi di preghiera, visita al Santissimo, celebrazioni eucaristiche nel Santuario di Nostra Signora del Perpetuo Soccorso e San Alfonso, a R\u00edmac, rafforzando la spiritualit\u00e0 comune e il senso di appartenenza.<\/p>\n\n\n\n<p>La Messa di chiusura e invio ha ribadito l&#8217;impegno a camminare insieme &#8211; professi e laici &#8211; come discepoli missionari del Redentore, assumendo la Missione Condivisa come segno di speranza per i pi\u00f9 bisognosi, in fedelt\u00e0 al carisma redentorista e alla chiamata della Chiesa a vivere la sinodalit\u00e0.<\/p>\n\n\n\n<p class=\"has-text-align-right\">Santa Anita, 27 febbraio 2026.<\/p>\n\n\n\n<p>Commissione della Missione Condivisa<br>Provincia Bolivia \u2013 Per\u00f9.<\/p>\n","protected":false},"excerpt":{"rendered":"<p>\u201cMissionari della speranza sulle orme del Redentore\u201d Dal 20 al 22 febbraio 2026, nel distretto di R\u00edmac (Lima), si \u00e8 tenuto il primo incontro della famiglia redentorista del Per\u00f9, organizzato dalla Commissione per la missione condivisa della Provincia redentorista Bolivia-Per\u00f9, con la partecipazione di circa 60 membri della famiglia redentorista, tra professi e laici provenienti [&hellip;]<\/p>\n","protected":false},"author":23,"featured_media":32622,"comment_status":"closed","ping_status":"closed","sticky":false,"template":"","format":"standard","meta":{"_mi_skip_tracking":false},"categories":[34],"tags":[],"_links":{"self":[{"href":"https:\/\/www.cssr.news\/italian\/wp-json\/wp\/v2\/posts\/32621"}],"collection":[{"href":"https:\/\/www.cssr.news\/italian\/wp-json\/wp\/v2\/posts"}],"about":[{"href":"https:\/\/www.cssr.news\/italian\/wp-json\/wp\/v2\/types\/post"}],"author":[{"embeddable":true,"href":"https:\/\/www.cssr.news\/italian\/wp-json\/wp\/v2\/users\/23"}],"replies":[{"embeddable":true,"href":"https:\/\/www.cssr.news\/italian\/wp-json\/wp\/v2\/comments?post=32621"}],"version-history":[{"count":1,"href":"https:\/\/www.cssr.news\/italian\/wp-json\/wp\/v2\/posts\/32621\/revisions"}],"predecessor-version":[{"id":32623,"href":"https:\/\/www.cssr.news\/italian\/wp-json\/wp\/v2\/posts\/32621\/revisions\/32623"}],"wp:featuredmedia":[{"embeddable":true,"href":"https:\/\/www.cssr.news\/italian\/wp-json\/wp\/v2\/media\/32622"}],"wp:attachment":[{"href":"https:\/\/www.cssr.news\/italian\/wp-json\/wp\/v2\/media?parent=32621"}],"wp:term":[{"taxonomy":"category","embeddable":true,"href":"https:\/\/www.cssr.news\/italian\/wp-json\/wp\/v2\/categories?post=32621"},{"taxonomy":"post_tag","embeddable":true,"href":"https:\/\/www.cssr.news\/italian\/wp-json\/wp\/v2\/tags?post=32621"}],"curies":[{"name":"wp","href":"https:\/\/api.w.org\/{rel}","templated":true}]}}