{"id":32624,"date":"2026-03-02T17:46:20","date_gmt":"2026-03-02T15:46:20","guid":{"rendered":"https:\/\/www.cssr.news\/italian\/?p=32624"},"modified":"2026-03-02T17:46:22","modified_gmt":"2026-03-02T15:46:22","slug":"incontro-dei-segretariati-di-formazione-della-conferenza-dellamerica-latina-e-dei-caraibi","status":"publish","type":"post","link":"https:\/\/www.cssr.news\/italian\/2026\/03\/incontro-dei-segretariati-di-formazione-della-conferenza-dellamerica-latina-e-dei-caraibi\/","title":{"rendered":"Incontro dei segretariati di formazione della Conferenza dell&#8217;America Latina e dei Caraibi"},"content":{"rendered":"\n<p>Dal 23 al 27 febbraio, nella casa di ritiro \u201cEl milagro\u201d della provincia Bolivia-Per\u00f9, a Lima, si \u00e8 riunito il Segretariato per la Formazione della Conferenza dell&#8217;America Latina e dei Caraibi, presieduto da P. Joao Paulo Santos De Souza, superiore provinciale di Brasilia, con i rappresentanti dei segretariati per la formazione di ciascuna provincia:<\/p>\n\n\n\n<p>P. C\u00edcero Fabiano Medeiros Costa, Provincia di Brasilia; P. Samuel Jos\u00e9 Torres Tangua, Provincia Andino Caribe\u00f1a; P. Ram\u00f3n Gustavo Dold\u00e1n, Provincia Pedro Donders; P. Faustino Calcina Ilave, Provincia Bolivia Per\u00fa; P. Jorge Sampaio, Provincia Nossa Senhora Aparecida; P. Jos\u00e9 Manuel Bartres, Provincia Madre del Perpetuo Socorro; P. Dionatan Dutra, Provincia di Curitiba.<\/p>\n\n\n\n<p>L&#8217;incontro \u00e8 stato moderato da P. C\u00e9sar Torres Pantoja, coordinatore della nostra Conferenza. Abbiamo esaminato i documenti che saranno strumenti di animazione e orientamento per la formazione: Ratio formationis, programma di formazione per formatori, Statuti del Noviziato, progetto del corso di aggiornamento per i confratelli con fino a 10 anni di ministero, Workshop di missiologia, nonch\u00e9 il progetto vocazionale dei Fratelli, riflessione e proposte per un teologato comune, e abbiamo iniziato un discernimento sulle vocazioni adulte.<\/p>\n\n\n\n<div class=\"wp-block-image is-style-default\"><figure class=\"aligncenter size-large\"><img src=\"https:\/\/www.cssr.news\/spanish\/wp-content\/uploads\/sites\/3\/2026\/03\/sn27022026_peru07-1-1024x768.jpeg\" alt=\"\"\/><figcaption><em>P. Jos\u00e9 Manuel Bartres, provincia Madre del Perpetuo Socorro presiede la messa<\/em><\/figcaption><\/figure><\/div>\n\n\n\n<p><\/p>\n\n\n\n<p>Abbiamo avuto la partecipazione virtuale di P. Paulo Jr, membro del segretariato generale per la formazione, che ci ha presentato il progetto di formazione dei formatori, cos\u00ec come la presentazione di P. Rodolfo Garc\u00eda, che ci ha spiegato la proposta di un laboratorio di missiologia per i nostri formandi.<\/p>\n\n\n\n<p>\u00c8 stato il primo incontro, vissuto in un clima di grande fraternit\u00e0, che abbiamo iniziato ogni giorno con la celebrazione dell&#8217;Eucaristia. Abbiamo condiviso esperienze, inquietudini, preoccupazioni, ma abbiamo iniziato a progettare con speranza questa dimensione della formazione che \u00e8 molto importante per mantenere il ritmo dei processi di ristrutturazione che stiamo vivendo nella nostra amata congregazione.<\/p>\n\n\n\n<p>Ringraziamo P. Gerardo Hern\u00e1ndez, consigliere generale, che ha incoraggiato questo incontro e ci ha accompagnato con interesse a distanza. La nostra gratitudine va anche alla Provincia Bolivia Per\u00f9, per aver predisposto tutto il necessario per il nostro incontro.<\/p>\n\n\n\n<p>P. Gustavo Dold\u00e1n CSsR<\/p>\n","protected":false},"excerpt":{"rendered":"<p>Dal 23 al 27 febbraio, nella casa di ritiro \u201cEl milagro\u201d della provincia Bolivia-Per\u00f9, a Lima, si \u00e8 riunito il Segretariato per la Formazione della Conferenza dell&#8217;America Latina e dei Caraibi, presieduto da P. Joao Paulo Santos De Souza, superiore provinciale di Brasilia, con i rappresentanti dei segretariati per la formazione di ciascuna provincia: P. [&hellip;]<\/p>\n","protected":false},"author":23,"featured_media":32625,"comment_status":"closed","ping_status":"closed","sticky":false,"template":"","format":"standard","meta":{"_mi_skip_tracking":false},"categories":[14],"tags":[],"_links":{"self":[{"href":"https:\/\/www.cssr.news\/italian\/wp-json\/wp\/v2\/posts\/32624"}],"collection":[{"href":"https:\/\/www.cssr.news\/italian\/wp-json\/wp\/v2\/posts"}],"about":[{"href":"https:\/\/www.cssr.news\/italian\/wp-json\/wp\/v2\/types\/post"}],"author":[{"embeddable":true,"href":"https:\/\/www.cssr.news\/italian\/wp-json\/wp\/v2\/users\/23"}],"replies":[{"embeddable":true,"href":"https:\/\/www.cssr.news\/italian\/wp-json\/wp\/v2\/comments?post=32624"}],"version-history":[{"count":1,"href":"https:\/\/www.cssr.news\/italian\/wp-json\/wp\/v2\/posts\/32624\/revisions"}],"predecessor-version":[{"id":32626,"href":"https:\/\/www.cssr.news\/italian\/wp-json\/wp\/v2\/posts\/32624\/revisions\/32626"}],"wp:featuredmedia":[{"embeddable":true,"href":"https:\/\/www.cssr.news\/italian\/wp-json\/wp\/v2\/media\/32625"}],"wp:attachment":[{"href":"https:\/\/www.cssr.news\/italian\/wp-json\/wp\/v2\/media?parent=32624"}],"wp:term":[{"taxonomy":"category","embeddable":true,"href":"https:\/\/www.cssr.news\/italian\/wp-json\/wp\/v2\/categories?post=32624"},{"taxonomy":"post_tag","embeddable":true,"href":"https:\/\/www.cssr.news\/italian\/wp-json\/wp\/v2\/tags?post=32624"}],"curies":[{"name":"wp","href":"https:\/\/api.w.org\/{rel}","templated":true}]}}