{"id":32637,"date":"2026-03-03T12:10:28","date_gmt":"2026-03-03T10:10:28","guid":{"rendered":"https:\/\/www.cssr.news\/italian\/?p=32637"},"modified":"2026-03-03T12:10:30","modified_gmt":"2026-03-03T10:10:30","slug":"il-bene-comune-cdsc-nn-164-170","status":"publish","type":"post","link":"https:\/\/www.cssr.news\/italian\/2026\/03\/il-bene-comune-cdsc-nn-164-170\/","title":{"rendered":"Il bene comune (CDSC, nn. 164-170)"},"content":{"rendered":"\n<p><em>Un articolo del Prof. L. Salutati, pubblicato sul\u00a0\u00a0<\/em><a href=\"https:\/\/www.alfonsiana.org\/ricerca\/blog\"><em>blog<\/em><\/a><em>\u00a0dell\u2019Accademia Alfonsiana<\/em><\/p>\n\n\n\n<p>Iniziamo con questo primo post una serie di contributi che intende affiancare il percorso pluriennale e interdisciplinare in ambito economico,<em>\u00a0Per una coscienza morale sinodale e imprenditiva<\/em>, inaugurato il 6 giugno 2025 (<a href=\"https:\/\/www.studiamoralia.org\/2026\/01\/27\/qe-1-2025\/\">Quaderni Economici 1<\/a>). L\u2019obiettivo \u00e8 quello di realizzare un piccolo<em>\u00a0Glossario<\/em>\u00a0di parole e concetti chiave, particolarmente significativi per le attivit\u00e0 di ricerca e formazione del progetto, a partire dal primo corso introduttivo,\u00a0<a href=\"https:\/\/drive.google.com\/file\/d\/1Hi7wqG4RY0qPloEZjUSyBtyCJQmbm-fg\/view\"><em>Visione sistemica e Coscienza imprenditiva per lo Sviluppo Umano Integrale<\/em><\/a>, che inizier\u00e0 il prossimo 14 marzo. Le prime voci del\u00a0<em>glossario<\/em>\u00a0riguarderanno i principi della Dottrina sociale della Chiesa che ispirano la scelta degli argomenti approfonditi dal percorso formativo.<\/p>\n\n\n\n<figure class=\"wp-block-image size-large is-style-default\"><a href=\"https:\/\/www.cssr.news\/italian\/wp-content\/uploads\/sites\/2\/2026\/03\/intestazione-1000-x-200-px.png\"><img width=\"1024\" height=\"538\" src=\"https:\/\/www.cssr.news\/italian\/wp-content\/uploads\/sites\/2\/2026\/03\/intestazione-1000-x-200-px-1024x538.png\" alt=\"\" class=\"wp-image-32638\" srcset=\"https:\/\/www.cssr.news\/italian\/wp-content\/uploads\/sites\/2\/2026\/03\/intestazione-1000-x-200-px-1024x538.png 1024w, https:\/\/www.cssr.news\/italian\/wp-content\/uploads\/sites\/2\/2026\/03\/intestazione-1000-x-200-px-300x158.png 300w, https:\/\/www.cssr.news\/italian\/wp-content\/uploads\/sites\/2\/2026\/03\/intestazione-1000-x-200-px-768x403.png 768w, https:\/\/www.cssr.news\/italian\/wp-content\/uploads\/sites\/2\/2026\/03\/intestazione-1000-x-200-px-1536x806.png 1536w, https:\/\/www.cssr.news\/italian\/wp-content\/uploads\/sites\/2\/2026\/03\/intestazione-1000-x-200-px-696x365.png 696w, https:\/\/www.cssr.news\/italian\/wp-content\/uploads\/sites\/2\/2026\/03\/intestazione-1000-x-200-px-1068x561.png 1068w, https:\/\/www.cssr.news\/italian\/wp-content\/uploads\/sites\/2\/2026\/03\/intestazione-1000-x-200-px-800x420.png 800w, https:\/\/www.cssr.news\/italian\/wp-content\/uploads\/sites\/2\/2026\/03\/intestazione-1000-x-200-px.png 2000w\" sizes=\"(max-width: 1024px) 100vw, 1024px\" \/><\/a><\/figure>\n\n\n\n<p><strong>1. Il bene comune (<\/strong><a href=\"https:\/\/www.vatican.va\/roman_curia\/pontifical_councils\/justpeace\/documents\/rc_pc_justpeace_doc_20060526_compendio-dott-soc_it.html\"><em><strong>CDSC<\/strong><\/em><\/a><strong>, nn. 164-170)<\/strong><\/p>\n\n\n\n<p>Il&nbsp;<em><strong>bene comune<\/strong><\/em>&nbsp;\u00e8 uno dei principi cardine della&nbsp;<strong>Dottrina Sociale della Chiesa<\/strong>&nbsp;e indica \u00abl<em>\u2019insieme di quelle condizioni della vita sociale che permettono sia alle collettivit\u00e0 sia ai singoli membri, di raggiungere la propria perfezione pi\u00f9 pienamente e pi\u00f9 celermente<\/em>\u00bb (<a href=\"https:\/\/www.vatican.va\/roman_curia\/pontifical_councils\/justpeace\/documents\/rc_pc_justpeace_doc_20060526_compendio-dott-soc_it.html\"><em>CDSC<\/em><\/a>, n. 164). Non si tratta quindi della semplice somma dei beni individuali, ma di una realt\u00e0 pi\u00f9 ampia che riguarda l\u2019intera comunit\u00e0 umana e il suo ordinato sviluppo.<\/p>\n\n\n\n<p>Alla base del concetto di bene comune vi \u00e8 la&nbsp;<strong>centralit\u00e0 della&nbsp;<\/strong><em><strong>persona umana<\/strong><\/em>&nbsp;(cf.&nbsp;<a href=\"https:\/\/www.vatican.va\/roman_curia\/pontifical_councils\/justpeace\/documents\/rc_pc_justpeace_doc_20060526_compendio-dott-soc_it.html\"><em>CDSC<\/em><\/a>, n. 106), creata a immagine di Dio e dotata di una dignit\u00e0 inviolabile. Ogni assetto sociale, economico e politico deve essere orientato a favorire il pieno sviluppo della persona in tutte le sue dimensioni: materiale, culturale, morale e spirituale. Il bene comune non pu\u00f2 mai essere perseguito sacrificando l\u2019essere umano, ma solo promuovendone la dignit\u00e0 e i diritti fondamentali.<\/p>\n\n\n\n<p>Secondo la Dottrina Sociale della Chiesa, il bene comune riguarda&nbsp;<strong>tutti<\/strong>&nbsp;e&nbsp;<strong>ciascuno<\/strong>. Esso ha una dimensione comunitaria, perch\u00e9 si realizza all\u2019interno delle relazioni sociali, e una dimensione personale, perch\u00e9 solo nella societ\u00e0 l\u2019individuo pu\u00f2 sviluppare pienamente le proprie potenzialit\u00e0. Per questo il bene comune implica&nbsp;<strong>responsabilit\u00e0 condivise, in quanto<\/strong>&nbsp;ogni persona \u00e8 chiamata a contribuire, secondo le proprie capacit\u00e0, alla costruzione di una societ\u00e0 pi\u00f9 giusta e solidale (cf.&nbsp;<a href=\"https:\/\/www.vatican.va\/roman_curia\/pontifical_councils\/justpeace\/documents\/rc_pc_justpeace_doc_20060526_compendio-dott-soc_it.html\"><em>CDSC<\/em><\/a>, nn. 164-165).&nbsp;<\/p>\n\n\n\n<p>Il bene comune comprende elementi essenziali come il rispetto dei diritti umani, la pace, la giustizia, la sicurezza, l\u2019accesso al lavoro, all\u2019istruzione, alla salute, alla cultura e a condizioni di vita dignitose. Tali beni non possono essere garantiti solo dall\u2019iniziativa individuale, ma richiedono l\u2019impegno delle istituzioni e dell\u2019autorit\u00e0 politica, la quale ha il compito specifico di promuovere e tutelare il bene comune, senza identificarsi con interessi di parte (cf.&nbsp;<a href=\"https:\/\/www.vatican.va\/roman_curia\/pontifical_councils\/justpeace\/documents\/rc_pc_justpeace_doc_20060526_compendio-dott-soc_it.html\"><em>CDSC<\/em><\/a>, nn. 166-167).<\/p>\n\n\n\n<p>Un aspetto fondamentale del bene comune \u00e8 il suo&nbsp;<strong>carattere universale<\/strong>. Esso non si limita a una singola nazione o a una determinata comunit\u00e0, ma si estende all\u2019intera famiglia umana (<em>GS<\/em>, n. 26). In un mondo sempre pi\u00f9 interconnesso, la Dottrina Sociale della Chiesa sottolinea che il bene comuneassume una dimensione globale e richiede forme di cooperazione internazionale, specialmente per affrontare le disuguaglianze, la povert\u00e0, le migrazioni e la tutela del creato.<\/p>\n\n\n\n<p>Il bene comune \u00e8 strettamente legato ai principi di&nbsp;<em><strong>solidariet\u00e0<\/strong><\/em>&nbsp;(<a href=\"https:\/\/www.vatican.va\/roman_curia\/pontifical_councils\/justpeace\/documents\/rc_pc_justpeace_doc_20060526_compendio-dott-soc_it.html\"><em>CDSC<\/em><\/a>, nn. 192-196) e di&nbsp;<em><strong>sussidiariet\u00e0<\/strong><\/em><strong>&nbsp;(<\/strong><a href=\"https:\/\/www.vatican.va\/roman_curia\/pontifical_councils\/justpeace\/documents\/rc_pc_justpeace_doc_20060526_compendio-dott-soc_it.html\"><em>CDSC<\/em><\/a><strong>, nn. 185-188)<\/strong>. La solidariet\u00e0 richiama il dovere e la responsabilit\u00e0 di prendersi cura gli uni degli altri, in particolare dei pi\u00f9 deboli; la sussidiariet\u00e0 afferma che le comunit\u00e0 pi\u00f9 grandi devono sostenere, e non sostituire, l\u2019iniziativa delle persone e delle comunit\u00e0 pi\u00f9 piccole (<em>corpi intermedi<\/em>). Insieme, questi principi garantiscono un equilibrio tra responsabilit\u00e0 individuale e azione collettiva.<\/p>\n\n\n\n<p>In conclusione, il bene comune, nella Dottrina Sociale della Chiesa, \u00e8 l\u2019orizzonte etico che orienta la vita sociale verso la&nbsp;<strong>giustizia<\/strong>, la&nbsp;<strong>pace<\/strong>&nbsp;e la&nbsp;<strong>piena realizzazione della persona umana<\/strong>, invitando tutti a superare l\u2019individualismo e a costruire una societ\u00e0 fondata sulla collaborazione e sul rispetto reciproco.<\/p>\n","protected":false},"excerpt":{"rendered":"<p>Un articolo del Prof. L. Salutati, pubblicato sul\u00a0\u00a0blog\u00a0dell\u2019Accademia Alfonsiana Iniziamo con questo primo post una serie di contributi che intende affiancare il percorso pluriennale e interdisciplinare in ambito economico,\u00a0Per una coscienza morale sinodale e imprenditiva, inaugurato il 6 giugno 2025 (Quaderni Economici 1). L\u2019obiettivo \u00e8 quello di realizzare un piccolo\u00a0Glossario\u00a0di parole e concetti chiave, particolarmente [&hellip;]<\/p>\n","protected":false},"author":23,"featured_media":28852,"comment_status":"closed","ping_status":"closed","sticky":false,"template":"","format":"standard","meta":{"_mi_skip_tracking":false},"categories":[29],"tags":[],"_links":{"self":[{"href":"https:\/\/www.cssr.news\/italian\/wp-json\/wp\/v2\/posts\/32637"}],"collection":[{"href":"https:\/\/www.cssr.news\/italian\/wp-json\/wp\/v2\/posts"}],"about":[{"href":"https:\/\/www.cssr.news\/italian\/wp-json\/wp\/v2\/types\/post"}],"author":[{"embeddable":true,"href":"https:\/\/www.cssr.news\/italian\/wp-json\/wp\/v2\/users\/23"}],"replies":[{"embeddable":true,"href":"https:\/\/www.cssr.news\/italian\/wp-json\/wp\/v2\/comments?post=32637"}],"version-history":[{"count":1,"href":"https:\/\/www.cssr.news\/italian\/wp-json\/wp\/v2\/posts\/32637\/revisions"}],"predecessor-version":[{"id":32639,"href":"https:\/\/www.cssr.news\/italian\/wp-json\/wp\/v2\/posts\/32637\/revisions\/32639"}],"wp:featuredmedia":[{"embeddable":true,"href":"https:\/\/www.cssr.news\/italian\/wp-json\/wp\/v2\/media\/28852"}],"wp:attachment":[{"href":"https:\/\/www.cssr.news\/italian\/wp-json\/wp\/v2\/media?parent=32637"}],"wp:term":[{"taxonomy":"category","embeddable":true,"href":"https:\/\/www.cssr.news\/italian\/wp-json\/wp\/v2\/categories?post=32637"},{"taxonomy":"post_tag","embeddable":true,"href":"https:\/\/www.cssr.news\/italian\/wp-json\/wp\/v2\/tags?post=32637"}],"curies":[{"name":"wp","href":"https:\/\/api.w.org\/{rel}","templated":true}]}}