{"id":32640,"date":"2026-03-04T11:51:37","date_gmt":"2026-03-04T09:51:37","guid":{"rendered":"https:\/\/www.cssr.news\/italian\/?p=32640"},"modified":"2026-03-04T11:51:40","modified_gmt":"2026-03-04T09:51:40","slug":"il-nuovo-arcivescovo-di-praga-mons-stanislav-pribyl-cssr-ha-incontrato-il-papa","status":"publish","type":"post","link":"https:\/\/www.cssr.news\/italian\/2026\/03\/il-nuovo-arcivescovo-di-praga-mons-stanislav-pribyl-cssr-ha-incontrato-il-papa\/","title":{"rendered":"Il nuovo arcivescovo di Praga, mons. Stanislav P\u0159ibyl CSsR, ha incontrato il Papa"},"content":{"rendered":"\n<p>A un mese esatto dalla sua nomina ad arcivescovo di Praga e primate di Boemia, Monsignor Stanislav P\u0159ibyl CSsR \u00e8 stato ricevuto in udienza privata da Papa Leone. Un incontro durato quarantacinque minuti \u2013 ben oltre il tempo inizialmente previsto \u2013 segnato da un clima di cordialit\u00e0 e da uno scambio profondo su temi pastorali e sociali.<\/p>\n\n\n\n<p>In un&#8217;intervista alla redazione ceca di Radio Vaticana, Mons. P\u0159ibyl ha detto che hanno parlato del ministero che lo attende come metropolita di Praga. Si \u00e8 visto che il Papa conosce molto bene la realt\u00e0 della Chiesa nella Repubblica Ceca, perch\u00e9 in passato ha visitato pi\u00f9 volte il Paese nel suo ruolo di superiore generale degli Agostiniani, ha detto.<\/p>\n\n\n\n<p>Mons. P\u0159ibyl ha ricordato la sua dichiarazione, che \u00e8 disposto a incontrare coloro che in qualche modo non sono stati completamente al centro dell&#8217;attenzione della Chiesa e che vorrebbero essere ascoltati. Ha ammesso che, nelle condizioni di polarizzazione della Chiesa ceca, \u00e8 importante ci\u00f2 che ci ispira Leone XIV, le sue parole ripetute dopo Cristo: &#8220;Pace a voi&#8221;.<\/p>\n\n\n\n<p>\u00abGuardando il ponte da cui San Giovanni Nepomuceno fu gettato nella Moldava, dobbiamo costruire ponti di relazioni interumane e guardarci l&#8217;un l&#8217;altro come amici, fratelli e sorelle, dare testimonianza al mondo che ci circonda e proclamare il Vangelo. Abbiamo molto da fare in questo campo, perch\u00e9 tanto ci divide\u00bb. Secondo l&#8217;arcivescovo di Praga, il modello di tale atteggiamento \u00e8 lo stesso Papa, con la sua capacit\u00e0 di ascoltare gli altri.<\/p>\n\n\n\n<p>Parlando dei suoi progetti pastorali, l&#8217;arcivescovo P\u0159ibyl ha ammesso che gli sta a cuore raggiungere con il Vangelo l&#8217;uomo contemporaneo, coloro che si considerano non credenti. \u00abIeri ho parlato con una donna che mi diceva con grande rammarico che vorrebbe credere, ma non ci riesce. E io le ho detto che secondo me lei \u00e8 gi\u00e0 credente. Solo che immagina erroneamente che la sua fede dovrebbe essere diversa\u00bb.<\/p>\n\n\n\n<p>L&#8217;Arcidiocesi di Praga, che vedr\u00e0 l&#8217;insediamento di mons. Stanislav P\u0159ibyl il prossimo 25 aprile 2026, \u00e8 la circoscrizione ecclesiastica pi\u00f9 antica e prestigiosa della Repubblica Ceca, risalente al X secolo. Nonostante\u00a0questa ricca eredit\u00e0 storica, la Chiesa locale deve affrontare le sfide della societ\u00e0 odierna. Vale la pena ricordare che la Repubblica Ceca rimane uno dei Paesi pi\u00f9 secolarizzati al mondo. Secondo il censimento del 2021, circa il 47,8% della popolazione si dichiara ateo o senza religione. I cattolici rappresentano circa il 9,3% della popolazione.<\/p>\n\n\n\n<p>Scala News (in base alle informazioni disponibili su vaticannews.va)<\/p>\n","protected":false},"excerpt":{"rendered":"<p>A un mese esatto dalla sua nomina ad arcivescovo di Praga e primate di Boemia, Monsignor Stanislav P\u0159ibyl CSsR \u00e8 stato ricevuto in udienza privata da Papa Leone. Un incontro durato quarantacinque minuti \u2013 ben oltre il tempo inizialmente previsto \u2013 segnato da un clima di cordialit\u00e0 e da uno scambio profondo su temi pastorali [&hellip;]<\/p>\n","protected":false},"author":23,"featured_media":32364,"comment_status":"closed","ping_status":"closed","sticky":false,"template":"","format":"standard","meta":{"_mi_skip_tracking":false},"categories":[30],"tags":[],"_links":{"self":[{"href":"https:\/\/www.cssr.news\/italian\/wp-json\/wp\/v2\/posts\/32640"}],"collection":[{"href":"https:\/\/www.cssr.news\/italian\/wp-json\/wp\/v2\/posts"}],"about":[{"href":"https:\/\/www.cssr.news\/italian\/wp-json\/wp\/v2\/types\/post"}],"author":[{"embeddable":true,"href":"https:\/\/www.cssr.news\/italian\/wp-json\/wp\/v2\/users\/23"}],"replies":[{"embeddable":true,"href":"https:\/\/www.cssr.news\/italian\/wp-json\/wp\/v2\/comments?post=32640"}],"version-history":[{"count":1,"href":"https:\/\/www.cssr.news\/italian\/wp-json\/wp\/v2\/posts\/32640\/revisions"}],"predecessor-version":[{"id":32641,"href":"https:\/\/www.cssr.news\/italian\/wp-json\/wp\/v2\/posts\/32640\/revisions\/32641"}],"wp:featuredmedia":[{"embeddable":true,"href":"https:\/\/www.cssr.news\/italian\/wp-json\/wp\/v2\/media\/32364"}],"wp:attachment":[{"href":"https:\/\/www.cssr.news\/italian\/wp-json\/wp\/v2\/media?parent=32640"}],"wp:term":[{"taxonomy":"category","embeddable":true,"href":"https:\/\/www.cssr.news\/italian\/wp-json\/wp\/v2\/categories?post=32640"},{"taxonomy":"post_tag","embeddable":true,"href":"https:\/\/www.cssr.news\/italian\/wp-json\/wp\/v2\/tags?post=32640"}],"curies":[{"name":"wp","href":"https:\/\/api.w.org\/{rel}","templated":true}]}}