{"id":32674,"date":"2026-03-05T13:45:00","date_gmt":"2026-03-05T11:45:00","guid":{"rendered":"https:\/\/www.cssr.news\/italian\/?p=32674"},"modified":"2026-03-07T05:18:01","modified_gmt":"2026-03-07T03:18:01","slug":"mons-bashar-warda-cssr-in-tempi-di-guerra-sono-sempre-gli-emarginati-a-soffrire-di-piu","status":"publish","type":"post","link":"https:\/\/www.cssr.news\/italian\/2026\/03\/mons-bashar-warda-cssr-in-tempi-di-guerra-sono-sempre-gli-emarginati-a-soffrire-di-piu\/","title":{"rendered":"Mons. Bashar Warda CSsR: &#8220;In tempi di guerra sono sempre gli emarginati a soffrire di pi\u00f9&#8221;"},"content":{"rendered":"\n<p>&#8220;In tempi di guerra &#8211; ha ricordato l&#8217;arcivescovo redentorista Bashar Warda &#8211; sono sempre gli emarginati a soffrire di pi\u00f9&#8221;.  La cappella di McGivney House, affiliata all&#8217;arcidiocesi cattolica caldea di Erbil, ha subito danni a seguito di un attacco. Il complesso si trova nella citt\u00e0 di Ankawa e ospita diverse famiglie cristiane. Infatti, la &#8220;McGivney House&#8221;, come \u00e8 conosciuta localmente, era stata finanziata interamente da donazioni delle organizzazioni benefiche dei Cavalieri di Colombo, per servire come rifugio per le famiglie cristiane sfollate durante la guerra dell&#8217;Is, dal 2014 al 2018.<\/p>\n\n\n\n<p>L&#8217;arcivescovo ha dunque esortato &#8220;il mondo a ricordare e pregare per le numerose persone emarginate in Iraq, inclusa la piccola e ancora minacciata minoranza cristiana, che lotta per rimanere nella propria terra natale&#8221;.<br>L&#8217;auspicio, \u00e8 la conclusione, \u00e8 che questi tempi di violenza e guerra finiscano, &#8220;affinch\u00e9 il nostro popolo sofferente possa ancora avere la possibilit\u00e0 di tornare a una vita di pace e dignit\u00e0. Siamo profondamente preoccupati che il nostro tempo stia per scadere&#8221;.<\/p>\n\n\n\n<figure class=\"wp-block-image size-large\"><a href=\"http:\/\/www.cssr.news\/italian\/wp-content\/uploads\/sites\/2\/2026\/03\/warda_ewtn_06032026.jpg\"><img width=\"966\" height=\"533\" src=\"http:\/\/www.cssr.news\/italian\/wp-content\/uploads\/sites\/2\/2026\/03\/warda_ewtn_06032026.jpg\" alt=\"\" class=\"wp-image-32679\" srcset=\"https:\/\/www.cssr.news\/italian\/wp-content\/uploads\/sites\/2\/2026\/03\/warda_ewtn_06032026.jpg 966w, https:\/\/www.cssr.news\/italian\/wp-content\/uploads\/sites\/2\/2026\/03\/warda_ewtn_06032026-300x166.jpg 300w, https:\/\/www.cssr.news\/italian\/wp-content\/uploads\/sites\/2\/2026\/03\/warda_ewtn_06032026-768x424.jpg 768w, https:\/\/www.cssr.news\/italian\/wp-content\/uploads\/sites\/2\/2026\/03\/warda_ewtn_06032026-696x385.jpg 696w, https:\/\/www.cssr.news\/italian\/wp-content\/uploads\/sites\/2\/2026\/03\/warda_ewtn_06032026-761x420.jpg 761w\" sizes=\"(max-width: 966px) 100vw, 966px\" \/><\/a><figcaption>Mons. Bashar Warda CSsR<\/figcaption><\/figure>\n\n\n\n<p>Secondo riferisce Vatican News: \u00e8 stata diffusa una nota di stampa anche dall&#8217;arcidiocesi caldea di Erbil, che ha riferito di un attacco forse perpetrato da un drone ad edifici di propriet\u00e0 dell&#8217;arcidiocesi, il complesso di appartamenti Beato Michael McGivney ad Ankawa nella regione del Kurdistan iracheno.<br>L&#8217;attacco sarebbe avvenuto la sera del 4 marzo e non avrebbe provocato vittime, dato che l&#8217;edificio era stato in gran parte evacuato, a causa della sua vicinanza all&#8217;aeroporto internazionale della citt\u00e0.<br>Lo stesso sarebbe avvenuto per il vicino convento delle Figlie Caldee di Maria Immacolata, che ha subito danni a causa dell&#8217;attacco.<\/p>\n\n\n\n<p>Scala News<\/p>\n\n\n\n<p>Qui l&#8217;intervista completa dell&#8217;arcivescovo redentorista Bashar Warda a EWTN News:<\/p>\n\n\n\n<figure class=\"wp-block-embed is-type-video is-provider-youtube wp-block-embed-youtube wp-embed-aspect-16-9 wp-has-aspect-ratio\"><div class=\"wp-block-embed__wrapper\">\n<iframe title=\"Iraqi Archbishop Addresses U.S.\u2013Iran Conflict and the Situation on the Ground | EWTN News Nightly\" width=\"696\" height=\"392\" src=\"https:\/\/www.youtube.com\/embed\/6Gwvq6s5mxM?feature=oembed\" frameborder=\"0\" allow=\"accelerometer; autoplay; clipboard-write; encrypted-media; gyroscope; picture-in-picture; web-share\" referrerpolicy=\"strict-origin-when-cross-origin\" allowfullscreen><\/iframe>\n<\/div><\/figure>\n","protected":false},"excerpt":{"rendered":"<p>&#8220;In tempi di guerra &#8211; ha ricordato l&#8217;arcivescovo redentorista Bashar Warda &#8211; sono sempre gli emarginati a soffrire di pi\u00f9&#8221;. La cappella di McGivney House, affiliata all&#8217;arcidiocesi cattolica caldea di Erbil, ha subito danni a seguito di un attacco. Il complesso si trova nella citt\u00e0 di Ankawa e ospita diverse famiglie cristiane. Infatti, la &#8220;McGivney [&hellip;]<\/p>\n","protected":false},"author":3,"featured_media":32678,"comment_status":"closed","ping_status":"closed","sticky":false,"template":"","format":"standard","meta":{"_mi_skip_tracking":false},"categories":[2],"tags":[],"_links":{"self":[{"href":"https:\/\/www.cssr.news\/italian\/wp-json\/wp\/v2\/posts\/32674"}],"collection":[{"href":"https:\/\/www.cssr.news\/italian\/wp-json\/wp\/v2\/posts"}],"about":[{"href":"https:\/\/www.cssr.news\/italian\/wp-json\/wp\/v2\/types\/post"}],"author":[{"embeddable":true,"href":"https:\/\/www.cssr.news\/italian\/wp-json\/wp\/v2\/users\/3"}],"replies":[{"embeddable":true,"href":"https:\/\/www.cssr.news\/italian\/wp-json\/wp\/v2\/comments?post=32674"}],"version-history":[{"count":5,"href":"https:\/\/www.cssr.news\/italian\/wp-json\/wp\/v2\/posts\/32674\/revisions"}],"predecessor-version":[{"id":32692,"href":"https:\/\/www.cssr.news\/italian\/wp-json\/wp\/v2\/posts\/32674\/revisions\/32692"}],"wp:featuredmedia":[{"embeddable":true,"href":"https:\/\/www.cssr.news\/italian\/wp-json\/wp\/v2\/media\/32678"}],"wp:attachment":[{"href":"https:\/\/www.cssr.news\/italian\/wp-json\/wp\/v2\/media?parent=32674"}],"wp:term":[{"taxonomy":"category","embeddable":true,"href":"https:\/\/www.cssr.news\/italian\/wp-json\/wp\/v2\/categories?post=32674"},{"taxonomy":"post_tag","embeddable":true,"href":"https:\/\/www.cssr.news\/italian\/wp-json\/wp\/v2\/tags?post=32674"}],"curies":[{"name":"wp","href":"https:\/\/api.w.org\/{rel}","templated":true}]}}