{"id":32693,"date":"2026-03-09T15:26:00","date_gmt":"2026-03-09T13:26:00","guid":{"rendered":"https:\/\/www.cssr.news\/italian\/?p=32693"},"modified":"2026-03-09T11:09:24","modified_gmt":"2026-03-09T09:09:24","slug":"india-celebrazione-del-300-anniversario-della-nascita-di-san-gerardo-majella-in-kerala","status":"publish","type":"post","link":"https:\/\/www.cssr.news\/italian\/2026\/03\/india-celebrazione-del-300-anniversario-della-nascita-di-san-gerardo-majella-in-kerala\/","title":{"rendered":"India: celebrazione del 300\u00b0 anniversario della nascita di San Gerardo Majella in Kerala"},"content":{"rendered":"\n<p>I fedeli della chiesa Nithya Sahaya Matha di Kunnambetta, nel distretto di Wayanad, in Kerala, nei giorni 6-8 marzo, hanno celebrato un triduum all&#8217;onore di san Gerardo, per celebrare il 300\u00b0 anniversario della nascita di San Gerardo Majella. Conosciuto in tutto il mondo come il santo patrono delle donne incinte e il \u201ctaumaturgo\u201d del XVIII secolo, l&#8217;eredit\u00e0 di umilt\u00e0 e intercessione di San Gerardo \u00e8 stata riportata in vita attraverso una serie di solenni eventi liturgici e grazie alla rara presenza della sua sacra reliquia.<\/p>\n\n\n\n<p><strong>Una confluenza di preghiera e tradizione:<\/strong><\/p>\n\n\n\n<p>Le celebrazioni sono iniziate con un bellissimo scambio spirituale quando la comunit\u00e0 ha portato la reliquia di San Gerardo all&#8217;Ananda Matha Ashram di Wayanad.<\/p>\n\n\n\n<p>Questa comunit\u00e0 contemplativa di suore cistercensi ha accolto la reliquia nel proprio santuario, creando un ponte tra la vivace vita parrocchiale e il cuore silenzioso e devoto del monastero. Il momento spirituale culminante di questa visita \u00e8 stata la Qurbana siro-malabarese, celebrata da padre Geo. Il termine Qurb\u0101n\u0101 (che in siriaco significa &#8220;Offerta&#8221; o &#8220;Sacrificio&#8221;) indica, nelle Chiese cattoliche orientali e ortodosse di tradizione siriaca \u2014 come la Chiesa siro-malabarese \u2014 la Divina Liturgia, ovvero la celebrazione eucaristica.<\/p>\n\n\n\n<figure class=\"wp-block-gallery columns-3 is-cropped\"><ul class=\"blocks-gallery-grid\"><li class=\"blocks-gallery-item\"><figure><a href=\"http:\/\/www.cssr.news\/wp-content\/uploads\/2026\/03\/WhatsApp-Image-2026-03-08-at-08.58.13.jpeg\"><img src=\"http:\/\/www.cssr.news\/wp-content\/uploads\/2026\/03\/WhatsApp-Image-2026-03-08-at-08.58.13-523x1024.jpeg\" alt=\"\" data-id=\"40606\" data-full-url=\"http:\/\/www.cssr.news\/wp-content\/uploads\/2026\/03\/WhatsApp-Image-2026-03-08-at-08.58.13.jpeg\" data-link=\"https:\/\/www.cssr.news\/?attachment_id=40606\" class=\"wp-image-40606\"\/><\/a><\/figure><\/li><li class=\"blocks-gallery-item\"><figure><a href=\"http:\/\/www.cssr.news\/wp-content\/uploads\/2026\/03\/WhatsApp-Image-2026-03-08-at-09.02.21.jpeg\"><img src=\"http:\/\/www.cssr.news\/wp-content\/uploads\/2026\/03\/WhatsApp-Image-2026-03-08-at-09.02.21.jpeg\" alt=\"\" data-id=\"40601\" data-full-url=\"http:\/\/www.cssr.news\/wp-content\/uploads\/2026\/03\/WhatsApp-Image-2026-03-08-at-09.02.21.jpeg\" data-link=\"https:\/\/www.cssr.news\/?attachment_id=40601\" class=\"wp-image-40601\"\/><\/a><\/figure><\/li><li class=\"blocks-gallery-item\"><figure><a href=\"http:\/\/www.cssr.news\/wp-content\/uploads\/2026\/03\/WhatsApp-Image-2026-03-08-at-08.58.52.jpeg\"><img src=\"http:\/\/www.cssr.news\/wp-content\/uploads\/2026\/03\/WhatsApp-Image-2026-03-08-at-08.58.52-1024x576.jpeg\" alt=\"\" data-id=\"40605\" data-full-url=\"http:\/\/www.cssr.news\/wp-content\/uploads\/2026\/03\/WhatsApp-Image-2026-03-08-at-08.58.52.jpeg\" data-link=\"https:\/\/www.cssr.news\/?attachment_id=40605\" class=\"wp-image-40605\"\/><\/a><\/figure><\/li><li class=\"blocks-gallery-item\"><figure><a href=\"http:\/\/www.cssr.news\/wp-content\/uploads\/2026\/03\/WhatsApp-Image-2026-03-08-at-09.03.11.jpeg\"><img src=\"http:\/\/www.cssr.news\/wp-content\/uploads\/2026\/03\/WhatsApp-Image-2026-03-08-at-09.03.11-1024x597.jpeg\" alt=\"\" data-id=\"40600\" data-full-url=\"http:\/\/www.cssr.news\/wp-content\/uploads\/2026\/03\/WhatsApp-Image-2026-03-08-at-09.03.11.jpeg\" data-link=\"https:\/\/www.cssr.news\/?attachment_id=40600\" class=\"wp-image-40600\"\/><\/a><\/figure><\/li><li class=\"blocks-gallery-item\"><figure><a href=\"http:\/\/www.cssr.news\/wp-content\/uploads\/2026\/03\/WhatsApp-Image-2026-03-08-at-09.00.01.jpeg\"><img src=\"http:\/\/www.cssr.news\/wp-content\/uploads\/2026\/03\/WhatsApp-Image-2026-03-08-at-09.00.01.jpeg\" alt=\"\" data-id=\"40604\" data-full-url=\"http:\/\/www.cssr.news\/wp-content\/uploads\/2026\/03\/WhatsApp-Image-2026-03-08-at-09.00.01.jpeg\" data-link=\"https:\/\/www.cssr.news\/?attachment_id=40604\" class=\"wp-image-40604\"\/><\/a><\/figure><\/li><li class=\"blocks-gallery-item\"><figure><a href=\"http:\/\/www.cssr.news\/wp-content\/uploads\/2026\/03\/WhatsApp-Image-2026-03-08-at-09.00.22.jpeg\"><img src=\"http:\/\/www.cssr.news\/wp-content\/uploads\/2026\/03\/WhatsApp-Image-2026-03-08-at-09.00.22-1024x682.jpeg\" alt=\"\" data-id=\"40603\" data-full-url=\"http:\/\/www.cssr.news\/wp-content\/uploads\/2026\/03\/WhatsApp-Image-2026-03-08-at-09.00.22.jpeg\" data-link=\"https:\/\/www.cssr.news\/?attachment_id=40603\" class=\"wp-image-40603\"\/><\/a><\/figure><\/li><\/ul><\/figure>\n\n\n\n<p><strong>Il Triduo di devozione:<\/strong><\/p>\n\n\n\n<p>Il giubileo ha seguito un percorso di preghiera strutturato, assicurando che ogni membro della comunit\u00e0 potesse partecipare a questo evento importante. I giorni dei 6 e 7 marzo sono stati i giorni di preparazione intensa. Ogni mattina alle 6:45, la comunit\u00e0 si \u00e8 riunita per la Santa Qurbana, seguita dalla novena, concentrando i propri cuori sulla vita di San Gerardo dedicata al \u201cfare la volont\u00e0 di Dio\u201d.<\/p>\n\n\n\n<p>L&#8217;8 marzo (domenica) ha visto il culmine dei festeggiamenti. Dalle 6:00 alle 20:00: le porte della chiesa sono rimaste aperte per tutta la giornata per consentire le visite. Pellegrini provenienti da varie parrocchie sono arrivati durante il giorno per sedersi in silenzio davanti alla reliquia. La Messa solenne \u00e8 stata celebrata alle 8 del mattino, attirando una grande folla di fedeli. La liturgia si \u00e8 conclusa con una novena finale e una colazione comunitaria, promuovendo uno spirito di comunione cristiana e di gioia.<\/p>\n\n\n\n<p><strong>Un santo per ogni intenzione:<\/strong><\/p>\n\n\n\n<p>Il 300\u00b0 anniversario della nascita di San Gerardo Majella \u00e8 stato pi\u00f9 di un semplice evento storico; \u00e8 stata una testimonianza vivente della fede vibrante della parrocchia. Dalle preghiere silenziose delle suore cistercensi alla vivace colazione della domenica mattina, la presenza della reliquia \u00e8 servita come promemoria fisico che la \u201cvolont\u00e0 di Dio\u201d si trova meglio nella comunit\u00e0 e nella preghiera.<\/p>\n\n\n\n<p>Quando la chiesa ha chiuso i battenti alle 20:00 di domenica, l&#8217;eco della novena \u00e8 rimasto nei cuori delle persone, portando la grazia di San Gerardo nelle loro case e nelle loro famiglie.<\/p>\n\n\n\n<p>I novizi<\/p>\n","protected":false},"excerpt":{"rendered":"<p>I fedeli della chiesa Nithya Sahaya Matha di Kunnambetta, nel distretto di Wayanad, in Kerala, nei giorni 6-8 marzo, hanno celebrato un triduum all&#8217;onore di san Gerardo, per celebrare il 300\u00b0 anniversario della nascita di San Gerardo Majella. Conosciuto in tutto il mondo come il santo patrono delle donne incinte e il \u201ctaumaturgo\u201d del XVIII [&hellip;]<\/p>\n","protected":false},"author":23,"featured_media":32694,"comment_status":"closed","ping_status":"closed","sticky":false,"template":"","format":"standard","meta":{"_mi_skip_tracking":false},"categories":[49],"tags":[],"_links":{"self":[{"href":"https:\/\/www.cssr.news\/italian\/wp-json\/wp\/v2\/posts\/32693"}],"collection":[{"href":"https:\/\/www.cssr.news\/italian\/wp-json\/wp\/v2\/posts"}],"about":[{"href":"https:\/\/www.cssr.news\/italian\/wp-json\/wp\/v2\/types\/post"}],"author":[{"embeddable":true,"href":"https:\/\/www.cssr.news\/italian\/wp-json\/wp\/v2\/users\/23"}],"replies":[{"embeddable":true,"href":"https:\/\/www.cssr.news\/italian\/wp-json\/wp\/v2\/comments?post=32693"}],"version-history":[{"count":1,"href":"https:\/\/www.cssr.news\/italian\/wp-json\/wp\/v2\/posts\/32693\/revisions"}],"predecessor-version":[{"id":32695,"href":"https:\/\/www.cssr.news\/italian\/wp-json\/wp\/v2\/posts\/32693\/revisions\/32695"}],"wp:featuredmedia":[{"embeddable":true,"href":"https:\/\/www.cssr.news\/italian\/wp-json\/wp\/v2\/media\/32694"}],"wp:attachment":[{"href":"https:\/\/www.cssr.news\/italian\/wp-json\/wp\/v2\/media?parent=32693"}],"wp:term":[{"taxonomy":"category","embeddable":true,"href":"https:\/\/www.cssr.news\/italian\/wp-json\/wp\/v2\/categories?post=32693"},{"taxonomy":"post_tag","embeddable":true,"href":"https:\/\/www.cssr.news\/italian\/wp-json\/wp\/v2\/tags?post=32693"}],"curies":[{"name":"wp","href":"https:\/\/api.w.org\/{rel}","templated":true}]}}