{"id":32696,"date":"2026-03-09T20:20:34","date_gmt":"2026-03-09T18:20:34","guid":{"rendered":"https:\/\/www.cssr.news\/italian\/?p=32696"},"modified":"2026-03-09T20:33:17","modified_gmt":"2026-03-09T18:33:17","slug":"addio-a-p-luciano-panella-cssr-un-missionario-per-le-nuove-generazioni","status":"publish","type":"post","link":"https:\/\/www.cssr.news\/italian\/2026\/03\/addio-a-p-luciano-panella-cssr-un-missionario-per-le-nuove-generazioni\/","title":{"rendered":"Addio a P. Luciano Panella CSsR, un missionario per le nuove generazioni"},"content":{"rendered":"\n<p><strong>Pagani, 8 marzo 2026 \u2014 La Basilica di Sant&#8217;Alfonso ha accolto la celebrazione eucaristica funebre del missionario redentorista, scomparso il 6 marzo a Torre del Greco<\/strong><\/p>\n\n\n\n<p>Nel pomeriggio dell&#8217;8 marzo, alle ore 14:30, la Basilica di Sant&#8217;Alfonso Maria de&#8217; Liguori a Pagani ha ospitato i solenni funerali del sacerdote redentorista, membro della Provincia di Europa Sud, scomparso il 6 marzo 2026 a Torre del Greco dopo un breve periodo di malattia. La celebrazione eucaristica \u00e8 stata presieduta dall&#8217;Arcivescovo Alfonso Amarante C.Ss.R., rettore magnifico dell&#8217;Universit\u00e0 Lateranense. Tra i concelebranti erano Mons. Antonio De Luca C.Ss.R., vescovo di Teggiano-Policastro, e Mons. Pasquale Cascio, Arcivescovo di Sant&#8217;Angelo dei Lombardi-Conza-Nusco-Bisaccia.<\/p>\n\n\n\n<figure class=\"wp-block-gallery aligncenter columns-3 is-cropped\"><ul class=\"blocks-gallery-grid\"><li class=\"blocks-gallery-item\"><figure><a href=\"http:\/\/www.cssr.news\/italian\/wp-content\/uploads\/sites\/2\/2026\/03\/260308pagani-00.jpg\"><img width=\"1024\" height=\"574\" src=\"http:\/\/www.cssr.news\/italian\/wp-content\/uploads\/sites\/2\/2026\/03\/260308pagani-00-1024x574.jpg\" alt=\"\" data-id=\"32707\" data-full-url=\"http:\/\/www.cssr.news\/italian\/wp-content\/uploads\/sites\/2\/2026\/03\/260308pagani-00.jpg\" data-link=\"https:\/\/www.cssr.news\/italian\/?attachment_id=32707\" class=\"wp-image-32707\" srcset=\"https:\/\/www.cssr.news\/italian\/wp-content\/uploads\/sites\/2\/2026\/03\/260308pagani-00-1024x574.jpg 1024w, https:\/\/www.cssr.news\/italian\/wp-content\/uploads\/sites\/2\/2026\/03\/260308pagani-00-300x168.jpg 300w, https:\/\/www.cssr.news\/italian\/wp-content\/uploads\/sites\/2\/2026\/03\/260308pagani-00-768x431.jpg 768w, https:\/\/www.cssr.news\/italian\/wp-content\/uploads\/sites\/2\/2026\/03\/260308pagani-00-696x390.jpg 696w, https:\/\/www.cssr.news\/italian\/wp-content\/uploads\/sites\/2\/2026\/03\/260308pagani-00-1068x599.jpg 1068w, https:\/\/www.cssr.news\/italian\/wp-content\/uploads\/sites\/2\/2026\/03\/260308pagani-00-749x420.jpg 749w, https:\/\/www.cssr.news\/italian\/wp-content\/uploads\/sites\/2\/2026\/03\/260308pagani-00.jpg 1200w\" sizes=\"(max-width: 1024px) 100vw, 1024px\" \/><\/a><\/figure><\/li><li class=\"blocks-gallery-item\"><figure><a href=\"http:\/\/www.cssr.news\/italian\/wp-content\/uploads\/sites\/2\/2026\/03\/260308-pagani1_scaled.jpg\"><img width=\"1024\" height=\"590\" src=\"http:\/\/www.cssr.news\/italian\/wp-content\/uploads\/sites\/2\/2026\/03\/260308-pagani1_scaled-1024x590.jpg\" alt=\"\" data-id=\"32708\" data-full-url=\"http:\/\/www.cssr.news\/italian\/wp-content\/uploads\/sites\/2\/2026\/03\/260308-pagani1_scaled.jpg\" data-link=\"https:\/\/www.cssr.news\/italian\/?attachment_id=32708\" class=\"wp-image-32708\" srcset=\"https:\/\/www.cssr.news\/italian\/wp-content\/uploads\/sites\/2\/2026\/03\/260308-pagani1_scaled-1024x590.jpg 1024w, https:\/\/www.cssr.news\/italian\/wp-content\/uploads\/sites\/2\/2026\/03\/260308-pagani1_scaled-300x173.jpg 300w, https:\/\/www.cssr.news\/italian\/wp-content\/uploads\/sites\/2\/2026\/03\/260308-pagani1_scaled-768x442.jpg 768w, https:\/\/www.cssr.news\/italian\/wp-content\/uploads\/sites\/2\/2026\/03\/260308-pagani1_scaled-696x401.jpg 696w, https:\/\/www.cssr.news\/italian\/wp-content\/uploads\/sites\/2\/2026\/03\/260308-pagani1_scaled-1068x615.jpg 1068w, https:\/\/www.cssr.news\/italian\/wp-content\/uploads\/sites\/2\/2026\/03\/260308-pagani1_scaled-729x420.jpg 729w, https:\/\/www.cssr.news\/italian\/wp-content\/uploads\/sites\/2\/2026\/03\/260308-pagani1_scaled.jpg 1200w\" sizes=\"(max-width: 1024px) 100vw, 1024px\" \/><\/a><\/figure><\/li><li class=\"blocks-gallery-item\"><figure><a href=\"http:\/\/www.cssr.news\/italian\/wp-content\/uploads\/sites\/2\/2026\/03\/260308-pagani2_scaled.jpg\"><img width=\"1024\" height=\"596\" src=\"http:\/\/www.cssr.news\/italian\/wp-content\/uploads\/sites\/2\/2026\/03\/260308-pagani2_scaled-1024x596.jpg\" alt=\"\" data-id=\"32709\" data-full-url=\"http:\/\/www.cssr.news\/italian\/wp-content\/uploads\/sites\/2\/2026\/03\/260308-pagani2_scaled.jpg\" data-link=\"https:\/\/www.cssr.news\/italian\/?attachment_id=32709\" class=\"wp-image-32709\" srcset=\"https:\/\/www.cssr.news\/italian\/wp-content\/uploads\/sites\/2\/2026\/03\/260308-pagani2_scaled-1024x596.jpg 1024w, https:\/\/www.cssr.news\/italian\/wp-content\/uploads\/sites\/2\/2026\/03\/260308-pagani2_scaled-300x175.jpg 300w, https:\/\/www.cssr.news\/italian\/wp-content\/uploads\/sites\/2\/2026\/03\/260308-pagani2_scaled-768x447.jpg 768w, https:\/\/www.cssr.news\/italian\/wp-content\/uploads\/sites\/2\/2026\/03\/260308-pagani2_scaled-696x405.jpg 696w, https:\/\/www.cssr.news\/italian\/wp-content\/uploads\/sites\/2\/2026\/03\/260308-pagani2_scaled-1068x621.jpg 1068w, https:\/\/www.cssr.news\/italian\/wp-content\/uploads\/sites\/2\/2026\/03\/260308-pagani2_scaled-722x420.jpg 722w, https:\/\/www.cssr.news\/italian\/wp-content\/uploads\/sites\/2\/2026\/03\/260308-pagani2_scaled.jpg 1200w\" sizes=\"(max-width: 1024px) 100vw, 1024px\" \/><\/a><\/figure><\/li><li class=\"blocks-gallery-item\"><figure><a href=\"http:\/\/www.cssr.news\/italian\/wp-content\/uploads\/sites\/2\/2026\/03\/260308-pagani3_scaled.jpg\"><img width=\"1024\" height=\"703\" src=\"http:\/\/www.cssr.news\/italian\/wp-content\/uploads\/sites\/2\/2026\/03\/260308-pagani3_scaled-1024x703.jpg\" alt=\"\" data-id=\"32710\" data-full-url=\"http:\/\/www.cssr.news\/italian\/wp-content\/uploads\/sites\/2\/2026\/03\/260308-pagani3_scaled.jpg\" data-link=\"https:\/\/www.cssr.news\/italian\/?attachment_id=32710\" class=\"wp-image-32710\" srcset=\"https:\/\/www.cssr.news\/italian\/wp-content\/uploads\/sites\/2\/2026\/03\/260308-pagani3_scaled-1024x703.jpg 1024w, https:\/\/www.cssr.news\/italian\/wp-content\/uploads\/sites\/2\/2026\/03\/260308-pagani3_scaled-300x206.jpg 300w, https:\/\/www.cssr.news\/italian\/wp-content\/uploads\/sites\/2\/2026\/03\/260308-pagani3_scaled-768x527.jpg 768w, https:\/\/www.cssr.news\/italian\/wp-content\/uploads\/sites\/2\/2026\/03\/260308-pagani3_scaled-100x70.jpg 100w, https:\/\/www.cssr.news\/italian\/wp-content\/uploads\/sites\/2\/2026\/03\/260308-pagani3_scaled-218x150.jpg 218w, https:\/\/www.cssr.news\/italian\/wp-content\/uploads\/sites\/2\/2026\/03\/260308-pagani3_scaled-696x478.jpg 696w, https:\/\/www.cssr.news\/italian\/wp-content\/uploads\/sites\/2\/2026\/03\/260308-pagani3_scaled-1068x733.jpg 1068w, https:\/\/www.cssr.news\/italian\/wp-content\/uploads\/sites\/2\/2026\/03\/260308-pagani3_scaled-612x420.jpg 612w, https:\/\/www.cssr.news\/italian\/wp-content\/uploads\/sites\/2\/2026\/03\/260308-pagani3_scaled.jpg 1200w\" sizes=\"(max-width: 1024px) 100vw, 1024px\" \/><\/a><\/figure><\/li><li class=\"blocks-gallery-item\"><figure><a href=\"http:\/\/www.cssr.news\/italian\/wp-content\/uploads\/sites\/2\/2026\/03\/260308-pagani5_scaled.jpg\"><img width=\"1024\" height=\"613\" src=\"http:\/\/www.cssr.news\/italian\/wp-content\/uploads\/sites\/2\/2026\/03\/260308-pagani5_scaled-1024x613.jpg\" alt=\"\" data-id=\"32712\" data-full-url=\"http:\/\/www.cssr.news\/italian\/wp-content\/uploads\/sites\/2\/2026\/03\/260308-pagani5_scaled.jpg\" data-link=\"https:\/\/www.cssr.news\/italian\/?attachment_id=32712\" class=\"wp-image-32712\" srcset=\"https:\/\/www.cssr.news\/italian\/wp-content\/uploads\/sites\/2\/2026\/03\/260308-pagani5_scaled-1024x613.jpg 1024w, https:\/\/www.cssr.news\/italian\/wp-content\/uploads\/sites\/2\/2026\/03\/260308-pagani5_scaled-300x180.jpg 300w, https:\/\/www.cssr.news\/italian\/wp-content\/uploads\/sites\/2\/2026\/03\/260308-pagani5_scaled-768x460.jpg 768w, https:\/\/www.cssr.news\/italian\/wp-content\/uploads\/sites\/2\/2026\/03\/260308-pagani5_scaled-696x416.jpg 696w, https:\/\/www.cssr.news\/italian\/wp-content\/uploads\/sites\/2\/2026\/03\/260308-pagani5_scaled-1068x639.jpg 1068w, https:\/\/www.cssr.news\/italian\/wp-content\/uploads\/sites\/2\/2026\/03\/260308-pagani5_scaled-702x420.jpg 702w, https:\/\/www.cssr.news\/italian\/wp-content\/uploads\/sites\/2\/2026\/03\/260308-pagani5_scaled.jpg 1200w\" sizes=\"(max-width: 1024px) 100vw, 1024px\" \/><\/a><\/figure><\/li><li class=\"blocks-gallery-item\"><figure><a href=\"http:\/\/www.cssr.news\/italian\/wp-content\/uploads\/sites\/2\/2026\/03\/260308-pagani4_scaled.jpg\"><img width=\"1024\" height=\"614\" src=\"http:\/\/www.cssr.news\/italian\/wp-content\/uploads\/sites\/2\/2026\/03\/260308-pagani4_scaled-1024x614.jpg\" alt=\"\" data-id=\"32711\" data-full-url=\"http:\/\/www.cssr.news\/italian\/wp-content\/uploads\/sites\/2\/2026\/03\/260308-pagani4_scaled.jpg\" data-link=\"https:\/\/www.cssr.news\/italian\/?attachment_id=32711\" class=\"wp-image-32711\" srcset=\"https:\/\/www.cssr.news\/italian\/wp-content\/uploads\/sites\/2\/2026\/03\/260308-pagani4_scaled-1024x614.jpg 1024w, https:\/\/www.cssr.news\/italian\/wp-content\/uploads\/sites\/2\/2026\/03\/260308-pagani4_scaled-300x180.jpg 300w, https:\/\/www.cssr.news\/italian\/wp-content\/uploads\/sites\/2\/2026\/03\/260308-pagani4_scaled-768x461.jpg 768w, https:\/\/www.cssr.news\/italian\/wp-content\/uploads\/sites\/2\/2026\/03\/260308-pagani4_scaled-696x418.jpg 696w, https:\/\/www.cssr.news\/italian\/wp-content\/uploads\/sites\/2\/2026\/03\/260308-pagani4_scaled-1068x641.jpg 1068w, https:\/\/www.cssr.news\/italian\/wp-content\/uploads\/sites\/2\/2026\/03\/260308-pagani4_scaled-700x420.jpg 700w, https:\/\/www.cssr.news\/italian\/wp-content\/uploads\/sites\/2\/2026\/03\/260308-pagani4_scaled.jpg 1200w\" sizes=\"(max-width: 1024px) 100vw, 1024px\" \/><\/a><\/figure><\/li><\/ul><figcaption class=\"blocks-gallery-caption\"><em>Screenshot dalla trasmissione in diretta dalla basilica di Pagani<\/em><\/figcaption><\/figure>\n\n\n\n<h2>L&#8217;omelia di Mons. Amarante<\/h2>\n\n\n\n<p>Nell&#8217;omelia, Mons. Amarante ha tracciato un ritratto vivo e personale di padre Panella, che conosceva dal 1986. Con il Vangelo dell&#8217;acqua viva come sfondo, ha ricordato come Luciano fosse stato per tanti una sorgente di freschezza nella fede: <em>\u00abDove arrivava portava gioia, portava speranza. Era capace davvero di scuotere con il suo fare giovanile, di portare una novit\u00e0. Ma quella novit\u00e0 non era lui, era Cristo. Questo \u00e8 il dono pi\u00f9 bello che Luciano ci ha potuto lasciare.\u00bb<\/em><\/p>\n\n\n\n<p>Mons Amarante ha poi parlato del dono inatteso degli ultimi mesi: la malattia, accettata con serenit\u00e0 e vissuta pubblicamente come testimonianza di fede. \u00abAbituati a vedere quest&#8217;uomo alto, forte, pieno di energie\u00bb \u2014 ha detto \u2014 \u00absiamo rimasti tutti molto sorpresi. Ha vissuto la malattia con senso di abbandono fiducioso nelle mani di Dio, lasciandoci una testimonianza di fede e di vita meravigliosa.\u00bb<\/p>\n\n\n\n<h2>Gli interventi finali<\/h2>\n\n\n\n<p>Al termine della Messa, P. Zdzislaw Francois Stanula C.Ss.R., vicario generale della Congregazione redentorista, ha letto il messaggio di cordoglio del Superiore Generale P. Rogerio Gomes, che nei questi giorni faceva visita alle unita redentoriste nei Filippini. Nel testo, P. Gomes ha ricordato con gratitudine il servizio di padre Panella alla Congregazione e al Popolo di Dio, in modo particolare il suo lavoro generoso come Rettore del Santuario del Perpetuo Soccorso e superiore della Casa Sant\u2019Alfonso a Roma, dove ha esercitato il suo ministero con spirito di servizio, accoglienza fraterna e un profondo senso di comunit\u00e0.<\/p>\n\n\n\n<p>Ha concluso gli interventi P. Gennaro Sorrentino C.Ss.R., superiore della Provincia di Europa Sud, che ha dato voce alla commozione di tutta la provincia. Ha ricordato le innumerevoli attestazioni di stima giunte da ogni parte \u2014 tra cui la telefonata del Cardinale di Napoli, Don Mimmo Battaglia \u2014 e ha affidato a padre Luciano un ultimo desiderio: continuare a pregare per il dono delle vocazioni. \u00abEgli ha sempre saputo sostenere i sogni dei giovani, incoraggiandoli con saggezza nella scelta della vita consacrata.\u00bb<\/p>\n\n\n\n<p><strong>Lo streaming dalla Basilica di Sant\u2019Alfonso Maria de\u2019 Liguori- Pagani (SA) Funerali di Padre Luciano Panella<\/strong>  &#8211; disponibile sul <a href=\"https:\/\/fb.watch\/FKOmbS9CD4\/\">profilo Facebook della basilica<\/a>.<\/p>\n\n\n\n<h2>Chi era Padre Luciano Panella<\/h2>\n\n\n\n<p>Nato il 7 gennaio 1955 a Sant&#8217;Angelo a Cupolo (BN), Luciano Panella emette la prima professione il 29 settembre 1972 e viene ordinato sacerdote il 31 agosto 1980. Membro dell&#8217;allora Provincia di Napoli, oggi Provincia di Europa Sud. <\/p>\n\n\n\n<p>Religioso redentorista al servizio del Vangelo, padre Panella ha ricoperto nel corso della sua vita incarichi di grande responsabilit\u00e0 all\u2019interno della Congregazione. \u00c8 stato superiore a Tropea (1996-1999) e a Materdomini (1999-2007). Come rettore guida il Santuario di San Gerardo Maiella accogliendo migliaia di pellegrini da ogni parte d&#8217;Italia e del mondo. In quegli anni promuove anche l&#8217;iniziativa \u00abAccendi la carit\u00e0\u00bb, per sostenere le opere missionarie redentoriste e tradurre la preghiera in solidariet\u00e0 concreta..<\/p>\n\n\n\n<p>Dal 2008 al 2015 ricopre l&#8217;incarico di rettore del Santuario del Perpetuo Soccorso a Roma e di superiore della Comunita di Sant&#8217;Alfonsa a Roma. Poi torna a Pagani come superiore della comunit\u00e0 e rettore della Basilica di Sant&#8217;Alfonso (2015\u20132019), dove diventa per molti \u2014 in particolare per i giovani \u2014 un punto di riferimento spirituale e umano di grande spessore.<\/p>\n\n\n\n<figure class=\"wp-block-gallery aligncenter columns-3 is-cropped\"><ul class=\"blocks-gallery-grid\"><li class=\"blocks-gallery-item\"><figure><a href=\"http:\/\/www.cssr.news\/italian\/wp-content\/uploads\/sites\/2\/2026\/03\/panella-2015-0627a.jpg\"><img width=\"847\" height=\"1024\" src=\"http:\/\/www.cssr.news\/italian\/wp-content\/uploads\/sites\/2\/2026\/03\/panella-2015-0627a-847x1024.jpg\" alt=\"\" data-id=\"32716\" data-full-url=\"http:\/\/www.cssr.news\/italian\/wp-content\/uploads\/sites\/2\/2026\/03\/panella-2015-0627a.jpg\" data-link=\"https:\/\/www.cssr.news\/italian\/?attachment_id=32716\" class=\"wp-image-32716\" srcset=\"https:\/\/www.cssr.news\/italian\/wp-content\/uploads\/sites\/2\/2026\/03\/panella-2015-0627a-847x1024.jpg 847w, https:\/\/www.cssr.news\/italian\/wp-content\/uploads\/sites\/2\/2026\/03\/panella-2015-0627a-248x300.jpg 248w, https:\/\/www.cssr.news\/italian\/wp-content\/uploads\/sites\/2\/2026\/03\/panella-2015-0627a-768x929.jpg 768w, https:\/\/www.cssr.news\/italian\/wp-content\/uploads\/sites\/2\/2026\/03\/panella-2015-0627a-696x842.jpg 696w, https:\/\/www.cssr.news\/italian\/wp-content\/uploads\/sites\/2\/2026\/03\/panella-2015-0627a-347x420.jpg 347w, https:\/\/www.cssr.news\/italian\/wp-content\/uploads\/sites\/2\/2026\/03\/panella-2015-0627a.jpg 992w\" sizes=\"(max-width: 847px) 100vw, 847px\" \/><\/a><figcaption class=\"blocks-gallery-item__caption\">P. Luciano con Mons. Michael Breh CSsR, allora Superiore Generale, Roma 2015.<\/figcaption><\/figure><\/li><li class=\"blocks-gallery-item\"><figure><a href=\"http:\/\/www.cssr.news\/italian\/wp-content\/uploads\/sites\/2\/2026\/03\/panella-2015-0627-processione-2.jpg\"><img width=\"683\" height=\"1024\" src=\"http:\/\/www.cssr.news\/italian\/wp-content\/uploads\/sites\/2\/2026\/03\/panella-2015-0627-processione-2-683x1024.jpg\" alt=\"\" data-id=\"32714\" data-full-url=\"http:\/\/www.cssr.news\/italian\/wp-content\/uploads\/sites\/2\/2026\/03\/panella-2015-0627-processione-2.jpg\" data-link=\"https:\/\/www.cssr.news\/italian\/?attachment_id=32714\" class=\"wp-image-32714\" srcset=\"https:\/\/www.cssr.news\/italian\/wp-content\/uploads\/sites\/2\/2026\/03\/panella-2015-0627-processione-2-683x1024.jpg 683w, https:\/\/www.cssr.news\/italian\/wp-content\/uploads\/sites\/2\/2026\/03\/panella-2015-0627-processione-2-200x300.jpg 200w, https:\/\/www.cssr.news\/italian\/wp-content\/uploads\/sites\/2\/2026\/03\/panella-2015-0627-processione-2-768x1152.jpg 768w, https:\/\/www.cssr.news\/italian\/wp-content\/uploads\/sites\/2\/2026\/03\/panella-2015-0627-processione-2-696x1044.jpg 696w, https:\/\/www.cssr.news\/italian\/wp-content\/uploads\/sites\/2\/2026\/03\/panella-2015-0627-processione-2-280x420.jpg 280w, https:\/\/www.cssr.news\/italian\/wp-content\/uploads\/sites\/2\/2026\/03\/panella-2015-0627-processione-2.jpg 800w\" sizes=\"(max-width: 683px) 100vw, 683px\" \/><\/a><figcaption class=\"blocks-gallery-item__caption\">P. Luciano guida la processione, Roma 2015.<\/figcaption><\/figure><\/li><li class=\"blocks-gallery-item\"><figure><a href=\"http:\/\/www.cssr.news\/italian\/wp-content\/uploads\/sites\/2\/2026\/03\/pagani-22-genn-2017-23.jpg\"><img width=\"1024\" height=\"674\" src=\"http:\/\/www.cssr.news\/italian\/wp-content\/uploads\/sites\/2\/2026\/03\/pagani-22-genn-2017-23-1024x674.jpg\" alt=\"\" data-id=\"32713\" data-full-url=\"http:\/\/www.cssr.news\/italian\/wp-content\/uploads\/sites\/2\/2026\/03\/pagani-22-genn-2017-23.jpg\" data-link=\"https:\/\/www.cssr.news\/italian\/?attachment_id=32713\" class=\"wp-image-32713\" srcset=\"https:\/\/www.cssr.news\/italian\/wp-content\/uploads\/sites\/2\/2026\/03\/pagani-22-genn-2017-23-1024x674.jpg 1024w, https:\/\/www.cssr.news\/italian\/wp-content\/uploads\/sites\/2\/2026\/03\/pagani-22-genn-2017-23-300x198.jpg 300w, https:\/\/www.cssr.news\/italian\/wp-content\/uploads\/sites\/2\/2026\/03\/pagani-22-genn-2017-23-768x506.jpg 768w, https:\/\/www.cssr.news\/italian\/wp-content\/uploads\/sites\/2\/2026\/03\/pagani-22-genn-2017-23-696x458.jpg 696w, https:\/\/www.cssr.news\/italian\/wp-content\/uploads\/sites\/2\/2026\/03\/pagani-22-genn-2017-23-1068x703.jpg 1068w, https:\/\/www.cssr.news\/italian\/wp-content\/uploads\/sites\/2\/2026\/03\/pagani-22-genn-2017-23-638x420.jpg 638w, https:\/\/www.cssr.news\/italian\/wp-content\/uploads\/sites\/2\/2026\/03\/pagani-22-genn-2017-23.jpg 1200w\" sizes=\"(max-width: 1024px) 100vw, 1024px\" \/><\/a><figcaption class=\"blocks-gallery-item__caption\">P. Luciano con Card. Joseph Tobin, Pagani 2017.<\/figcaption><\/figure><\/li><li class=\"blocks-gallery-item\"><figure><a href=\"http:\/\/www.cssr.news\/italian\/wp-content\/uploads\/sites\/2\/2026\/03\/2015-processione-PS-roma.jpg\"><img width=\"1024\" height=\"683\" src=\"http:\/\/www.cssr.news\/italian\/wp-content\/uploads\/sites\/2\/2026\/03\/2015-processione-PS-roma-1024x683.jpg\" alt=\"\" data-id=\"32719\" data-full-url=\"http:\/\/www.cssr.news\/italian\/wp-content\/uploads\/sites\/2\/2026\/03\/2015-processione-PS-roma.jpg\" data-link=\"https:\/\/www.cssr.news\/italian\/?attachment_id=32719\" class=\"wp-image-32719\" srcset=\"https:\/\/www.cssr.news\/italian\/wp-content\/uploads\/sites\/2\/2026\/03\/2015-processione-PS-roma-1024x683.jpg 1024w, https:\/\/www.cssr.news\/italian\/wp-content\/uploads\/sites\/2\/2026\/03\/2015-processione-PS-roma-300x200.jpg 300w, https:\/\/www.cssr.news\/italian\/wp-content\/uploads\/sites\/2\/2026\/03\/2015-processione-PS-roma-768x512.jpg 768w, https:\/\/www.cssr.news\/italian\/wp-content\/uploads\/sites\/2\/2026\/03\/2015-processione-PS-roma-1536x1024.jpg 1536w, https:\/\/www.cssr.news\/italian\/wp-content\/uploads\/sites\/2\/2026\/03\/2015-processione-PS-roma-696x464.jpg 696w, https:\/\/www.cssr.news\/italian\/wp-content\/uploads\/sites\/2\/2026\/03\/2015-processione-PS-roma-1068x712.jpg 1068w, https:\/\/www.cssr.news\/italian\/wp-content\/uploads\/sites\/2\/2026\/03\/2015-processione-PS-roma-630x420.jpg 630w, https:\/\/www.cssr.news\/italian\/wp-content\/uploads\/sites\/2\/2026\/03\/2015-processione-PS-roma.jpg 1600w\" sizes=\"(max-width: 1024px) 100vw, 1024px\" \/><\/a><figcaption class=\"blocks-gallery-item__caption\">Festa della Madre del Perpetuo Soccorso, Roma 2015.<\/figcaption><\/figure><\/li><\/ul><figcaption class=\"blocks-gallery-caption\"><em>Foto dell&#8217;archivio di Scala News<\/em><\/figcaption><\/figure>\n\n\n\n<p><\/p>\n\n\n\n<p>Fin dal 1987, come promotore vocazionale, \u00e8 stato tra i fondatori della Pastorale Giovanile Vocazionale Redentorista (PGVR) e organizzatore del Primo Meeting Internazionale dei Giovani a Pagani \u2014 un&#8217;esperienza che ha segnato intere generazioni di giovani redentoristi italiani. Studioso e uomo di cultura, ha pubblicato tra l&#8217;altro la biografia di San Gerardo Maiella&nbsp;<em>\u00abIl fraticello che giocava con Dio\u00bb<\/em>&nbsp;(Shalom, 2005).<\/p>\n\n\n\n<p>Fino agli ultimi giorni della sua vita ha collaborato attivamente con le Missioni Estere Redentoriste, impegnate da oltre 60 anni nell\u2019opera di evangelizzazione nei territori di missione del Madagascar.<\/p>\n\n\n\n<p>La Congregazione del Santissimo Redentore affida padre Luciano alla misericordia del Signore, grata per la sua testimonianza di fede, il servizio generoso alla Chiesa e l\u2019instancabile dedizione alla missione redentorista.<\/p>\n\n\n\n<hr class=\"wp-block-separator\"\/>\n\n\n\n<h2>Messaggio di P. Rog\u00e9rio Gomes, Superiore Generale, presentato al funerale di p. Luciano Panella<\/h2>\n\n\n\n<p class=\"has-text-align-right\">Davao, Filippine, 07 marzo 2026<\/p>\n\n\n\n<p>P. GENNARO SORRENTINO<br>Superiore Provinciale della Provincia d\u2019Europa Sud<\/p>\n\n\n\n<p><strong>Messaggio di Condoglianze<\/strong><\/p>\n\n\n\n<p>Caro P. Gennaro,<\/p>\n\n\n\n<p>Ho ricevuto con profonda tristezza la notizia della morte del nostro caro confratello P. Luciano Panella. Scrivo, a nome del Governo Generale, per esprimere la nostra vicinanza fraterna ai confratelli della Provincia d\u2019Europa Sud e ai suoi familiari in questo momento di lutto. Uniti nella fede e nella speranza pasquale, affidiamo la sua vita e la sua testimonianza missionaria alla misericordia del Signore.<\/p>\n\n\n\n<p>Rendiamo grazie a Dio per il dono della vita e della vocazione missionaria di P. Luciano, cos\u00ec come per il suo generoso servizio alla Congregazione nel corso di tanti anni, servendo il Popolo di Dio. Ricordiamo in modo particolare il suo lavoro generoso come Rettore della Casa Sant\u2019Alfonso, dove ha esercitato il suo ministero con spirito di servizio, accoglienza fraterna e un profondo senso di comunit\u00e0.<\/p>\n\n\n\n<p>Tra le molte qualit\u00e0 che hanno segnato la sua vita, ricordo con gratitudine l\u2019affetto e la cura che ha sempre dimostrato verso i confratelli ammalati, accompagnandoli con attenzione, delicatezza e un autentico spirito fraterno. Questa testimonianza silenziosa di carit\u00e0 rimane una bella espressione della nostra vita apostolica e comunitaria.<\/p>\n\n\n\n<p>Lui ha vissuto il suo Calvario. Il 1\u00ba febbraio di quest\u2019anno mi ha scritto in risposta a una mia lettera. \u201cGrazie davvero carissimo Rogerio, la tua vicinanza e quella della comunit\u00e0 mi conforta molto. Voglio che tu sappia che sono davvero sereno ma anche grato al Signore per tanti doni che mi ha fatto e, non ultimo, questa malattia che mi permette di dare testimonianza nella prova. Mi rimetto completamente nelle mani di Dio ed in quelle di Maria. Io non chiedo niente ma solo che si faccia la volont\u00e0 di Dio \u201ccome vuole Dio e fin quando vuole Dio\u201d e mi dia tanta forza nella prova. Ti accompagna la mia preghiera, stima ed amicizia\u201d.<\/p>\n\n\n\n<p>Affidiamo P. Luciano all\u2019abbraccio misericordioso del Redentore, certi che Colui che egli ha servito con fedelt\u00e0 lo accoglie ora nella pienezza della vita.<\/p>\n\n\n\n<p>La Madonna del Perpetuo Soccorso consoli i cuori rattristati e sostenga tutti voi nella speranza pasquale.<\/p>\n\n\n\n<p>Che il P. Luciano Panella riposi nella pace del Signore.<br>In comunione fraterna e nella preghiera,<\/p>\n\n\n\n<p>Fraternamente,<br>P. Rog\u00e9rio Gomes, C.Ss.R<br>Superiore Generale<\/p>\n\n\n\n<hr class=\"wp-block-separator\"\/>\n\n\n\n<figure class=\"wp-block-image size-large is-style-default\"><a href=\"http:\/\/www.cssr.news\/italian\/wp-content\/uploads\/sites\/2\/2017\/03\/luciano_panella01.jpg\"><img width=\"1024\" height=\"557\" src=\"http:\/\/www.cssr.news\/italian\/wp-content\/uploads\/sites\/2\/2017\/03\/luciano_panella01-1024x557.jpg\" alt=\"\" class=\"wp-image-3774\" srcset=\"https:\/\/www.cssr.news\/italian\/wp-content\/uploads\/sites\/2\/2017\/03\/luciano_panella01-1024x557.jpg 1024w, https:\/\/www.cssr.news\/italian\/wp-content\/uploads\/sites\/2\/2017\/03\/luciano_panella01-300x163.jpg 300w, https:\/\/www.cssr.news\/italian\/wp-content\/uploads\/sites\/2\/2017\/03\/luciano_panella01-768x417.jpg 768w, https:\/\/www.cssr.news\/italian\/wp-content\/uploads\/sites\/2\/2017\/03\/luciano_panella01-696x378.jpg 696w, https:\/\/www.cssr.news\/italian\/wp-content\/uploads\/sites\/2\/2017\/03\/luciano_panella01-1068x580.jpg 1068w, https:\/\/www.cssr.news\/italian\/wp-content\/uploads\/sites\/2\/2017\/03\/luciano_panella01-773x420.jpg 773w, https:\/\/www.cssr.news\/italian\/wp-content\/uploads\/sites\/2\/2017\/03\/luciano_panella01.jpg 1172w\" sizes=\"(max-width: 1024px) 100vw, 1024px\" \/><\/a><\/figure>\n\n\n\n<p>Qui di seguito alcuni momenti della sua Vita riportate nelle note di Scala News (anche grazie al suo stesso contributo):<\/p>\n\n\n\n<p><strong>30\/03\/2017 &#8211; &#8220;L\u2019Amore di Sant\u2019Alfonso per i pi\u00f9 deboli&#8221;<\/strong><br>https:\/\/www.cssr.news\/italian\/2017\/03\/lamore-di-santalfonso-per-i-piu-deboli\/<br> &#8211; &#8211; &gt; Trasmesso per TV2000, la mattina del 30 marzo 2017, in collegamento dal Santuario di Sant\u2019Alfonso Maria de Liguori a Pagani (SA) Padre Luciano Panella ha raccontato alcuni momenti della vita di Sant\u2019Alfonso a tuto il mondo.<br>Per p. Luciano, Sant&#8217;Alfonso \u00e8 stato colui che riusc\u00ec a dare un\u2019apertura nuova alla chiesa, il suo offrirsi alla comunit\u00e0 dal suo mestiere: avvocato, scrittore, sacerdote.<\/p>\n\n\n\n<p><strong>29\/05\/2017 &#8211; &#8220;Convegno itinerante in occasione del bicentenario dalla beatificazione di sant\u2019Alfonso&#8221;<\/strong><br>https:\/\/www.cssr.news\/italian\/2017\/05\/convegno-itinerante-in-occasione-del-bicentenario-dalla-beatificazione-di-santalfonso\/<br>&#8211; &#8211; &gt; Un contributo speciale della sua capacit\u00e0 organizzativa ha dato esito al Convegno itinerante in occasione del bicentenario dalla beatificazione di sant\u2019Alfonso (15 settembre 1816-2016) Evento che ha coinvolto Pagani, Ciorani, Sant\u2019Agata dei Goti, Materdomini e Scala. Al momento della conclusione, il P. Luciano Panella era il Superiore della comunit\u00e0 di Pagani.<\/p>\n\n\n\n<p><strong>10\/08\/2018 &#8211; &#8220;Pagani: un restauro contemporaneo&#8221;<\/strong><br>https:\/\/www.cssr.news\/italian\/2018\/08\/pagani-un-restauro-contemporaneo\/<br>&#8211; &#8211; &gt; Il progetto di restauro a Pagani, promosso dal padre Superiore Luciano Panella e redatto dall&#8217;architetto Lorenzo Gargano, \u00e8 riuscito a recuperare gli antichi spazi architettonici seguendo l\u2019originaria idea artistica alfonsiana.<br><\/p>\n\n\n\n<hr class=\"wp-block-separator\"\/>\n\n\n\n<p><strong>Fra i suoi scritti:<\/strong><br><em>&#8220;Nella nostra tradizione di missionari redentoristi apprendiamo e viviamo esperienze che mostrano come l\u2019amicizia \u00e8 un dono prezioso quando si basa sulla fiducia, la lealt\u00e0, l\u2019amore e il rispetto. Per molti di noi il reciproco affetto che ci si scambia nella comunit\u00e0, nasce dal proposito comune di un progetto fraterno di vita nel quale l\u2019amicizia fa in modo di desiderare che l\u2019altro cresca e che la speranza di ognuno sia quella di dare il meglio di se stesso all\u2019unica missione di Ges\u00f9 Cristo. Potr\u00e0 essere questo un progetto realizzabile anche nelle nostre comunit\u00e0 cristiane?&#8221;<\/em><br>Luciano Panella C.Ss.R. (Da In cammino con San Gerardo, aprile 2017, il mensile della Famiglia Redentorista)<br>Si pu\u00f2 approfondire in Scala News: <strong>&#8220;Le Meraviglie dell\u2019amicizia, Luciano Panella C.Ss.R.&#8221;<\/strong> (13\/04\/2017)<br>https:\/\/www.cssr.news\/italian\/2017\/04\/le-meraviglie-dellamicizia-luciano-panella-c-ss-r\/<\/p>\n\n\n\n<p>Scala News<br><\/p>\n","protected":false},"excerpt":{"rendered":"<p>Pagani, 8 marzo 2026 \u2014 La Basilica di Sant&#8217;Alfonso ha accolto la celebrazione eucaristica funebre del missionario redentorista, scomparso il 6 marzo a Torre del Greco Nel pomeriggio dell&#8217;8 marzo, alle ore 14:30, la Basilica di Sant&#8217;Alfonso Maria de&#8217; Liguori a Pagani ha ospitato i solenni funerali del sacerdote redentorista, membro della Provincia di Europa [&hellip;]<\/p>\n","protected":false},"author":3,"featured_media":32706,"comment_status":"closed","ping_status":"closed","sticky":false,"template":"","format":"standard","meta":{"_mi_skip_tracking":false},"categories":[13],"tags":[],"_links":{"self":[{"href":"https:\/\/www.cssr.news\/italian\/wp-json\/wp\/v2\/posts\/32696"}],"collection":[{"href":"https:\/\/www.cssr.news\/italian\/wp-json\/wp\/v2\/posts"}],"about":[{"href":"https:\/\/www.cssr.news\/italian\/wp-json\/wp\/v2\/types\/post"}],"author":[{"embeddable":true,"href":"https:\/\/www.cssr.news\/italian\/wp-json\/wp\/v2\/users\/3"}],"replies":[{"embeddable":true,"href":"https:\/\/www.cssr.news\/italian\/wp-json\/wp\/v2\/comments?post=32696"}],"version-history":[{"count":19,"href":"https:\/\/www.cssr.news\/italian\/wp-json\/wp\/v2\/posts\/32696\/revisions"}],"predecessor-version":[{"id":32734,"href":"https:\/\/www.cssr.news\/italian\/wp-json\/wp\/v2\/posts\/32696\/revisions\/32734"}],"wp:featuredmedia":[{"embeddable":true,"href":"https:\/\/www.cssr.news\/italian\/wp-json\/wp\/v2\/media\/32706"}],"wp:attachment":[{"href":"https:\/\/www.cssr.news\/italian\/wp-json\/wp\/v2\/media?parent=32696"}],"wp:term":[{"taxonomy":"category","embeddable":true,"href":"https:\/\/www.cssr.news\/italian\/wp-json\/wp\/v2\/categories?post=32696"},{"taxonomy":"post_tag","embeddable":true,"href":"https:\/\/www.cssr.news\/italian\/wp-json\/wp\/v2\/tags?post=32696"}],"curies":[{"name":"wp","href":"https:\/\/api.w.org\/{rel}","templated":true}]}}