{"id":32748,"date":"2026-03-13T18:00:36","date_gmt":"2026-03-13T16:00:36","guid":{"rendered":"https:\/\/www.cssr.news\/italian\/?p=32748"},"modified":"2026-03-13T18:42:56","modified_gmt":"2026-03-13T16:42:56","slug":"mons-marian-pacak-c-ss-r-nominato-visitatore-apostolico","status":"publish","type":"post","link":"https:\/\/www.cssr.news\/italian\/2026\/03\/mons-marian-pacak-c-ss-r-nominato-visitatore-apostolico\/","title":{"rendered":"Mons. Mari\u00e1n Pac\u00e1k, C.Ss.R., nominato visitatore apostolico"},"content":{"rendered":"\n<p><strong>Il Santo Padre Leone XIV ha nominato monsignor&nbsp;Mari\u00e1n Andrej Pac\u00e1k, CSsR, Visitatore Apostolico per i fedeli greco-cattolici slovacchi residenti in Europa occidentale. L&#8217;informazione \u00e8 stata resa nota venerd\u00ec 13 marzo dalla Sala Stampa della Santa Sede.<\/strong><\/p>\n\n\n\n<p>Mons. Pac\u00e1k, vescovo emerito dell&#8217;Eparchia dei Santi Cirillo e Metodio di Toronto per gli slovacchi di rito bizantino, succede in questo incarico a monsignor Milan Lach, SJ, recentemente nominato vescovo eparchiale di Bratislava.<\/p>\n\n\n\n<p>L&#8217;Arcieparchia di Pre\u0161ov ha pubblicato sul proprio profilo Facebook una breve dichiarazione del vescovo Pac\u00e1k, in cui esprime gratitudine al Papa per questa nomina. Nell&#8217;assumere la nuova missione, chiede di ricordarlo nelle preghiere. Infine, rivolgendosi ai redentoristi, li ringrazia per il sostegno ricevuto finora e li incoraggia a continuare a collaborare per la gloria di Dio e a beneficio di tutta la comunit\u00e0 della Chiesa.<\/p>\n\n\n\n<hr class=\"wp-block-separator\"\/>\n\n\n\n<div class=\"wp-block-image is-style-default\"><figure class=\"alignleft size-medium\"><a href=\"https:\/\/www.cssr.news\/italian\/wp-content\/uploads\/sites\/2\/2026\/03\/marian-pacak-osobny-archiv-768x1024-1.jpg\"><img width=\"225\" height=\"300\" src=\"https:\/\/www.cssr.news\/italian\/wp-content\/uploads\/sites\/2\/2026\/03\/marian-pacak-osobny-archiv-768x1024-1-225x300.jpg\" alt=\"\" class=\"wp-image-32750\" srcset=\"https:\/\/www.cssr.news\/italian\/wp-content\/uploads\/sites\/2\/2026\/03\/marian-pacak-osobny-archiv-768x1024-1-225x300.jpg 225w, https:\/\/www.cssr.news\/italian\/wp-content\/uploads\/sites\/2\/2026\/03\/marian-pacak-osobny-archiv-768x1024-1-696x928.jpg 696w, https:\/\/www.cssr.news\/italian\/wp-content\/uploads\/sites\/2\/2026\/03\/marian-pacak-osobny-archiv-768x1024-1-315x420.jpg 315w, https:\/\/www.cssr.news\/italian\/wp-content\/uploads\/sites\/2\/2026\/03\/marian-pacak-osobny-archiv-768x1024-1.jpg 768w\" sizes=\"(max-width: 225px) 100vw, 225px\" \/><\/a><\/figure><\/div>\n\n\n\n<p><strong>Mons. Mari\u00e1n Andrej Pac\u00e1k<\/strong> \u00e8 nato il 24 aprile 1973 a Levo\u010da. Ha undici fratelli, di cui due sacerdoti. \u00c8 membro della Congregazione del Santissimo Redentore \u2013 Redentoristi. Ha emesso la professione religiosa il 15 agosto 1994. Ha completato gli studi di filosofia e teologia a Cracovia, Tuch\u00f3w e Roma (1991 \u2013 1998). \u00c8 stato ordinato sacerdote il 12 luglio 1998 nel monastero dei redentoristi a Michalovce. Ha completato gli studi post-laurea con specializzazione in teologia morale presso l\u2019Accademia Alfonsiana a Roma.<\/p>\n\n\n\n<p>Ha ricoperto il ruolo di assistente parroco nella parrocchia di Star\u00e1 \u013dubov\u0148a (1998\u20132001), di assistente spirituale dell&#8217;ordine religioso nel Convento dei Redentoristi a Roma presso la parrocchia di San Gioacchino (2001\u20132004), caporedattore della casa editrice Mision\u00e1r e della rivista Mision\u00e1r a Michalovce (2004\u20132008) e contemporaneamente economo della viceprovincia (2004\u20132007), superiore del monastero dei Redentoristi a Star\u00e1 \u013dubov\u0148a e amministratore della locale parrocchia greco-cattolica (2008\u20132015) e membro consulta della comunita redentorista a Stropkov (2015\u20132016).<\/p>\n\n\n\n<p>Dal 2016 fino alla nomina a vescovo ha studiato a distanza diritto canonico e diritto delle Chiese orientali presso l\u2019Universit\u00e0 Cattolica di Lublino in Polonia e ha ricoperto il ruolo di amministratore spirituale della cappella del monastero della Santissima Trinit\u00e0 delle suore di clausura dell\u2019Ordine del Santissimo Redentore a Vranov nad Top\u013eou-Lomnica.<\/p>\n\n\n\n<p>In occasione della festa di San Cirillo e Metodio, il 5 luglio 2018, la Nunziatura Apostolica in Slovacchia ha annunciato che il Santo Padre Francesco ha nominato Mari\u00e1n Andrej Pac\u00e1k, CSsR, vescovo eparchiale dell\u2019Eparchia di San Cirillo e Metodio per gli Slovacchi di rito bizantino a Toronto (Canada).<\/p>\n\n\n\n<p>\u00c8 stato consacrato vescovo il 2 settembre 2018 nella Basilica minore della Discesa dello Spirito Santo a Michalovce. Il principale consacrante \u00e8 stato l&#8217;allora arcivescovo metropolita di Pre\u0161ov J\u00e1n Babjak SJ. I co-consacranti sono stati Vladyka Milan Chautur CSsR, allora vescovo eparchiale di Ko\u0161ice, e Vladyka Peter Rusn\u00e1k, allora vescovo eparchiale di Bratislava.<\/p>\n\n\n\n<p>Mons. Pac\u00e1k \u00e8 stato insediato il 15 settembre 2018 nella Cattedrale della Nativit\u00e0 della Santissima Vergine Maria in Shaw Street a Toronto, in Canada. Alla cerimonia era presente l\u2019arcivescovo Cyril Vasi\u013e SJ, allora segretario della Congregazione per le Chiese Orientali, che ha pronunciato l\u2019omelia.<\/p>\n\n\n\n<p>Il 20 ottobre 2020, il defunto Papa Francesco ha accettato la richiesta di Vladyka Mari\u00e1n, che ha rinunciato alla carica di vescovo eparchiale. Come vescovo emerito, risiede nel monastero dei Redentoristi a Star\u00e1 \u013dubov\u0148a.<\/p>\n\n\n\n<p>(fonte: press.vatican.va, Pre\u0161ovsk\u00e1 archieparchia &#8211; Facebook)<\/p>\n","protected":false},"excerpt":{"rendered":"<p>Il Santo Padre Leone XIV ha nominato monsignor&nbsp;Mari\u00e1n Andrej Pac\u00e1k, CSsR, Visitatore Apostolico per i fedeli greco-cattolici slovacchi residenti in Europa occidentale. L&#8217;informazione \u00e8 stata resa nota venerd\u00ec 13 marzo dalla Sala Stampa della Santa Sede. Mons. Pac\u00e1k, vescovo emerito dell&#8217;Eparchia dei Santi Cirillo e Metodio di Toronto per gli slovacchi di rito bizantino, succede [&hellip;]<\/p>\n","protected":false},"author":23,"featured_media":32749,"comment_status":"closed","ping_status":"closed","sticky":false,"template":"","format":"standard","meta":{"_mi_skip_tracking":false},"categories":[13],"tags":[],"_links":{"self":[{"href":"https:\/\/www.cssr.news\/italian\/wp-json\/wp\/v2\/posts\/32748"}],"collection":[{"href":"https:\/\/www.cssr.news\/italian\/wp-json\/wp\/v2\/posts"}],"about":[{"href":"https:\/\/www.cssr.news\/italian\/wp-json\/wp\/v2\/types\/post"}],"author":[{"embeddable":true,"href":"https:\/\/www.cssr.news\/italian\/wp-json\/wp\/v2\/users\/23"}],"replies":[{"embeddable":true,"href":"https:\/\/www.cssr.news\/italian\/wp-json\/wp\/v2\/comments?post=32748"}],"version-history":[{"count":4,"href":"https:\/\/www.cssr.news\/italian\/wp-json\/wp\/v2\/posts\/32748\/revisions"}],"predecessor-version":[{"id":32763,"href":"https:\/\/www.cssr.news\/italian\/wp-json\/wp\/v2\/posts\/32748\/revisions\/32763"}],"wp:featuredmedia":[{"embeddable":true,"href":"https:\/\/www.cssr.news\/italian\/wp-json\/wp\/v2\/media\/32749"}],"wp:attachment":[{"href":"https:\/\/www.cssr.news\/italian\/wp-json\/wp\/v2\/media?parent=32748"}],"wp:term":[{"taxonomy":"category","embeddable":true,"href":"https:\/\/www.cssr.news\/italian\/wp-json\/wp\/v2\/categories?post=32748"},{"taxonomy":"post_tag","embeddable":true,"href":"https:\/\/www.cssr.news\/italian\/wp-json\/wp\/v2\/tags?post=32748"}],"curies":[{"name":"wp","href":"https:\/\/api.w.org\/{rel}","templated":true}]}}