{"id":32764,"date":"2026-03-14T01:26:49","date_gmt":"2026-03-13T23:26:49","guid":{"rendered":"https:\/\/www.cssr.news\/italian\/?p=32764"},"modified":"2026-03-14T01:26:51","modified_gmt":"2026-03-13T23:26:51","slug":"brasile-abbiamo-bisogno-di-leader-che-ci-impegnino-per-il-regno-p-ulysses-da-silva","status":"publish","type":"post","link":"https:\/\/www.cssr.news\/italian\/2026\/03\/brasile-abbiamo-bisogno-di-leader-che-ci-impegnino-per-il-regno-p-ulysses-da-silva\/","title":{"rendered":"Brasile: \u00abAbbiamo bisogno di leader che ci impegnino per il Regno\u00bb, p. Ulysses da Silva"},"content":{"rendered":"\n<p><em>Il servizio di leadership nella Congregazione: tema dello studio e del ritiro nella Provincia di Brasilia<\/em><\/p>\n\n\n\n<p>Il monastero gesuita di Itaici, a Indaiatuba, ha ospitato 104 missionari redentoristi della Provincia di Brasilia dal 9 al 13 marzo. Questa settimana di studio e ritiro si \u00e8 concentrata sul servizio di leadership nella Congregazione.<\/p>\n\n\n\n<p>La prima parte \u00e8 stata curata dal missionario redentorista della Provincia di Nostra Signora di Aparecida, padre Jos\u00e9 Ulysses da Silva. Per due giorni ha offerto una riflessione che sottolineava la necessit\u00e0 di leader impegnati nel Regno di Dio. Ha sottolineato che questo momento di ristrutturazione e riconfigurazione rappresenta, di fatto, una rinascita della Congregazione del Santissimo Redentore.<\/p>\n\n\n\n<p>Il testo completo di ogni riflessione \u00e8 stato pubblicato nel gruppo WhatsApp per i confratelli, compresi coloro che non hanno potuto partecipare. \u00abLa nostra sfida \u00e8: una nuova cultura redentorista. Formare missionari profondamente identificati con Sant\u2019Alfonso\u00bb, ha sottolineato Padre Ulisses.<\/p>\n\n\n\n<p><em>Ritiro<\/em>&nbsp;\u2013 Dopo due giorni di studi, si sono svolti due giorni di ritiro, guidati dal missionario redentorista Padre Domingos S\u00e1vio da Silva, anch\u2019egli della Provincia di Nostra Signora di Aparecida. Il tema era la continuazione degli studi, ma in un percorso fondato sulla Parola di Dio. Ha dedicato momenti di silenzio personale a ciascun confratello. Il clima piovoso ha favorito la riflessione. Gioved\u00ec, i sacerdoti gesuiti hanno ascoltato le confessioni di alcuni religiosi.<\/p>\n\n\n\n<p><em>Annunci<\/em>&nbsp;\u2013 Approfittando del grande incontro dei confratelli, sono state presentate diverse linee guida per la vita quotidiana della Provincia. Il Superiore Provinciale, Padre Jo\u00e3o Paulo, ha presentato ai confratelli della Provincia di Brasilia il giovane haitiano Jean Winald, della Provincia di Nostra Signora del Perpetuo Soccorso, che ora svolger\u00e0 il suo tirocinio pastorale a Nossa Senhora Aparecida\/SE. Il Provinciale ha menzionato anche i preparativi per la visita canonica del Governo Generale, in programma dal 22 giugno al 29 luglio. Ha inoltre sottolineato i preparativi per l\u2019Assemblea Provinciale e il Capitolo, che si terranno a settembre. \u00abIl periodo che precede questi eventi \u00e8 propizio per un dialogo profondo sul futuro della nostra missione\u00bb, ha sottolineato Jo\u00e3o Paulo.<\/p>\n\n\n\n<p>Sono stati inoltre annunciati i preparativi per l\u2019Incontro dei Nuovi Sacerdoti a Natal\/RN in agosto; la creazione della Casa Parrocchiale nella storica chiesa di S\u00e3o Jos\u00e9 a Goi\u00e2nia; e le discussioni sull\u2019articolazione tra le province redentoriste del Brasile. L\u2019ufficio amministrativo ha inoltre presentato importanti relazioni ai confratelli.<\/p>\n\n\n\n<p><em>Professione perpetua<\/em>: La celebrazione eucaristica di chiusura \u00e8 stata caratterizzata dalla professione perpetua di Francisco das Chagas. Oltre ai confratelli della Provincia di Brasilia, hanno partecipato alla cerimonia alcuni compagni del secondo anno di noviziato, appartenenti alla Provincia di Nostra Signora di Aparecida.<\/p>\n\n\n\n<p>Fr. Diego Joaquim, CSSR.<br>Segreteria della Comunicazione.<\/p>\n\n\n\n<p>P. Murilo, CSSR.<br>Responsabile della Comunicazione.<\/p>\n","protected":false},"excerpt":{"rendered":"<p>Il servizio di leadership nella Congregazione: tema dello studio e del ritiro nella Provincia di Brasilia Il monastero gesuita di Itaici, a Indaiatuba, ha ospitato 104 missionari redentoristi della Provincia di Brasilia dal 9 al 13 marzo. Questa settimana di studio e ritiro si \u00e8 concentrata sul servizio di leadership nella Congregazione. La prima parte [&hellip;]<\/p>\n","protected":false},"author":23,"featured_media":32765,"comment_status":"closed","ping_status":"closed","sticky":false,"template":"","format":"standard","meta":{"_mi_skip_tracking":false},"categories":[14],"tags":[],"_links":{"self":[{"href":"https:\/\/www.cssr.news\/italian\/wp-json\/wp\/v2\/posts\/32764"}],"collection":[{"href":"https:\/\/www.cssr.news\/italian\/wp-json\/wp\/v2\/posts"}],"about":[{"href":"https:\/\/www.cssr.news\/italian\/wp-json\/wp\/v2\/types\/post"}],"author":[{"embeddable":true,"href":"https:\/\/www.cssr.news\/italian\/wp-json\/wp\/v2\/users\/23"}],"replies":[{"embeddable":true,"href":"https:\/\/www.cssr.news\/italian\/wp-json\/wp\/v2\/comments?post=32764"}],"version-history":[{"count":1,"href":"https:\/\/www.cssr.news\/italian\/wp-json\/wp\/v2\/posts\/32764\/revisions"}],"predecessor-version":[{"id":32766,"href":"https:\/\/www.cssr.news\/italian\/wp-json\/wp\/v2\/posts\/32764\/revisions\/32766"}],"wp:featuredmedia":[{"embeddable":true,"href":"https:\/\/www.cssr.news\/italian\/wp-json\/wp\/v2\/media\/32765"}],"wp:attachment":[{"href":"https:\/\/www.cssr.news\/italian\/wp-json\/wp\/v2\/media?parent=32764"}],"wp:term":[{"taxonomy":"category","embeddable":true,"href":"https:\/\/www.cssr.news\/italian\/wp-json\/wp\/v2\/categories?post=32764"},{"taxonomy":"post_tag","embeddable":true,"href":"https:\/\/www.cssr.news\/italian\/wp-json\/wp\/v2\/tags?post=32764"}],"curies":[{"name":"wp","href":"https:\/\/api.w.org\/{rel}","templated":true}]}}