{"id":32793,"date":"2026-03-16T11:06:59","date_gmt":"2026-03-16T09:06:59","guid":{"rendered":"https:\/\/www.cssr.news\/italian\/?p=32793"},"modified":"2026-03-16T11:07:01","modified_gmt":"2026-03-16T09:07:01","slug":"a-materdomini-pronti-al-terzo-centenario-dalla-nascita-di-san-gerardo","status":"publish","type":"post","link":"https:\/\/www.cssr.news\/italian\/2026\/03\/a-materdomini-pronti-al-terzo-centenario-dalla-nascita-di-san-gerardo\/","title":{"rendered":"A Materdomini pronti al Terzo Centenario dalla nascita di san Gerardo"},"content":{"rendered":"\n<p>Manca poco per l\u2019inizio del Tricentenario Gerardino. A Materdomini la cerimonia di inizio \u00e8 prevista per il 6 aprile prossimo, nell\u2019anniversario della nascita di san Gerardo. La data coincide con il luned\u00ec in Albis, la solenne concelebrazione delle ore 11 sar\u00e0 presieduta dal Cardinale Marcello Semeraro, Prefetto della Congregazione per le Cause dei Santi. \u00c8 prevista la presenza del Superiore Generale p. Rogerio Gomes, del Superiore Provinciale p. Gennaro Sorrentino, di autorit\u00e0 civili e militari oltre che di confratelli e in gran parte del popolo di Dio.&nbsp;<\/p>\n\n\n\n<p>La preparazione di questo evento \u00e8 stata curata da un apposito Comitato, composta da rappresentanti di tutte le parti in causa, a livello religioso come a quello civile.&nbsp;<\/p>\n\n\n\n<p>Alcuni eventi segneranno l\u2019anno gerardino, che si concluder\u00e0 domenica 4 aprile 2027. Oltre a quelli tradizionali (<em>Giornata dei Malati, Giornata delle mamme e dei bambini, Convocazione di Associazioni, Festa tradizionale di settembre e Novena e Festa liturgica di ottobre, Offerta dell\u2019Olio, Ostensione dell\u2019Urna<\/em>&nbsp;ecc.) sono in programma alcuni propri di questa ricorrenza:&nbsp;<em>Eventi musicali, Raduno regionale della Vita Consacrata, Giornate formative per il Clero, Convegno di Studio, Raduno di Catechisti<\/em>,&nbsp;<em>Giornata dei medici cattolici,<\/em>&nbsp;<em>un Concorso scolastico tra le Scuole delle due Regioni di Campania e Basilicata,<\/em>&nbsp;ecc. Particolarmente significativi sono<em>: il pellegrinaggio al Santuario dei Fratelli Redentoristi da tutto il mondo (24 aprile)e il Meeting di Pastorale Giovanile e Vocazionale di Europa Sud (6-9 agosto)<\/em>. E poi delle speciali presenze di un simulacro con insigne reliquia di san Gerardo: prima nel suo luogo di nascita Muro Lucano e a Potenza (19 aprile \u2013 3 maggio), poi a Deliceto, dove san Gerardo pass\u00f2 gran parte dei suoi anni da Redentorista (3 \u2013 10 maggio), e a Pagani (10-24 maggio). Pi\u00f9 prolungato sar\u00e0 il pellegrinaggio di questo simulacro in Polonia, dove la Provincia Redentorista di Varsavia ne ha chiesto la presenza per ben 4 mesi (dal 25 ottobre a fine febbraio).<\/p>\n\n\n\n<p>A quanti fanno visita al Santuario \u00e8 stata concessa l\u2019Indulgenza Plenaria da Sua Santit\u00e0 Leone XIV, che tra l\u2019altro \u00e8 stato invitato per una presenza che sarebbe davvero una grazia di Dio ottenere.<\/p>\n\n\n\n<p>Dal Servizio Filatelico della Citt\u00e0 del Vaticano \u00e8 stata decisa l\u2019emissione, ormai imminente, di uno speciale francobollo commemorativo. Sono in corso dei contatti con importanti emittenti televisive italiane per la presentazione della figura di san Gerardo e del significato di questo Tricentenario.<\/p>\n\n\n\n<p>Quanto ai confratelli sparsi nel mondo, e in particolare i Santuari che propagano il culto a san Gerardo, la speranza \u00e8 che questa sia occasione per conoscere e approfondire il messaggio spirituale di questo umile grande fratello. Da parte sua il Santuario promuove l\u2019iniziativa del 16 del mese, da aprile 2026 ad aprile 2027, con la proposta di un incontro di preghiera, di catechesi e di ringraziamento a Dio per averci concesso questo testimone straordinario della gioia del Vangelo.&nbsp;<\/p>\n\n\n\n<p>Altre informazioni si possono ottenere visitando il sito web appena ricostruito,&nbsp;<a href=\"http:\/\/www.sangerardo.it\/\">www.sangerardo.it<\/a>, oltre che la pagina Facebook.<\/p>\n\n\n\n<p>\u00c8 inutile dire che aspettiamo gioiosi il pellegrinaggio di confratelli e fedeli da tutto il mondo Redentorista, di cui tra l\u2019altro abbiamo avuto diversi arrivi negli ultimi anni.\u00a0<\/p>\n\n\n\n<p>P. Serafino Fiore CSsR<\/p>\n","protected":false},"excerpt":{"rendered":"<p>Manca poco per l\u2019inizio del Tricentenario Gerardino. A Materdomini la cerimonia di inizio \u00e8 prevista per il 6 aprile prossimo, nell\u2019anniversario della nascita di san Gerardo. La data coincide con il luned\u00ec in Albis, la solenne concelebrazione delle ore 11 sar\u00e0 presieduta dal Cardinale Marcello Semeraro, Prefetto della Congregazione per le Cause dei Santi. \u00c8 [&hellip;]<\/p>\n","protected":false},"author":23,"featured_media":32794,"comment_status":"closed","ping_status":"closed","sticky":false,"template":"","format":"standard","meta":{"_mi_skip_tracking":false},"categories":[50],"tags":[],"_links":{"self":[{"href":"https:\/\/www.cssr.news\/italian\/wp-json\/wp\/v2\/posts\/32793"}],"collection":[{"href":"https:\/\/www.cssr.news\/italian\/wp-json\/wp\/v2\/posts"}],"about":[{"href":"https:\/\/www.cssr.news\/italian\/wp-json\/wp\/v2\/types\/post"}],"author":[{"embeddable":true,"href":"https:\/\/www.cssr.news\/italian\/wp-json\/wp\/v2\/users\/23"}],"replies":[{"embeddable":true,"href":"https:\/\/www.cssr.news\/italian\/wp-json\/wp\/v2\/comments?post=32793"}],"version-history":[{"count":1,"href":"https:\/\/www.cssr.news\/italian\/wp-json\/wp\/v2\/posts\/32793\/revisions"}],"predecessor-version":[{"id":32795,"href":"https:\/\/www.cssr.news\/italian\/wp-json\/wp\/v2\/posts\/32793\/revisions\/32795"}],"wp:featuredmedia":[{"embeddable":true,"href":"https:\/\/www.cssr.news\/italian\/wp-json\/wp\/v2\/media\/32794"}],"wp:attachment":[{"href":"https:\/\/www.cssr.news\/italian\/wp-json\/wp\/v2\/media?parent=32793"}],"wp:term":[{"taxonomy":"category","embeddable":true,"href":"https:\/\/www.cssr.news\/italian\/wp-json\/wp\/v2\/categories?post=32793"},{"taxonomy":"post_tag","embeddable":true,"href":"https:\/\/www.cssr.news\/italian\/wp-json\/wp\/v2\/tags?post=32793"}],"curies":[{"name":"wp","href":"https:\/\/api.w.org\/{rel}","templated":true}]}}