{"id":32821,"date":"2026-03-16T10:19:00","date_gmt":"2026-03-16T08:19:00","guid":{"rendered":"https:\/\/www.cssr.news\/italian\/?p=32821"},"modified":"2026-03-18T10:26:17","modified_gmt":"2026-03-18T08:26:17","slug":"brasile-fratello-redentorista-pronuncia-i-voti-perpetui","status":"publish","type":"post","link":"https:\/\/www.cssr.news\/italian\/2026\/03\/brasile-fratello-redentorista-pronuncia-i-voti-perpetui\/","title":{"rendered":"Brasile: Fratello redentorista pronuncia i voti perpetui"},"content":{"rendered":"\n<p>Fratel<strong> Ian Lucas, C.Ss.R.<\/strong>, ha fatto voti perpetui presso la Congregazione dei Redentoristi durante una celebrazione presieduta dal Superiore della Provincia di Nostra Signora di Aparecida.<\/p>\n\n\n\n<p>Da domenica 15 marzo 2026, la Provincia di Nostra Signora di Aparecida ha un nuovo Fratel con voti perpetui. <strong>Fratel Ian Lucas Lopes de Castro, C.Ss.R.<\/strong>, ha pronunciato il suo &#8220;s\u00ec&#8221; definitivo alla volont\u00e0 di Dio, professando perpetuo i voti di povert\u00e0, castit\u00e0 e obbedienza.<\/p>\n\n\n\n<p>La celebrazione si \u00e8 svolta presso la Parrocchia di Nostra Signora del Rosario ad Alagoa (MG) ed \u00e8 stata presieduta dal <strong>Superiore Provinciale della Provincia di Nostra Signora di Aparecida, Padre Marlos Aur\u00e9lio, C.Ss.R.<\/strong>, con la partecipazione dei familiari e dei confratelli. Durante la sua omelia, Padre Marlos ha ricordato che questa Professione Perpetua si svolge nello stesso giorno in cui la Congregazione dei Redentoristi celebra la festa di San Clemente Maria Hofbauer, un santo redentorista che port\u00f2 il carisma alfonsiano fuori dall&#8217;Italia.<\/p>\n\n\n\n<figure class=\"wp-block-gallery columns-3 is-cropped\"><ul class=\"blocks-gallery-grid\"><li class=\"blocks-gallery-item\"><figure><a href=\"http:\/\/www.cssr.news\/spanish\/wp-content\/uploads\/sites\/3\/2026\/03\/sn16032026_brasil03.jpg\"><img src=\"http:\/\/www.cssr.news\/spanish\/wp-content\/uploads\/sites\/3\/2026\/03\/sn16032026_brasil03.jpg\" alt=\"\" data-id=\"30417\" data-full-url=\"http:\/\/www.cssr.news\/spanish\/wp-content\/uploads\/sites\/3\/2026\/03\/sn16032026_brasil03.jpg\" data-link=\"https:\/\/www.cssr.news\/spanish\/?attachment_id=30417\" class=\"wp-image-30417\"\/><\/a><\/figure><\/li><li class=\"blocks-gallery-item\"><figure><a href=\"http:\/\/www.cssr.news\/spanish\/wp-content\/uploads\/sites\/3\/2026\/03\/sn16032026_brasil04.jpg\"><img src=\"http:\/\/www.cssr.news\/spanish\/wp-content\/uploads\/sites\/3\/2026\/03\/sn16032026_brasil04.jpg\" alt=\"\" data-id=\"30416\" data-full-url=\"http:\/\/www.cssr.news\/spanish\/wp-content\/uploads\/sites\/3\/2026\/03\/sn16032026_brasil04.jpg\" data-link=\"https:\/\/www.cssr.news\/spanish\/?attachment_id=30416\" class=\"wp-image-30416\"\/><\/a><\/figure><\/li><li class=\"blocks-gallery-item\"><figure><a href=\"http:\/\/www.cssr.news\/spanish\/wp-content\/uploads\/sites\/3\/2026\/03\/sn16032026_brasil01.jpg\"><img src=\"http:\/\/www.cssr.news\/spanish\/wp-content\/uploads\/sites\/3\/2026\/03\/sn16032026_brasil01-1024x634.jpg\" alt=\"\" data-id=\"30418\" data-full-url=\"http:\/\/www.cssr.news\/spanish\/wp-content\/uploads\/sites\/3\/2026\/03\/sn16032026_brasil01.jpg\" data-link=\"https:\/\/www.cssr.news\/spanish\/?attachment_id=30418\" class=\"wp-image-30418\"\/><\/a><\/figure><\/li><li class=\"blocks-gallery-item\"><figure><a href=\"http:\/\/www.cssr.news\/spanish\/wp-content\/uploads\/sites\/3\/2026\/03\/sn16032026_brasil05.jpg\"><img src=\"http:\/\/www.cssr.news\/spanish\/wp-content\/uploads\/sites\/3\/2026\/03\/sn16032026_brasil05.jpg\" alt=\"\" data-id=\"30415\" data-full-url=\"http:\/\/www.cssr.news\/spanish\/wp-content\/uploads\/sites\/3\/2026\/03\/sn16032026_brasil05.jpg\" data-link=\"https:\/\/www.cssr.news\/spanish\/?attachment_id=30415\" class=\"wp-image-30415\"\/><\/a><\/figure><\/li><\/ul><\/figure>\n\n\n\n<p>Nell&#8217;ambito della cerimonia, la Croce Missionaria \u00e8 stata donata al confratello con i voti perpetui, ricordandogli di annunciare l&#8217;abbondante Redenzione a tutti i popoli, incentrando la sua spiritualit\u00e0 sulla morte e risurrezione di Cristo.<\/p>\n\n\n\n<figure class=\"wp-block-image size-large\"><a href=\"https:\/\/www.cssr.news\/spanish\/wp-content\/uploads\/sites\/3\/2026\/03\/sn16032026_brasil02.jpg\"><img src=\"https:\/\/www.cssr.news\/spanish\/wp-content\/uploads\/sites\/3\/2026\/03\/sn16032026_brasil02-1024x678.jpg\" alt=\"\" class=\"wp-image-30413\"\/><\/a><\/figure>\n\n\n\n<p>Al termine della celebrazione, Fratel Ian Lucas ha ringraziato tutti i presenti e ha sottolineato che questa era la prima volta che la Parrocchia di Nostra Signora del Rosario celebrava una Professione Religiosa: \u201c\u00c8 il 170\u00b0 anniversario della Parrocchia di Nostra Signora del Rosario, e questa \u00e8 la prima Professione Religiosa celebrata qui. Possa questo essere un giorno speciale per aprire nuove porte, la prima di molte altre\u201d.<\/p>\n\n\n\n<p><strong>Ian Lucas Lopes de Castro, C.Ss.R.<\/strong>, \u00e8 nato il 2 luglio 1996 ad Aiuruoca (MG). Prima di entrare in seminario, ha completato gli studi superiori e ha studiato infermieristica. Nel 2018 \u00e8 entrato nel Seminario di S\u00e3o Geraldo a Sorocaba, iniziando ufficialmente la sua formazione religiosa. Il 16 gennaio 2022 ha emesso la sua prima professione religiosa. Ha lavorato per tre anni presso la Comunit\u00e0 Fratel Bento a Potim (SP), che si occupa di fratelli anziani. Nel Santuario, partecipa anche alle celebrazioni, assiste alle attivit\u00e0 liturgiche e guida l&#8217;Ora Mariana.<\/p>\n\n\n\n<p>(a12.com\/Scala News)<\/p>\n","protected":false},"excerpt":{"rendered":"<p>Fratel Ian Lucas, C.Ss.R., ha fatto voti perpetui presso la Congregazione dei Redentoristi durante una celebrazione presieduta dal Superiore della Provincia di Nostra Signora di Aparecida. Da domenica 15 marzo 2026, la Provincia di Nostra Signora di Aparecida ha un nuovo Fratel con voti perpetui. Fratel Ian Lucas Lopes de Castro, C.Ss.R., ha pronunciato il [&hellip;]<\/p>\n","protected":false},"author":3,"featured_media":32822,"comment_status":"closed","ping_status":"closed","sticky":false,"template":"","format":"standard","meta":{"_mi_skip_tracking":false},"categories":[13],"tags":[],"_links":{"self":[{"href":"https:\/\/www.cssr.news\/italian\/wp-json\/wp\/v2\/posts\/32821"}],"collection":[{"href":"https:\/\/www.cssr.news\/italian\/wp-json\/wp\/v2\/posts"}],"about":[{"href":"https:\/\/www.cssr.news\/italian\/wp-json\/wp\/v2\/types\/post"}],"author":[{"embeddable":true,"href":"https:\/\/www.cssr.news\/italian\/wp-json\/wp\/v2\/users\/3"}],"replies":[{"embeddable":true,"href":"https:\/\/www.cssr.news\/italian\/wp-json\/wp\/v2\/comments?post=32821"}],"version-history":[{"count":3,"href":"https:\/\/www.cssr.news\/italian\/wp-json\/wp\/v2\/posts\/32821\/revisions"}],"predecessor-version":[{"id":32826,"href":"https:\/\/www.cssr.news\/italian\/wp-json\/wp\/v2\/posts\/32821\/revisions\/32826"}],"wp:featuredmedia":[{"embeddable":true,"href":"https:\/\/www.cssr.news\/italian\/wp-json\/wp\/v2\/media\/32822"}],"wp:attachment":[{"href":"https:\/\/www.cssr.news\/italian\/wp-json\/wp\/v2\/media?parent=32821"}],"wp:term":[{"taxonomy":"category","embeddable":true,"href":"https:\/\/www.cssr.news\/italian\/wp-json\/wp\/v2\/categories?post=32821"},{"taxonomy":"post_tag","embeddable":true,"href":"https:\/\/www.cssr.news\/italian\/wp-json\/wp\/v2\/tags?post=32821"}],"curies":[{"name":"wp","href":"https:\/\/api.w.org\/{rel}","templated":true}]}}