{"id":32828,"date":"2026-03-17T10:29:00","date_gmt":"2026-03-17T08:29:00","guid":{"rendered":"https:\/\/www.cssr.news\/italian\/?p=32828"},"modified":"2026-03-18T10:35:06","modified_gmt":"2026-03-18T08:35:06","slug":"assemblea-2026-provincia-di-pedro-donders","status":"publish","type":"post","link":"https:\/\/www.cssr.news\/italian\/2026\/03\/assemblea-2026-provincia-di-pedro-donders\/","title":{"rendered":"Assemblea 2026 Provincia di Pedro Donders"},"content":{"rendered":"\n<p>Dal 9 al 13 marzo si \u00e8 tenuta a Santiago del Cile l&#8217;Assemblea Provinciale del 2026. La stessa Assemblea si terr\u00e0 ad aprile ad Atyr\u00e1, in Paraguay; a giugno a La Plata, in Argentina; e ad agosto a Resistencia, in Argentina. Abbiamo adottato questo formato di Assemblee per incoraggiare la partecipazione dei nostri confratelli a queste sessioni di discernimento, data la dimensione della nostra Provincia, riducendo cos\u00ec le distanze e i costi di viaggio.<\/p>\n\n\n\n<figure class=\"wp-block-gallery columns-2 is-cropped\"><ul class=\"blocks-gallery-grid\"><li class=\"blocks-gallery-item\"><figure><a href=\"http:\/\/www.cssr.news\/spanish\/wp-content\/uploads\/sites\/3\/2026\/03\/sn2026_pdonders_1603_02.jpeg\"><img src=\"http:\/\/www.cssr.news\/spanish\/wp-content\/uploads\/sites\/3\/2026\/03\/sn2026_pdonders_1603_02-1024x768.jpeg\" alt=\"\" data-id=\"30445\" data-full-url=\"http:\/\/www.cssr.news\/spanish\/wp-content\/uploads\/sites\/3\/2026\/03\/sn2026_pdonders_1603_02.jpeg\" data-link=\"https:\/\/www.cssr.news\/spanish\/?attachment_id=30445\" class=\"wp-image-30445\"\/><\/a><\/figure><\/li><li class=\"blocks-gallery-item\"><figure><a href=\"http:\/\/www.cssr.news\/spanish\/wp-content\/uploads\/sites\/3\/2026\/03\/sn2026_pdonders_1603_01.jpeg\"><img src=\"http:\/\/www.cssr.news\/spanish\/wp-content\/uploads\/sites\/3\/2026\/03\/sn2026_pdonders_1603_01-576x1024.jpeg\" alt=\"\" data-id=\"30446\" data-full-url=\"http:\/\/www.cssr.news\/spanish\/wp-content\/uploads\/sites\/3\/2026\/03\/sn2026_pdonders_1603_01.jpeg\" data-link=\"https:\/\/www.cssr.news\/spanish\/?attachment_id=30446\" class=\"wp-image-30446\"\/><\/a><\/figure><\/li><\/ul><\/figure>\n\n\n\n<p>All&#8217;Assemblea abbiamo affrontato tre temi che guidano la nostra Provincia nelle dimensioni comunitaria, missionaria ed economica della nostra vita consacrata:<\/p>\n\n\n\n<ol><li>Analisi della nostra presenza alla luce delle sfide individuate attraverso la nostra esperienza provinciale e come delineate nella Relazione sulla Visita Fraterna del Governo Generale: comunit\u00e0 piccole e frammentate, il carico pastorale dei nostri confratelli, la necessit\u00e0 di abbracciare le nostre Priorit\u00e0 Missionarie, la limitata disponibilit\u00e0 per le missioni in luoghi impegnativi e il numero ridotto di membri disponibili per gli impegni attuali della Provincia.<\/li><li>Condivisione del Piano Apostolico Provinciale elaborato dalla Segreteria Provinciale per l&#8217;Evangelizzazione: priorit\u00e0 missionarie e apostoliche, nuove sfide missionarie, integrazione di scuole e istituti superiori nell&#8217;opera missionaria, pianificazione apostolica, pianificazione comunitaria e missione condivisa con le Suore Redentoriste. <\/li><li>Sfide dell&#8217;economia provinciale: economia e sostenibilit\u00e0, economia e trasparenza, possibilit\u00e0 di un migliore utilizzo delle nostre risorse, un metodo comune di gestione del patrimonio, metodi locali da apprendere dalle diverse tradizioni delle precedenti unit\u00e0 e cura del patrimonio della Provincia.<\/li><\/ol>\n\n\n\n<p>Abbiamo lavorato intensamente su queste dimensioni e sfide della nostra vita provinciale, sempre in un&#8217;atmosfera fraterna e cordiale, con spazi dedicati alla condivisione e alla preghiera.<\/p>\n\n\n\n<p>Padre Javier Machado CSsR<br>Provinciale<\/p>\n","protected":false},"excerpt":{"rendered":"<p>Dal 9 al 13 marzo si \u00e8 tenuta a Santiago del Cile l&#8217;Assemblea Provinciale del 2026. La stessa Assemblea si terr\u00e0 ad aprile ad Atyr\u00e1, in Paraguay; a giugno a La Plata, in Argentina; e ad agosto a Resistencia, in Argentina. Abbiamo adottato questo formato di Assemblee per incoraggiare la partecipazione dei nostri confratelli a [&hellip;]<\/p>\n","protected":false},"author":3,"featured_media":32829,"comment_status":"closed","ping_status":"closed","sticky":false,"template":"","format":"standard","meta":{"_mi_skip_tracking":false},"categories":[9],"tags":[],"_links":{"self":[{"href":"https:\/\/www.cssr.news\/italian\/wp-json\/wp\/v2\/posts\/32828"}],"collection":[{"href":"https:\/\/www.cssr.news\/italian\/wp-json\/wp\/v2\/posts"}],"about":[{"href":"https:\/\/www.cssr.news\/italian\/wp-json\/wp\/v2\/types\/post"}],"author":[{"embeddable":true,"href":"https:\/\/www.cssr.news\/italian\/wp-json\/wp\/v2\/users\/3"}],"replies":[{"embeddable":true,"href":"https:\/\/www.cssr.news\/italian\/wp-json\/wp\/v2\/comments?post=32828"}],"version-history":[{"count":2,"href":"https:\/\/www.cssr.news\/italian\/wp-json\/wp\/v2\/posts\/32828\/revisions"}],"predecessor-version":[{"id":32831,"href":"https:\/\/www.cssr.news\/italian\/wp-json\/wp\/v2\/posts\/32828\/revisions\/32831"}],"wp:featuredmedia":[{"embeddable":true,"href":"https:\/\/www.cssr.news\/italian\/wp-json\/wp\/v2\/media\/32829"}],"wp:attachment":[{"href":"https:\/\/www.cssr.news\/italian\/wp-json\/wp\/v2\/media?parent=32828"}],"wp:term":[{"taxonomy":"category","embeddable":true,"href":"https:\/\/www.cssr.news\/italian\/wp-json\/wp\/v2\/categories?post=32828"},{"taxonomy":"post_tag","embeddable":true,"href":"https:\/\/www.cssr.news\/italian\/wp-json\/wp\/v2\/tags?post=32828"}],"curies":[{"name":"wp","href":"https:\/\/api.w.org\/{rel}","templated":true}]}}