{"id":32838,"date":"2026-03-20T10:48:41","date_gmt":"2026-03-20T08:48:41","guid":{"rendered":"https:\/\/www.cssr.news\/italian\/?p=32838"},"modified":"2026-03-20T10:48:43","modified_gmt":"2026-03-20T08:48:43","slug":"roma-formazione-permanente-per-il-consiglio-generale-con-la-commissione-generale-per-la-salvaguardia","status":"publish","type":"post","link":"https:\/\/www.cssr.news\/italian\/2026\/03\/roma-formazione-permanente-per-il-consiglio-generale-con-la-commissione-generale-per-la-salvaguardia\/","title":{"rendered":"Roma: Formazione permanente per il Consiglio Generale con la Commissione Generale per la Salvaguardia"},"content":{"rendered":"\n<p>Il Consiglio Generale, insieme a p. Rog\u00e9rio Gomes, C.Ss.R., Superiore Generale, ha tenuto un seminario di una giornata nell\u2019ambito del proprio studio annuale di Formazione Permanente il 19 marzo 2026. Quest\u2019anno la giornata \u00e8 stata dedicata allo studio congiunto con la Commissione Generale per la Salvaguardia, che ha iniziato la propria riunione in presenza il 19 marzo e proseguir\u00e0 fino al 23 marzo 2026.<\/p>\n\n\n\n<p>La Commissione Generale per la Salvaguardia \u00e8 composta dai seguenti membri:<br>p. Jos\u00e9 Carlos Linhares, Procuratore Generale;<br>p. Gerardo Hern\u00e1ndez, Consultore Generale e Segretario Esecutivo per la Formazione;<br>don Giovanni Del Missier, Professore presso l\u2019Accademia Alfonsiana;<br>p. Richard Welch, Canonista e Membro del Dicastero vaticano per la Vita Consacrata;<br>p. Andrzej Kukla, Vice Procuratore Generale e Canonista;<br>p. Winfried Pauly, della Provincia di San Clemente;<br>p. Carlos Trivi\u00f1o, della Provincia di Pietro Donders;<br>p. Stephen Rehrauer, della Provincia di Denver;<br>p. Henry Fernances, della Viceprovincia di Majella in India;<br>p. Sabinus, della Viceprovincia della Nigeria, che sta studiando per conseguire la licenza in Salvaguardia presso la Pontificia Universit\u00e0 Gregoriana di Roma.<\/p>\n\n\n\n<figure class=\"wp-block-gallery columns-3 is-cropped\"><ul class=\"blocks-gallery-grid\"><li class=\"blocks-gallery-item\"><figure><a href=\"http:\/\/www.cssr.news\/wp-content\/uploads\/2026\/03\/A7400011-scaled.jpg\"><img src=\"http:\/\/www.cssr.news\/wp-content\/uploads\/2026\/03\/A7400011-1024x683.jpg\" alt=\"\" data-id=\"40719\" data-full-url=\"http:\/\/www.cssr.news\/wp-content\/uploads\/2026\/03\/A7400011-scaled.jpg\" data-link=\"https:\/\/www.cssr.news\/?attachment_id=40719\" class=\"wp-image-40719\"\/><\/a><\/figure><\/li><li class=\"blocks-gallery-item\"><figure><a href=\"http:\/\/www.cssr.news\/wp-content\/uploads\/2026\/03\/A7400024-scaled.jpg\"><img src=\"http:\/\/www.cssr.news\/wp-content\/uploads\/2026\/03\/A7400024-1024x683.jpg\" alt=\"\" data-id=\"40722\" data-full-url=\"http:\/\/www.cssr.news\/wp-content\/uploads\/2026\/03\/A7400024-scaled.jpg\" data-link=\"https:\/\/www.cssr.news\/?attachment_id=40722\" class=\"wp-image-40722\"\/><\/a><\/figure><\/li><li class=\"blocks-gallery-item\"><figure><a href=\"http:\/\/www.cssr.news\/wp-content\/uploads\/2026\/03\/A7400022-scaled.jpg\"><img src=\"http:\/\/www.cssr.news\/wp-content\/uploads\/2026\/03\/A7400022-1024x683.jpg\" alt=\"\" data-id=\"40721\" data-full-url=\"http:\/\/www.cssr.news\/wp-content\/uploads\/2026\/03\/A7400022-scaled.jpg\" data-link=\"https:\/\/www.cssr.news\/?attachment_id=40721\" class=\"wp-image-40721\"\/><\/a><\/figure><\/li><li class=\"blocks-gallery-item\"><figure><a href=\"http:\/\/www.cssr.news\/wp-content\/uploads\/2026\/03\/A7400009-scaled.jpg\"><img src=\"http:\/\/www.cssr.news\/wp-content\/uploads\/2026\/03\/A7400009-1024x683.jpg\" alt=\"\" data-id=\"40718\" data-full-url=\"http:\/\/www.cssr.news\/wp-content\/uploads\/2026\/03\/A7400009-scaled.jpg\" data-link=\"https:\/\/www.cssr.news\/?attachment_id=40718\" class=\"wp-image-40718\"\/><\/a><\/figure><\/li><li class=\"blocks-gallery-item\"><figure><a href=\"http:\/\/www.cssr.news\/wp-content\/uploads\/2026\/03\/A7400013-scaled.jpg\"><img src=\"http:\/\/www.cssr.news\/wp-content\/uploads\/2026\/03\/A7400013-1024x683.jpg\" alt=\"\" data-id=\"40720\" data-full-url=\"http:\/\/www.cssr.news\/wp-content\/uploads\/2026\/03\/A7400013-scaled.jpg\" data-link=\"https:\/\/www.cssr.news\/?attachment_id=40720\" class=\"wp-image-40720\"\/><\/a><\/figure><\/li><li class=\"blocks-gallery-item\"><figure><a href=\"http:\/\/www.cssr.news\/wp-content\/uploads\/2026\/03\/A7400004-scaled.jpg\"><img src=\"http:\/\/www.cssr.news\/wp-content\/uploads\/2026\/03\/A7400004-1024x683.jpg\" alt=\"\" data-id=\"40717\" data-full-url=\"http:\/\/www.cssr.news\/wp-content\/uploads\/2026\/03\/A7400004-scaled.jpg\" data-link=\"https:\/\/www.cssr.news\/?attachment_id=40717\" class=\"wp-image-40717\"\/><\/a><\/figure><\/li><\/ul><\/figure>\n\n\n\n<p>Il seminario di formazione permanente, della durata di una giornata, \u00e8 stato tenuto da p. Francisco Jos\u00e9 Regord\u00e1n, OFM, professore di Diritto Canonico presso l\u2019Antonianum e la Pontificia Universit\u00e0 Lateranense di Roma. \u00c8 inoltre membro del Dicastero per la Dottrina della Fede del Vaticano, con una vasta esperienza in questioni canoniche relative alla salvaguardia.<\/p>\n\n\n\n<p>P. Regord\u00e1n ha affrontato vari aspetti della tutela e del lavoro necessario per creare un ambiente sicuro, tenendo presente la protezione dei minori e degli adulti vulnerabili. Si \u00e8 concentrato sulle leggi del Codice di Diritto Canonico relative alle sanzioni e alle pene in materia di abuso, presentando numerosi esempi tratti dalla sua ricca esperienza di canonista. Ha illustrato le procedure necessarie per lo svolgimento delle indagini, spiegando i vari termini canonici, gli uffici e i ruoli in relazione alle denunce di abuso, la preparazione del caso, le questioni relative all\u2019assistenza alle vittime, il segreto, il giuramento d\u2019ufficio e l\u2019applicazione delle leggi penali. Ha inoltre risposto a diverse domande dei partecipanti, sia di natura teorica sia relative a esempi pratici tratti dall\u2019applicazione del Diritto Canonico in diversi casi.<\/p>\n\n\n\n<p>Questa giornata di studio \u00e8 stata pensata per consentire alla Commissione Generale per la Tutela di prepararsi allo studio e alla finalizzazione del documento sulla Tutela, che verr\u00e0 presentato al Consiglio Generale per l\u2019approvazione il 23 marzo 2026.<\/p>\n\n\n\n<p>Al termine della giornata, p. Rog\u00e9rio Gomes, C.Ss.R., ha ringraziato p. Regord\u00e1n per il suo contributo, sia erudito sia molto pratico, e ha sottolineato l\u2019importanza dello studio di questo aspetto del diritto canonico non solo per il Consiglio Generale e la Commissione per la Tutela, ma per tutti i Superiori Maggiori e i Consigli della Congregazione.<\/p>\n\n\n\n<p><strong>Joseph Ivel Mendanha, C.Ss.R.<\/strong><br>Consultore Generale<\/p>\n","protected":false},"excerpt":{"rendered":"<p>Il Consiglio Generale, insieme a p. Rog\u00e9rio Gomes, C.Ss.R., Superiore Generale, ha tenuto un seminario di una giornata nell\u2019ambito del proprio studio annuale di Formazione Permanente il 19 marzo 2026. Quest\u2019anno la giornata \u00e8 stata dedicata allo studio congiunto con la Commissione Generale per la Salvaguardia, che ha iniziato la propria riunione in presenza il [&hellip;]<\/p>\n","protected":false},"author":23,"featured_media":32839,"comment_status":"closed","ping_status":"closed","sticky":false,"template":"","format":"standard","meta":{"_mi_skip_tracking":false},"categories":[14],"tags":[],"_links":{"self":[{"href":"https:\/\/www.cssr.news\/italian\/wp-json\/wp\/v2\/posts\/32838"}],"collection":[{"href":"https:\/\/www.cssr.news\/italian\/wp-json\/wp\/v2\/posts"}],"about":[{"href":"https:\/\/www.cssr.news\/italian\/wp-json\/wp\/v2\/types\/post"}],"author":[{"embeddable":true,"href":"https:\/\/www.cssr.news\/italian\/wp-json\/wp\/v2\/users\/23"}],"replies":[{"embeddable":true,"href":"https:\/\/www.cssr.news\/italian\/wp-json\/wp\/v2\/comments?post=32838"}],"version-history":[{"count":1,"href":"https:\/\/www.cssr.news\/italian\/wp-json\/wp\/v2\/posts\/32838\/revisions"}],"predecessor-version":[{"id":32840,"href":"https:\/\/www.cssr.news\/italian\/wp-json\/wp\/v2\/posts\/32838\/revisions\/32840"}],"wp:featuredmedia":[{"embeddable":true,"href":"https:\/\/www.cssr.news\/italian\/wp-json\/wp\/v2\/media\/32839"}],"wp:attachment":[{"href":"https:\/\/www.cssr.news\/italian\/wp-json\/wp\/v2\/media?parent=32838"}],"wp:term":[{"taxonomy":"category","embeddable":true,"href":"https:\/\/www.cssr.news\/italian\/wp-json\/wp\/v2\/categories?post=32838"},{"taxonomy":"post_tag","embeddable":true,"href":"https:\/\/www.cssr.news\/italian\/wp-json\/wp\/v2\/tags?post=32838"}],"curies":[{"name":"wp","href":"https:\/\/api.w.org\/{rel}","templated":true}]}}