{"id":32841,"date":"2026-03-19T10:49:00","date_gmt":"2026-03-19T08:49:00","guid":{"rendered":"https:\/\/www.cssr.news\/italian\/?p=32841"},"modified":"2026-03-20T10:58:26","modified_gmt":"2026-03-20T08:58:26","slug":"bolivia-sacerdote-del-popolo-per-il-popolo-dice-il-vescovo-al-nuovo-sacerdote-redentorista","status":"publish","type":"post","link":"https:\/\/www.cssr.news\/italian\/2026\/03\/bolivia-sacerdote-del-popolo-per-il-popolo-dice-il-vescovo-al-nuovo-sacerdote-redentorista\/","title":{"rendered":"Bolivia: \u00abSacerdote del popolo, per il popolo\u00bb, dice il vescovo al nuovo sacerdote redentorista"},"content":{"rendered":"\n<h2><strong>Ordinazione sacerdotale nella Provincia Bolivia-Per\u00f9<\/strong><\/h2>\n\n\n\n<p><strong><em>Non voi avete scelto me, ma io ho scelto voi e vi ho costituiti perch\u00e9 andiate e portiate frutto e il vostro frutto rimanga; perch\u00e9 tutto quello che chiederete al Padre nel mio nome, ve lo conceda.&nbsp;Questo vi comando: che vi amiate gli uni gli altri.<\/em><\/strong> <strong>(Gv 15, 16-17)<\/strong><\/p>\n\n\n\n<p><strong><strong>Sabato 14 marzo 2026<\/strong>, nella parrocchia di Nostra Signora della Candelaria, nella citt\u00e0 di Tupiza, si \u00e8 vissuto un momento di grazia e gioia con l\u2019ordinazione sacerdotale del diacono&nbsp;<strong>Ronald Agapito Bol\u00edvar Aparicio<\/strong>, missionario redentorista nato e cresciuto tra le usanze e la generosit\u00e0 del popolo di Tupiza.<\/strong><\/p>\n\n\n\n<p>Questa celebrazione \u00e8 stata preparata da una settimana vocazionale; cos\u00ec, sera dopo sera, sono state presentate le diverse opzioni di vita; gioved\u00ec \u00e8 stata presentata la vocazione sacerdotale, in particolare la vocazione redentorista, che, fedeli al carisma alfonsiano, continuano ad annunciare l\u2019Abbondante Redenzione.<\/p>\n\n\n\n<p>La gente \u00e8 arrivata in chiesa come se si trattasse di un proprio figlio, emozionata, grata, felice&#8230; che un abitante di Tupiza \u201cdiventi sacerdote\u201d.<\/p>\n\n\n\n<p>La celebrazione eucaristica \u00e8 stata presieduta da Mons. Nicol\u00e1s Ren\u00e1n Aguilera Arroyo, Vescovo della Diocesi di Potos\u00ed, il quale in modo fraterno durante l\u2019omelia si \u00e8 rivolto a Ronald Agapito dicendo:&nbsp;<strong><em><strong>\u201c\u2026il sacerdote \u00e8 del popolo e viene ordinato per il suo popolo\u201d,<\/strong><\/em><\/strong>&nbsp;lo ha invitato ad amare e ad accompagnare il popolo, invitando al contempo la gente a continuare ad accompagnarlo con la preghiera, in ogni momento.<\/p>\n\n\n\n<figure class=\"wp-block-gallery columns-3 is-cropped\"><ul class=\"blocks-gallery-grid\"><li class=\"blocks-gallery-item\"><figure><a href=\"http:\/\/www.cssr.news\/spanish\/wp-content\/uploads\/sites\/3\/2026\/03\/sn2026_1803_bolivia7.jpeg\"><img src=\"http:\/\/www.cssr.news\/spanish\/wp-content\/uploads\/sites\/3\/2026\/03\/sn2026_1803_bolivia7-1024x680.jpeg\" alt=\"\" data-id=\"30464\" data-full-url=\"http:\/\/www.cssr.news\/spanish\/wp-content\/uploads\/sites\/3\/2026\/03\/sn2026_1803_bolivia7.jpeg\" data-link=\"https:\/\/www.cssr.news\/spanish\/?attachment_id=30464\" class=\"wp-image-30464\"\/><\/a><\/figure><\/li><li class=\"blocks-gallery-item\"><figure><a href=\"http:\/\/www.cssr.news\/spanish\/wp-content\/uploads\/sites\/3\/2026\/03\/sn2026_1803_bolivia4.jpeg\"><img src=\"http:\/\/www.cssr.news\/spanish\/wp-content\/uploads\/sites\/3\/2026\/03\/sn2026_1803_bolivia4-680x1024.jpeg\" alt=\"\" data-id=\"30461\" data-full-url=\"http:\/\/www.cssr.news\/spanish\/wp-content\/uploads\/sites\/3\/2026\/03\/sn2026_1803_bolivia4.jpeg\" data-link=\"https:\/\/www.cssr.news\/spanish\/?attachment_id=30461\" class=\"wp-image-30461\"\/><\/a><\/figure><\/li><li class=\"blocks-gallery-item\"><figure><a href=\"http:\/\/www.cssr.news\/spanish\/wp-content\/uploads\/sites\/3\/2026\/03\/sn2026_1803_bolivia2.jpeg\"><img src=\"http:\/\/www.cssr.news\/spanish\/wp-content\/uploads\/sites\/3\/2026\/03\/sn2026_1803_bolivia2-1024x680.jpeg\" alt=\"\" data-id=\"30459\" data-full-url=\"http:\/\/www.cssr.news\/spanish\/wp-content\/uploads\/sites\/3\/2026\/03\/sn2026_1803_bolivia2.jpeg\" data-link=\"https:\/\/www.cssr.news\/spanish\/?attachment_id=30459\" class=\"wp-image-30459\"\/><\/a><\/figure><\/li><li class=\"blocks-gallery-item\"><figure><a href=\"http:\/\/www.cssr.news\/spanish\/wp-content\/uploads\/sites\/3\/2026\/03\/sn2026_1803_bolivia1.jpeg\"><img src=\"http:\/\/www.cssr.news\/spanish\/wp-content\/uploads\/sites\/3\/2026\/03\/sn2026_1803_bolivia1-1024x660.jpeg\" alt=\"\" data-id=\"30458\" data-full-url=\"http:\/\/www.cssr.news\/spanish\/wp-content\/uploads\/sites\/3\/2026\/03\/sn2026_1803_bolivia1.jpeg\" data-link=\"https:\/\/www.cssr.news\/spanish\/?attachment_id=30458\" class=\"wp-image-30458\"\/><\/a><\/figure><\/li><\/ul><\/figure>\n\n\n\n<p><strong><em><strong>\u00abAgapito, prega, prega sempre, a tempo e fuori tempo, nelle gioie e anche nei momenti difficili che non mancheranno, ma che la tua forza sia la preghiera, confida, ama e spera nel Signore\u2026 ricorda che \u00e8 Dio che ha scelto te; cos\u00ec come la lettura che hai scelto\u00bb.<\/strong><\/em><\/strong>&nbsp;Mons. Ren\u00e1n<strong><em>&nbsp;<\/em><\/strong>ha sottolineato che<strong><em>&nbsp;<\/em><\/strong>il Signore li ha scelti e li ha mandati a rimanere nell\u2019amore, li ha inviati a vivere il comandamento dell\u2019amore, a dare la vita per amore al servizio di tutti,&nbsp;<strong><em>\u201c\u2026anche di coloro che sbagliano, perch\u00e9 anche loro ti sono stati affidati da Lui. Pertanto, questa lettura segner\u00e0 la tua vita sacerdotale\u201d.<\/em><\/strong><\/p>\n\n\n\n<p>Da parte sua,&nbsp;<strong>P. Boris Calzadilla Arteaga, Superiore Provinciale<\/strong>, ha ringraziato per la presenza e la vicinanza di Mons. Ren\u00e1n Aguilera. Rivolgendosi al nuovo sacerdote ha detto:<strong><em><strong>&nbsp;\u201cGrazie Ronald, per il tuo s\u00ec al Signore, deciso, generoso, coraggioso, creativo.<\/strong><\/em><\/strong><\/p>\n\n\n\n<p><strong><em><strong>Grazie per aver ascoltato la voce di Dio, per aver avuto fiducia e aver compiuto questo passo nella tua vita\u00bb.&nbsp;&nbsp;<\/strong><\/em><\/strong>Ha poi ringraziato la famiglia Bol\u00edvar Aparicio per aver seminato nel figlio il seme della fede, per averlo sostenuto nella sua vocazione, per aver donato un figlio a Dio.<\/p>\n\n\n\n<p>Infine, il nuovo sacerdote, P. Ronald Agapito Bol\u00edvar Aparicio, ha ringraziato Dio per il dono della vita e della chiamata, perch\u00e9 \u00e8 stata la sua infinita bont\u00e0 a concedergli il ministero sacerdotale; ha ringraziato la sua famiglia per il dono della fede e per averlo accompagnato e sostenuto nella sua vocazione religiosa. Ha concluso il suo ringraziamento affidandosi alle preghiere del suo popolo, affinch\u00e9 chiedano&nbsp;<strong><em>\u201cche il Signore continui a suscitare pastori secondo il suo cuore\u201d.<\/em><\/strong><\/p>\n\n\n\n<p>P. Boris Calzadilla CSsR<br>Superiore Provinciale<\/p>\n","protected":false},"excerpt":{"rendered":"<p>Ordinazione sacerdotale nella Provincia Bolivia-Per\u00f9 Non voi avete scelto me, ma io ho scelto voi e vi ho costituiti perch\u00e9 andiate e portiate frutto e il vostro frutto rimanga; perch\u00e9 tutto quello che chiederete al Padre nel mio nome, ve lo conceda.&nbsp;Questo vi comando: che vi amiate gli uni gli altri. (Gv 15, 16-17) Sabato [&hellip;]<\/p>\n","protected":false},"author":23,"featured_media":32843,"comment_status":"closed","ping_status":"closed","sticky":false,"template":"","format":"standard","meta":{"_mi_skip_tracking":false},"categories":[13],"tags":[],"_links":{"self":[{"href":"https:\/\/www.cssr.news\/italian\/wp-json\/wp\/v2\/posts\/32841"}],"collection":[{"href":"https:\/\/www.cssr.news\/italian\/wp-json\/wp\/v2\/posts"}],"about":[{"href":"https:\/\/www.cssr.news\/italian\/wp-json\/wp\/v2\/types\/post"}],"author":[{"embeddable":true,"href":"https:\/\/www.cssr.news\/italian\/wp-json\/wp\/v2\/users\/23"}],"replies":[{"embeddable":true,"href":"https:\/\/www.cssr.news\/italian\/wp-json\/wp\/v2\/comments?post=32841"}],"version-history":[{"count":2,"href":"https:\/\/www.cssr.news\/italian\/wp-json\/wp\/v2\/posts\/32841\/revisions"}],"predecessor-version":[{"id":32844,"href":"https:\/\/www.cssr.news\/italian\/wp-json\/wp\/v2\/posts\/32841\/revisions\/32844"}],"wp:featuredmedia":[{"embeddable":true,"href":"https:\/\/www.cssr.news\/italian\/wp-json\/wp\/v2\/media\/32843"}],"wp:attachment":[{"href":"https:\/\/www.cssr.news\/italian\/wp-json\/wp\/v2\/media?parent=32841"}],"wp:term":[{"taxonomy":"category","embeddable":true,"href":"https:\/\/www.cssr.news\/italian\/wp-json\/wp\/v2\/categories?post=32841"},{"taxonomy":"post_tag","embeddable":true,"href":"https:\/\/www.cssr.news\/italian\/wp-json\/wp\/v2\/tags?post=32841"}],"curies":[{"name":"wp","href":"https:\/\/api.w.org\/{rel}","templated":true}]}}