{"id":32876,"date":"2026-03-20T08:26:00","date_gmt":"2026-03-20T06:26:00","guid":{"rendered":"https:\/\/www.cssr.news\/italian\/?p=32876"},"modified":"2026-03-20T18:47:44","modified_gmt":"2026-03-20T16:47:44","slug":"colombia-il-signore-chiede-tutto-quattro-giovani-della-nostra-provincia-andino-caraibica-hanno-emesso-la-professione-perpetua","status":"publish","type":"post","link":"https:\/\/www.cssr.news\/italian\/2026\/03\/colombia-il-signore-chiede-tutto-quattro-giovani-della-nostra-provincia-andino-caraibica-hanno-emesso-la-professione-perpetua\/","title":{"rendered":"Colombia: Il Signore chiede tutto! Quattro giovani della Provincia Andino-Caraibica hanno emesso la professione perpetua"},"content":{"rendered":"\n<p>In un clima di profonda fraternit\u00e0 e gioia, la nostra Provincia Andino-Caraibica ha celebrato la definitiva incorporazione di quattro giovani nella Congregazione del Santissimo Redentore. La solenne Eucaristia si \u00e8 svolta nella Parrocchia del Santissimo Redentore di Bogot\u00e1, in coincidenza provvidenziale con la quarta domenica di Quaresima (Domenica Laetare) e la cara memoria del nostro santo redentorista, San Clemente Maria Hofbauer.<\/p>\n\n\n\n<p>La celebrazione \u00e8 stata presieduta da padre Mauricio Monroy C\u00e1ceres, animatore della Provincia Andino-Caribica, e ha visto la partecipazione di confratelli sacerdoti, formatori, juniori, postulanti, religiose di famiglie affini al nostro carisma e numerosi fedeli della parrocchia.<\/p>\n\n\n\n<p><strong>Chiamati ad essere missionari della speranza<\/strong><\/p>\n\n\n\n<p>Durante la sua omelia, P. Mauricio Monroy ha riflettuto sul cammino della fede, ricordando, sulla base delle letture, che \u00abDio, quando sceglie e chiama, non si ferma alle apparenze, ma guarda ci\u00f2 che c\u2019\u00e8 nel cuore\u00bb. Ha invitato i confratelli e tutta l\u2019assemblea a essere strumenti di luce e a lasciarsi guidare da Cristo per essere veri \u00abmissionari della speranza seguendo le orme del Redentore\u00bb.<\/p>\n\n\n\n<figure class=\"wp-block-gallery columns-3 is-cropped\"><ul class=\"blocks-gallery-grid\"><li class=\"blocks-gallery-item\"><figure><a href=\"http:\/\/www.cssr.news\/italian\/wp-content\/uploads\/sites\/2\/2026\/03\/260315-Bogota-Profesion-religiosa-8.jpg\"><img width=\"1024\" height=\"682\" src=\"http:\/\/www.cssr.news\/italian\/wp-content\/uploads\/sites\/2\/2026\/03\/260315-Bogota-Profesion-religiosa-8-1024x682.jpg\" alt=\"\" data-id=\"32883\" data-full-url=\"http:\/\/www.cssr.news\/italian\/wp-content\/uploads\/sites\/2\/2026\/03\/260315-Bogota-Profesion-religiosa-8.jpg\" data-link=\"https:\/\/www.cssr.news\/italian\/?attachment_id=32883\" class=\"wp-image-32883\" srcset=\"https:\/\/www.cssr.news\/italian\/wp-content\/uploads\/sites\/2\/2026\/03\/260315-Bogota-Profesion-religiosa-8-1024x682.jpg 1024w, https:\/\/www.cssr.news\/italian\/wp-content\/uploads\/sites\/2\/2026\/03\/260315-Bogota-Profesion-religiosa-8-300x200.jpg 300w, https:\/\/www.cssr.news\/italian\/wp-content\/uploads\/sites\/2\/2026\/03\/260315-Bogota-Profesion-religiosa-8-768x512.jpg 768w, https:\/\/www.cssr.news\/italian\/wp-content\/uploads\/sites\/2\/2026\/03\/260315-Bogota-Profesion-religiosa-8-1536x1024.jpg 1536w, https:\/\/www.cssr.news\/italian\/wp-content\/uploads\/sites\/2\/2026\/03\/260315-Bogota-Profesion-religiosa-8-696x464.jpg 696w, https:\/\/www.cssr.news\/italian\/wp-content\/uploads\/sites\/2\/2026\/03\/260315-Bogota-Profesion-religiosa-8-1068x712.jpg 1068w, https:\/\/www.cssr.news\/italian\/wp-content\/uploads\/sites\/2\/2026\/03\/260315-Bogota-Profesion-religiosa-8-630x420.jpg 630w, https:\/\/www.cssr.news\/italian\/wp-content\/uploads\/sites\/2\/2026\/03\/260315-Bogota-Profesion-religiosa-8.jpg 1754w\" sizes=\"(max-width: 1024px) 100vw, 1024px\" \/><\/a><\/figure><\/li><li class=\"blocks-gallery-item\"><figure><a href=\"http:\/\/www.cssr.news\/italian\/wp-content\/uploads\/sites\/2\/2026\/03\/260315-Bogota-Profesion-religiosa-7.jpg\"><img width=\"1024\" height=\"682\" src=\"http:\/\/www.cssr.news\/italian\/wp-content\/uploads\/sites\/2\/2026\/03\/260315-Bogota-Profesion-religiosa-7-1024x682.jpg\" alt=\"\" data-id=\"32882\" data-full-url=\"http:\/\/www.cssr.news\/italian\/wp-content\/uploads\/sites\/2\/2026\/03\/260315-Bogota-Profesion-religiosa-7.jpg\" data-link=\"https:\/\/www.cssr.news\/italian\/?attachment_id=32882\" class=\"wp-image-32882\" srcset=\"https:\/\/www.cssr.news\/italian\/wp-content\/uploads\/sites\/2\/2026\/03\/260315-Bogota-Profesion-religiosa-7-1024x682.jpg 1024w, https:\/\/www.cssr.news\/italian\/wp-content\/uploads\/sites\/2\/2026\/03\/260315-Bogota-Profesion-religiosa-7-300x200.jpg 300w, https:\/\/www.cssr.news\/italian\/wp-content\/uploads\/sites\/2\/2026\/03\/260315-Bogota-Profesion-religiosa-7-768x512.jpg 768w, https:\/\/www.cssr.news\/italian\/wp-content\/uploads\/sites\/2\/2026\/03\/260315-Bogota-Profesion-religiosa-7-1536x1024.jpg 1536w, https:\/\/www.cssr.news\/italian\/wp-content\/uploads\/sites\/2\/2026\/03\/260315-Bogota-Profesion-religiosa-7-696x464.jpg 696w, https:\/\/www.cssr.news\/italian\/wp-content\/uploads\/sites\/2\/2026\/03\/260315-Bogota-Profesion-religiosa-7-1068x712.jpg 1068w, https:\/\/www.cssr.news\/italian\/wp-content\/uploads\/sites\/2\/2026\/03\/260315-Bogota-Profesion-religiosa-7-630x420.jpg 630w, https:\/\/www.cssr.news\/italian\/wp-content\/uploads\/sites\/2\/2026\/03\/260315-Bogota-Profesion-religiosa-7.jpg 1772w\" sizes=\"(max-width: 1024px) 100vw, 1024px\" \/><\/a><\/figure><\/li><li class=\"blocks-gallery-item\"><figure><a href=\"http:\/\/www.cssr.news\/italian\/wp-content\/uploads\/sites\/2\/2026\/03\/260315-Bogota-Profesion-religiosa-6.jpg\"><img width=\"682\" height=\"1024\" src=\"http:\/\/www.cssr.news\/italian\/wp-content\/uploads\/sites\/2\/2026\/03\/260315-Bogota-Profesion-religiosa-6-682x1024.jpg\" alt=\"\" data-id=\"32881\" data-full-url=\"http:\/\/www.cssr.news\/italian\/wp-content\/uploads\/sites\/2\/2026\/03\/260315-Bogota-Profesion-religiosa-6.jpg\" data-link=\"https:\/\/www.cssr.news\/italian\/?attachment_id=32881\" class=\"wp-image-32881\" srcset=\"https:\/\/www.cssr.news\/italian\/wp-content\/uploads\/sites\/2\/2026\/03\/260315-Bogota-Profesion-religiosa-6-682x1024.jpg 682w, https:\/\/www.cssr.news\/italian\/wp-content\/uploads\/sites\/2\/2026\/03\/260315-Bogota-Profesion-religiosa-6-200x300.jpg 200w, https:\/\/www.cssr.news\/italian\/wp-content\/uploads\/sites\/2\/2026\/03\/260315-Bogota-Profesion-religiosa-6-768x1152.jpg 768w, https:\/\/www.cssr.news\/italian\/wp-content\/uploads\/sites\/2\/2026\/03\/260315-Bogota-Profesion-religiosa-6-1024x1536.jpg 1024w, https:\/\/www.cssr.news\/italian\/wp-content\/uploads\/sites\/2\/2026\/03\/260315-Bogota-Profesion-religiosa-6-696x1044.jpg 696w, https:\/\/www.cssr.news\/italian\/wp-content\/uploads\/sites\/2\/2026\/03\/260315-Bogota-Profesion-religiosa-6-1068x1602.jpg 1068w, https:\/\/www.cssr.news\/italian\/wp-content\/uploads\/sites\/2\/2026\/03\/260315-Bogota-Profesion-religiosa-6-280x420.jpg 280w, https:\/\/www.cssr.news\/italian\/wp-content\/uploads\/sites\/2\/2026\/03\/260315-Bogota-Profesion-religiosa-6.jpg 1181w\" sizes=\"(max-width: 682px) 100vw, 682px\" \/><\/a><\/figure><\/li><\/ul><\/figure>\n\n\n\n<p><strong>I nostri nuovi professi perpetui e le loro assegnazioni<\/strong><\/p>\n\n\n\n<p>I quattro giovani, che hanno recentemente concluso la loro fase di formazione preparativa (svoltosi tra Cotu\u00ed, nella Repubblica Dominicana, e Bogot\u00e1), si sono prostrati davanti all\u2019altare in segno di consacrazione totale. Successivamente, hanno emesso per tutta la vita i voti di castit\u00e0, povert\u00e0 e obbedienza, uniti al giuramento di perseveranza.<\/p>\n\n\n\n<p>Con immensa gioia, la nostra provincia li invia ora a continuare il loro servizio pastorale nelle seguenti comunit\u00e0:<\/p>\n\n\n\n<ul><li><strong>Jorge Andr\u00e9s Campo Flor:<\/strong>\u00a0Nato a Cajib\u00edo, Cauca (Colombia). Il suo motto vocazionale \u00e8\u00a0<em>\u201cSal\u00ec sul monte, chiam\u00f2 quelli che volle e andarono con lui\u201d<\/em>. Prester\u00e0 servizio nella comunit\u00e0 missionaria di\u00a0<strong>Santa Helena del Op\u00f3n, Santander<\/strong>.<\/li><li><strong>Reilander Antonio Aldana Vargas:<\/strong>\u00a0Originario di Barquisimeto (Venezuela). Ispirato dalla frase di Isaia\u00a0<em>\u201cChi mander\u00f2?&#8230; Eccomi, mandami\u201d<\/em>, \u00e8 stato destinato alla missione di\u00a0<strong>Puerto Carre\u00f1o, Vichada<\/strong>.<\/li><li><strong>Carlos Daniel Franco Ram\u00edrez:<\/strong>\u00a0Originario di Andes, Antioquia (Colombia). Il suo ministero sar\u00e0 guidato dal motto\u00a0<em>\u201cMiserando atque eligendo\u201d<\/em>. Vivr\u00e0 il suo impegno nella comunit\u00e0 di\u00a0<strong>La Hormiga, Putumayo<\/strong>.<\/li><li><strong>Alexander Jes\u00fas Hern\u00e1ndez Reyes:<\/strong>\u00a0Nato nello Stato di Falc\u00f3n (Venezuela). Con il motto\u00a0<em>\u201cVenite con me e vi far\u00f2 pescatori di uomini\u201d<\/em>, \u00e8 stato inviato a prestare servizio nel\u00a0<strong>Santuario di Nostra Signora di Coromoto a Caracas, Venezuela<\/strong>.<\/li><\/ul>\n\n\n\n<p><strong>La Cruz Misionera: Simbolo di Abbondante Redenzione<\/strong><\/p>\n\n\n\n<p>Come segno visibile della loro consacrazione, ciascuno di loro ha ricevuto la croce missionaria che accompagna il nostro abito redentorista. Su di essa \u00e8 inciso il motto&nbsp;<em>Copiosa Apud Eum Redemptio<\/em>, a ricordo che la loro missione \u00e8 quella di annunciare l\u2019amore di Cristo crocifisso a tutta l\u2019umanit\u00e0, specialmente ai pi\u00f9 poveri e abbandonati.<\/p>\n\n\n\n<p>Al termine dell\u2019Eucaristia, uno dei professi ha preso la parola per esprimere, a nome dei quattro, la propria gratitudine a Dio, alla Congregazione, ai propri formatori e alle proprie famiglie, che si sono unite in preghiera a distanza dalla Colombia, dal Venezuela e dall\u2019Ecuador attraverso la trasmissione in diretta. Le sue parole di chiusura hanno riassunto il senso profondo di questa celebrazione: \u00abIl Signore Ges\u00f9 Cristo, che ci ha chiamati tutti alla santit\u00e0 (&#8230;), ci aiuter\u00e0 a rispondere con generosit\u00e0 e totale dedizione alla sua missione. Teniamo presente quanto segue: il Signore non chiede molto, il Signore chiede tutto\u00bb.<\/p>\n\n\n\n<figure class=\"wp-block-image size-large is-style-default\"><a href=\"http:\/\/www.cssr.news\/italian\/wp-content\/uploads\/sites\/2\/2026\/03\/260315-Bogota-Profesion-religiosa-9.jpg\"><img width=\"1024\" height=\"682\" src=\"http:\/\/www.cssr.news\/italian\/wp-content\/uploads\/sites\/2\/2026\/03\/260315-Bogota-Profesion-religiosa-9-1024x682.jpg\" alt=\"\" class=\"wp-image-32884\" srcset=\"https:\/\/www.cssr.news\/italian\/wp-content\/uploads\/sites\/2\/2026\/03\/260315-Bogota-Profesion-religiosa-9-1024x682.jpg 1024w, https:\/\/www.cssr.news\/italian\/wp-content\/uploads\/sites\/2\/2026\/03\/260315-Bogota-Profesion-religiosa-9-300x200.jpg 300w, https:\/\/www.cssr.news\/italian\/wp-content\/uploads\/sites\/2\/2026\/03\/260315-Bogota-Profesion-religiosa-9-768x512.jpg 768w, https:\/\/www.cssr.news\/italian\/wp-content\/uploads\/sites\/2\/2026\/03\/260315-Bogota-Profesion-religiosa-9-1536x1024.jpg 1536w, https:\/\/www.cssr.news\/italian\/wp-content\/uploads\/sites\/2\/2026\/03\/260315-Bogota-Profesion-religiosa-9-696x464.jpg 696w, https:\/\/www.cssr.news\/italian\/wp-content\/uploads\/sites\/2\/2026\/03\/260315-Bogota-Profesion-religiosa-9-1068x712.jpg 1068w, https:\/\/www.cssr.news\/italian\/wp-content\/uploads\/sites\/2\/2026\/03\/260315-Bogota-Profesion-religiosa-9-630x420.jpg 630w, https:\/\/www.cssr.news\/italian\/wp-content\/uploads\/sites\/2\/2026\/03\/260315-Bogota-Profesion-religiosa-9.jpg 1772w\" sizes=\"(max-width: 1024px) 100vw, 1024px\" \/><\/a><\/figure>\n\n\n\n<p>Affidiamo la vocazione e la perseveranza dei nostri fratelli Jorge, Reilander, Carlos e Alexander alle amorevoli cure della nostra Madre del Perpetuo Soccorso. Congratulazioni alla nostra Provincia Andino-Caribica!<\/p>\n\n\n\n<p><em>Testo inviato da p. \u00d3scar David Tarazona Trujillo, C.Ss.R.<\/em><\/p>\n\n\n\n<p><em>Lo streaming della celebrazione disponibile sul <a href=\"https:\/\/www.youtube.com\/live\/f72ol73pNBo?si=uIlWC6LpiUnGeGMf\">canale YouTube<\/a> della Parrochia del Santissimo Redentore a Bogot\u00e1.  <\/em><\/p>\n","protected":false},"excerpt":{"rendered":"<p>In un clima di profonda fraternit\u00e0 e gioia, la nostra Provincia Andino-Caraibica ha celebrato la definitiva incorporazione di quattro giovani nella Congregazione del Santissimo Redentore. La solenne Eucaristia si \u00e8 svolta nella Parrocchia del Santissimo Redentore di Bogot\u00e1, in coincidenza provvidenziale con la quarta domenica di Quaresima (Domenica Laetare) e la cara memoria del nostro [&hellip;]<\/p>\n","protected":false},"author":23,"featured_media":32877,"comment_status":"closed","ping_status":"closed","sticky":false,"template":"","format":"standard","meta":{"_mi_skip_tracking":false},"categories":[13],"tags":[],"_links":{"self":[{"href":"https:\/\/www.cssr.news\/italian\/wp-json\/wp\/v2\/posts\/32876"}],"collection":[{"href":"https:\/\/www.cssr.news\/italian\/wp-json\/wp\/v2\/posts"}],"about":[{"href":"https:\/\/www.cssr.news\/italian\/wp-json\/wp\/v2\/types\/post"}],"author":[{"embeddable":true,"href":"https:\/\/www.cssr.news\/italian\/wp-json\/wp\/v2\/users\/23"}],"replies":[{"embeddable":true,"href":"https:\/\/www.cssr.news\/italian\/wp-json\/wp\/v2\/comments?post=32876"}],"version-history":[{"count":3,"href":"https:\/\/www.cssr.news\/italian\/wp-json\/wp\/v2\/posts\/32876\/revisions"}],"predecessor-version":[{"id":32888,"href":"https:\/\/www.cssr.news\/italian\/wp-json\/wp\/v2\/posts\/32876\/revisions\/32888"}],"wp:featuredmedia":[{"embeddable":true,"href":"https:\/\/www.cssr.news\/italian\/wp-json\/wp\/v2\/media\/32877"}],"wp:attachment":[{"href":"https:\/\/www.cssr.news\/italian\/wp-json\/wp\/v2\/media?parent=32876"}],"wp:term":[{"taxonomy":"category","embeddable":true,"href":"https:\/\/www.cssr.news\/italian\/wp-json\/wp\/v2\/categories?post=32876"},{"taxonomy":"post_tag","embeddable":true,"href":"https:\/\/www.cssr.news\/italian\/wp-json\/wp\/v2\/tags?post=32876"}],"curies":[{"name":"wp","href":"https:\/\/api.w.org\/{rel}","templated":true}]}}