{"id":32889,"date":"2026-03-23T09:46:49","date_gmt":"2026-03-23T07:46:49","guid":{"rendered":"https:\/\/www.cssr.news\/italian\/?p=32889"},"modified":"2026-03-23T10:12:48","modified_gmt":"2026-03-23T08:12:48","slug":"redentoristi-europa-sud-a-granada-si-traccia-il-futuro-della-missione-tra-sfide-e-comunione","status":"publish","type":"post","link":"https:\/\/www.cssr.news\/italian\/2026\/03\/redentoristi-europa-sud-a-granada-si-traccia-il-futuro-della-missione-tra-sfide-e-comunione\/","title":{"rendered":"Redentoristi Europa Sud: a Granada si traccia il futuro della missione tra sfide e comunione"},"content":{"rendered":"\n<p><strong>Si \u00e8 concluso l&#8217;incontro tra il Consiglio Provinciale, i Segretari e i Coordinatori delle Commissioni della Provincia di Europa Sud. Al centro del dibattito la volont\u00e0 di operare come un unico corpo missionario per rispondere alle sfide del presente.<\/strong><\/p>\n\n\n\n<div class=\"wp-block-image\"><figure class=\"alignleft size-large is-resized\"><a href=\"https:\/\/www.cssr.news\/italian\/wp-content\/uploads\/sites\/2\/2026\/03\/logo_europa_sud.jpg\"><img src=\"https:\/\/www.cssr.news\/italian\/wp-content\/uploads\/sites\/2\/2026\/03\/logo_europa_sud-956x1024.jpg\" alt=\"\" class=\"wp-image-32893\" width=\"275\" height=\"294\" srcset=\"https:\/\/www.cssr.news\/italian\/wp-content\/uploads\/sites\/2\/2026\/03\/logo_europa_sud-956x1024.jpg 956w, https:\/\/www.cssr.news\/italian\/wp-content\/uploads\/sites\/2\/2026\/03\/logo_europa_sud-280x300.jpg 280w, https:\/\/www.cssr.news\/italian\/wp-content\/uploads\/sites\/2\/2026\/03\/logo_europa_sud-768x823.jpg 768w, https:\/\/www.cssr.news\/italian\/wp-content\/uploads\/sites\/2\/2026\/03\/logo_europa_sud-1433x1536.jpg 1433w, https:\/\/www.cssr.news\/italian\/wp-content\/uploads\/sites\/2\/2026\/03\/logo_europa_sud-696x746.jpg 696w, https:\/\/www.cssr.news\/italian\/wp-content\/uploads\/sites\/2\/2026\/03\/logo_europa_sud-1068x1145.jpg 1068w, https:\/\/www.cssr.news\/italian\/wp-content\/uploads\/sites\/2\/2026\/03\/logo_europa_sud-392x420.jpg 392w, https:\/\/www.cssr.news\/italian\/wp-content\/uploads\/sites\/2\/2026\/03\/logo_europa_sud.jpg 1493w\" sizes=\"(max-width: 275px) 100vw, 275px\" \/><\/a><\/figure><\/div>\n\n\n\n<p><strong>GRANADA<\/strong> \u2013 Lo scorso 17 marzo, la comunit\u00e0 redentorista di Granada ha ospitato un appuntamento cruciale per il futuro della <strong>Provincia di Europa Sud.<\/strong> Il Consiglio Provinciale Straordinario si \u00e8 riunito con i Segretari e i Coordinatori delle Commissioni per un confronto profondo volto a dare attuazione al mandato del primo Capitolo Provinciale.<\/p>\n\n\n\n<p>L&#8217;incontro non \u00e8 stato solo un momento di gestione amministrativa, ma un vero esercizio di <strong>fraternit\u00e0 e ascolto<\/strong>, finalizzato a immaginare il volto missionario della Provincia negli anni a venire.<\/p>\n\n\n\n<h3><strong>Verso un unico &#8220;Corpo Missionario&#8221;<\/strong><\/h3>\n\n\n\n<p>Il cuore del dialogo \u00e8 stato la visione della Provincia come un organismo unitario. Il Consiglio ha ribadito la necessit\u00e0 di superare le frammentazioni interne per operare come un <strong>unico Corpo Missionario<\/strong>. L\u2019obiettivo \u00e8 chiaro: far s\u00ec che ogni segretariato e commissione animi la vita apostolica in modo sinergico, mettendo al centro l\u2019annuncio della &#8220;Buona Novella&#8221; e la cura dei pi\u00f9 poveri, pilastri del carisma alfonsiano.<\/p>\n\n\n\n<p><em>&#8220;Vogliamo rivitalizzare l\u2019identit\u00e0 redentorista attraverso la condivisione delle risorse e una missione vissuta fianco a fianco con i laici,&#8221;<\/em> \u00e8 quanto emerso durante i lavori.<\/p>\n\n\n\n<figure class=\"wp-block-image size-large\"><a href=\"http:\/\/www.cssr.news\/italian\/wp-content\/uploads\/sites\/2\/2026\/03\/sn2026_Granada3_1703.jpeg\"><img width=\"1024\" height=\"768\" src=\"http:\/\/www.cssr.news\/italian\/wp-content\/uploads\/sites\/2\/2026\/03\/sn2026_Granada3_1703-1024x768.jpeg\" alt=\"\" class=\"wp-image-32891\" srcset=\"https:\/\/www.cssr.news\/italian\/wp-content\/uploads\/sites\/2\/2026\/03\/sn2026_Granada3_1703-1024x768.jpeg 1024w, https:\/\/www.cssr.news\/italian\/wp-content\/uploads\/sites\/2\/2026\/03\/sn2026_Granada3_1703-300x225.jpeg 300w, https:\/\/www.cssr.news\/italian\/wp-content\/uploads\/sites\/2\/2026\/03\/sn2026_Granada3_1703-768x576.jpeg 768w, https:\/\/www.cssr.news\/italian\/wp-content\/uploads\/sites\/2\/2026\/03\/sn2026_Granada3_1703-1536x1152.jpeg 1536w, https:\/\/www.cssr.news\/italian\/wp-content\/uploads\/sites\/2\/2026\/03\/sn2026_Granada3_1703-80x60.jpeg 80w, https:\/\/www.cssr.news\/italian\/wp-content\/uploads\/sites\/2\/2026\/03\/sn2026_Granada3_1703-265x198.jpeg 265w, https:\/\/www.cssr.news\/italian\/wp-content\/uploads\/sites\/2\/2026\/03\/sn2026_Granada3_1703-696x522.jpeg 696w, https:\/\/www.cssr.news\/italian\/wp-content\/uploads\/sites\/2\/2026\/03\/sn2026_Granada3_1703-1068x801.jpeg 1068w, https:\/\/www.cssr.news\/italian\/wp-content\/uploads\/sites\/2\/2026\/03\/sn2026_Granada3_1703-560x420.jpeg 560w, https:\/\/www.cssr.news\/italian\/wp-content\/uploads\/sites\/2\/2026\/03\/sn2026_Granada3_1703.jpeg 1600w\" sizes=\"(max-width: 1024px) 100vw, 1024px\" \/><\/a><\/figure>\n\n\n\n<p>Nonostante le fatiche fisiologiche di una Provincia giovane e vasta, i presenti hanno confermato la propria fedelt\u00e0 al <strong>Carisma di Sant\u2019Alfonso <\/strong>e agli orientamenti del Capitolo Provinciale. Il messaggio che esce da Granada \u00e8 un messaggio di speranza: c&#8217;\u00e8 un impegno corale per un rinnovamento dell&#8217;identit\u00e0 redentorista che sappia parlare all&#8217;uomo contemporaneo.<\/p>\n\n\n\n<p>Un ringraziamento speciale \u00e8 stato rivolto alla <strong>comunit\u00e0 di Granada<\/strong>, la cui accoglienza ha permesso di svolgere i lavori in un clima di serenit\u00e0, e a tutti i presenti per l\u2019impegno profuso nel servizio alla Provincia.<\/p>\n\n\n\n<p><strong><em>Padre Gennaro Sorrentino CSsR<\/em><br><em>Superiore Provinciale Europa Sud<\/em><\/strong><\/p>\n","protected":false},"excerpt":{"rendered":"<p>Si \u00e8 concluso l&#8217;incontro tra il Consiglio Provinciale, i Segretari e i Coordinatori delle Commissioni della Provincia di Europa Sud. Al centro del dibattito la volont\u00e0 di operare come un unico corpo missionario per rispondere alle sfide del presente. GRANADA \u2013 Lo scorso 17 marzo, la comunit\u00e0 redentorista di Granada ha ospitato un appuntamento cruciale [&hellip;]<\/p>\n","protected":false},"author":3,"featured_media":32892,"comment_status":"closed","ping_status":"closed","sticky":false,"template":"","format":"standard","meta":{"_mi_skip_tracking":false},"categories":[9],"tags":[],"_links":{"self":[{"href":"https:\/\/www.cssr.news\/italian\/wp-json\/wp\/v2\/posts\/32889"}],"collection":[{"href":"https:\/\/www.cssr.news\/italian\/wp-json\/wp\/v2\/posts"}],"about":[{"href":"https:\/\/www.cssr.news\/italian\/wp-json\/wp\/v2\/types\/post"}],"author":[{"embeddable":true,"href":"https:\/\/www.cssr.news\/italian\/wp-json\/wp\/v2\/users\/3"}],"replies":[{"embeddable":true,"href":"https:\/\/www.cssr.news\/italian\/wp-json\/wp\/v2\/comments?post=32889"}],"version-history":[{"count":3,"href":"https:\/\/www.cssr.news\/italian\/wp-json\/wp\/v2\/posts\/32889\/revisions"}],"predecessor-version":[{"id":32895,"href":"https:\/\/www.cssr.news\/italian\/wp-json\/wp\/v2\/posts\/32889\/revisions\/32895"}],"wp:featuredmedia":[{"embeddable":true,"href":"https:\/\/www.cssr.news\/italian\/wp-json\/wp\/v2\/media\/32892"}],"wp:attachment":[{"href":"https:\/\/www.cssr.news\/italian\/wp-json\/wp\/v2\/media?parent=32889"}],"wp:term":[{"taxonomy":"category","embeddable":true,"href":"https:\/\/www.cssr.news\/italian\/wp-json\/wp\/v2\/categories?post=32889"},{"taxonomy":"post_tag","embeddable":true,"href":"https:\/\/www.cssr.news\/italian\/wp-json\/wp\/v2\/tags?post=32889"}],"curies":[{"name":"wp","href":"https:\/\/api.w.org\/{rel}","templated":true}]}}