{"id":32897,"date":"2026-03-23T11:23:16","date_gmt":"2026-03-23T09:23:16","guid":{"rendered":"https:\/\/www.cssr.news\/italian\/?p=32897"},"modified":"2026-03-23T11:23:19","modified_gmt":"2026-03-23T09:23:19","slug":"paraguay-rafforzare-lidentita-missionaria-redentorista","status":"publish","type":"post","link":"https:\/\/www.cssr.news\/italian\/2026\/03\/paraguay-rafforzare-lidentita-missionaria-redentorista\/","title":{"rendered":"Paraguay: Rafforzare l\u2019identit\u00e0 missionaria redentorista"},"content":{"rendered":"\n<p>Il 7 e l\u20198 marzo 2026 si \u00e8 tenuta un\u2019altra edizione del \u201ctradizionale\u00a0<em>\u201cIncontro dei laici redentoristi in missione condivisa\u201d,<\/em>\u00a0dell\u2019Area Regionale del Paraguay, presso la Casa \u201cMarianela\u201d ad Atyr\u00e1. L\u2019incontro ha riunito pi\u00f9 di 70 laici impegnati nel carisma e nella spiritualit\u00e0 redentorista. Il tema centrale dell\u2019incontro \u00e8 stato: \u201c<strong>Spiritualit\u00e0, Comunione e Missione: pilastri dell\u2019identit\u00e0 redentorista\u201d.<\/strong>\u00a0<\/p>\n\n\n\n<p>Hanno partecipato anche alcuni professi redentoristi, una religiosa e alcuni laici rappresentanti delle zone regionali dell\u2019Argentina e del Cile. Tutti membri e associati alla Congregazione Redentorista.\u00a0<strong>Ci ha accompagnato il Padre Provinciale, P. Javier Machado. L\u2019incontro \u00e8 stato animato da P. Enrique L\u00f3pez\u00a0<\/strong>e abbiamo potuto contare sulla consulenza del sig. Juan Carlos L\u00f3pez per le dinamiche e la presentazione dei contenuti.<\/p>\n\n\n\n<figure class=\"wp-block-gallery columns-3 is-cropped\"><ul class=\"blocks-gallery-grid\"><li class=\"blocks-gallery-item\"><figure><a href=\"http:\/\/www.cssr.news\/spanish\/wp-content\/uploads\/sites\/3\/2026\/03\/sn2026_0703_paraguay12.jpeg\"><img src=\"http:\/\/www.cssr.news\/spanish\/wp-content\/uploads\/sites\/3\/2026\/03\/sn2026_0703_paraguay12-768x1024.jpeg\" alt=\"\" data-id=\"30512\" data-full-url=\"http:\/\/www.cssr.news\/spanish\/wp-content\/uploads\/sites\/3\/2026\/03\/sn2026_0703_paraguay12.jpeg\" data-link=\"https:\/\/www.cssr.news\/spanish\/?attachment_id=30512\" class=\"wp-image-30512\"\/><\/a><\/figure><\/li><li class=\"blocks-gallery-item\"><figure><a href=\"http:\/\/www.cssr.news\/spanish\/wp-content\/uploads\/sites\/3\/2026\/03\/sn2026_0703_paraguay11.jpeg\"><img src=\"http:\/\/www.cssr.news\/spanish\/wp-content\/uploads\/sites\/3\/2026\/03\/sn2026_0703_paraguay11-1024x768.jpeg\" alt=\"\" data-id=\"30511\" data-full-url=\"http:\/\/www.cssr.news\/spanish\/wp-content\/uploads\/sites\/3\/2026\/03\/sn2026_0703_paraguay11.jpeg\" data-link=\"https:\/\/www.cssr.news\/spanish\/?attachment_id=30511\" class=\"wp-image-30511\"\/><\/a><\/figure><\/li><li class=\"blocks-gallery-item\"><figure><a href=\"http:\/\/www.cssr.news\/spanish\/wp-content\/uploads\/sites\/3\/2026\/03\/sn2026_0703_paraguay10.jpeg\"><img src=\"http:\/\/www.cssr.news\/spanish\/wp-content\/uploads\/sites\/3\/2026\/03\/sn2026_0703_paraguay10-768x1024.jpeg\" alt=\"\" data-id=\"30510\" data-full-url=\"http:\/\/www.cssr.news\/spanish\/wp-content\/uploads\/sites\/3\/2026\/03\/sn2026_0703_paraguay10.jpeg\" data-link=\"https:\/\/www.cssr.news\/spanish\/?attachment_id=30510\" class=\"wp-image-30510\"\/><\/a><\/figure><\/li><li class=\"blocks-gallery-item\"><figure><a href=\"http:\/\/www.cssr.news\/spanish\/wp-content\/uploads\/sites\/3\/2026\/03\/sn2026_0703_paraguay09.jpeg\"><img src=\"http:\/\/www.cssr.news\/spanish\/wp-content\/uploads\/sites\/3\/2026\/03\/sn2026_0703_paraguay09-576x1024.jpeg\" alt=\"\" data-id=\"30509\" data-full-url=\"http:\/\/www.cssr.news\/spanish\/wp-content\/uploads\/sites\/3\/2026\/03\/sn2026_0703_paraguay09.jpeg\" data-link=\"https:\/\/www.cssr.news\/spanish\/?attachment_id=30509\" class=\"wp-image-30509\"\/><\/a><\/figure><\/li><li class=\"blocks-gallery-item\"><figure><a href=\"http:\/\/www.cssr.news\/spanish\/wp-content\/uploads\/sites\/3\/2026\/03\/sn2026_0703_paraguay06.jpeg\"><img src=\"http:\/\/www.cssr.news\/spanish\/wp-content\/uploads\/sites\/3\/2026\/03\/sn2026_0703_paraguay06-768x1024.jpeg\" alt=\"\" data-id=\"30506\" data-full-url=\"http:\/\/www.cssr.news\/spanish\/wp-content\/uploads\/sites\/3\/2026\/03\/sn2026_0703_paraguay06.jpeg\" data-link=\"https:\/\/www.cssr.news\/spanish\/?attachment_id=30506\" class=\"wp-image-30506\"\/><\/a><\/figure><\/li><li class=\"blocks-gallery-item\"><figure><a href=\"http:\/\/www.cssr.news\/spanish\/wp-content\/uploads\/sites\/3\/2026\/03\/sn2026_0703_paraguay03.jpeg\"><img src=\"http:\/\/www.cssr.news\/spanish\/wp-content\/uploads\/sites\/3\/2026\/03\/sn2026_0703_paraguay03-576x1024.jpeg\" alt=\"\" data-id=\"30503\" data-full-url=\"http:\/\/www.cssr.news\/spanish\/wp-content\/uploads\/sites\/3\/2026\/03\/sn2026_0703_paraguay03.jpeg\" data-link=\"https:\/\/www.cssr.news\/spanish\/?attachment_id=30503\" class=\"wp-image-30503\"\/><\/a><\/figure><\/li><\/ul><\/figure>\n\n\n\n<p>L\u2019incontro si \u00e8 svolto in un clima di preghiera, fraternit\u00e0 e discernimento. \u00c8 stato ribadito l\u2019impegno dei laici redentoristi a continuare ad annunciare il Vangelo, con uno spirito missionario rinnovato e dinamico, specialmente tra i pi\u00f9 abbandonati, in comunione con tutta la famiglia redentorista e sempre in sintonia con la Chiesa. L&#8217;obiettivo principale, come ogni anno, \u00e8 quello di continuare ad approfondire la consapevolezza della vocazione redentorista, l&#8217;identit\u00e0 e la missione condivisa tra laici e professi redentoristi. Si cerca di rafforzare l&#8217;identit\u00e0 e la spiritualit\u00e0 redentorista. Si cerca di creare spazi di dialogo che permettano di riconoscere le realt\u00e0 pastorali delle diverse comunit\u00e0 parrocchiali dell&#8217;area regionale e della provincia.<\/p>\n\n\n\n<figure class=\"wp-block-gallery columns-3 is-cropped\"><ul class=\"blocks-gallery-grid\"><li class=\"blocks-gallery-item\"><figure><a href=\"http:\/\/www.cssr.news\/spanish\/wp-content\/uploads\/sites\/3\/2026\/03\/sn2026_0703_paraguay05.jpeg\"><img src=\"http:\/\/www.cssr.news\/spanish\/wp-content\/uploads\/sites\/3\/2026\/03\/sn2026_0703_paraguay05-768x1024.jpeg\" alt=\"\" data-id=\"30505\" data-full-url=\"http:\/\/www.cssr.news\/spanish\/wp-content\/uploads\/sites\/3\/2026\/03\/sn2026_0703_paraguay05.jpeg\" data-link=\"https:\/\/www.cssr.news\/spanish\/?attachment_id=30505\" class=\"wp-image-30505\"\/><\/a><\/figure><\/li><li class=\"blocks-gallery-item\"><figure><a href=\"http:\/\/www.cssr.news\/spanish\/wp-content\/uploads\/sites\/3\/2026\/03\/sn2026_0703_paraguay04.jpeg\"><img src=\"http:\/\/www.cssr.news\/spanish\/wp-content\/uploads\/sites\/3\/2026\/03\/sn2026_0703_paraguay04-768x1024.jpeg\" alt=\"\" data-id=\"30504\" data-full-url=\"http:\/\/www.cssr.news\/spanish\/wp-content\/uploads\/sites\/3\/2026\/03\/sn2026_0703_paraguay04.jpeg\" data-link=\"https:\/\/www.cssr.news\/spanish\/?attachment_id=30504\" class=\"wp-image-30504\"\/><\/a><\/figure><\/li><li class=\"blocks-gallery-item\"><figure><a href=\"http:\/\/www.cssr.news\/spanish\/wp-content\/uploads\/sites\/3\/2026\/03\/sn2026_0703_paraguay02.jpeg\"><img src=\"http:\/\/www.cssr.news\/spanish\/wp-content\/uploads\/sites\/3\/2026\/03\/sn2026_0703_paraguay02-1024x768.jpeg\" alt=\"\" data-id=\"30502\" data-full-url=\"http:\/\/www.cssr.news\/spanish\/wp-content\/uploads\/sites\/3\/2026\/03\/sn2026_0703_paraguay02.jpeg\" data-link=\"https:\/\/www.cssr.news\/spanish\/?attachment_id=30502\" class=\"wp-image-30502\"\/><\/a><\/figure><\/li><li class=\"blocks-gallery-item\"><figure><a href=\"http:\/\/www.cssr.news\/spanish\/wp-content\/uploads\/sites\/3\/2026\/03\/sn2026_0703_paraguay01.jpeg\"><img src=\"http:\/\/www.cssr.news\/spanish\/wp-content\/uploads\/sites\/3\/2026\/03\/sn2026_0703_paraguay01-768x1024.jpeg\" alt=\"\" data-id=\"30501\" data-full-url=\"http:\/\/www.cssr.news\/spanish\/wp-content\/uploads\/sites\/3\/2026\/03\/sn2026_0703_paraguay01.jpeg\" data-link=\"https:\/\/www.cssr.news\/spanish\/?attachment_id=30501\" class=\"wp-image-30501\"\/><\/a><\/figure><\/li><li class=\"blocks-gallery-item\"><figure><a href=\"http:\/\/www.cssr.news\/spanish\/wp-content\/uploads\/sites\/3\/2026\/03\/sn2026_0703_paraguay14.jpeg\"><img src=\"http:\/\/www.cssr.news\/spanish\/wp-content\/uploads\/sites\/3\/2026\/03\/sn2026_0703_paraguay14-1024x768.jpeg\" alt=\"\" data-id=\"30514\" data-full-url=\"http:\/\/www.cssr.news\/spanish\/wp-content\/uploads\/sites\/3\/2026\/03\/sn2026_0703_paraguay14.jpeg\" data-link=\"https:\/\/www.cssr.news\/spanish\/?attachment_id=30514\" class=\"wp-image-30514\"\/><\/a><\/figure><\/li><li class=\"blocks-gallery-item\"><figure><a href=\"http:\/\/www.cssr.news\/spanish\/wp-content\/uploads\/sites\/3\/2026\/03\/sn2026_0703_paraguay08.jpeg\"><img src=\"http:\/\/www.cssr.news\/spanish\/wp-content\/uploads\/sites\/3\/2026\/03\/sn2026_0703_paraguay08-768x1024.jpeg\" alt=\"\" data-id=\"30508\" data-full-url=\"http:\/\/www.cssr.news\/spanish\/wp-content\/uploads\/sites\/3\/2026\/03\/sn2026_0703_paraguay08.jpeg\" data-link=\"https:\/\/www.cssr.news\/spanish\/?attachment_id=30508\" class=\"wp-image-30508\"\/><\/a><\/figure><\/li><li class=\"blocks-gallery-item\"><figure><a href=\"http:\/\/www.cssr.news\/spanish\/wp-content\/uploads\/sites\/3\/2026\/03\/sn2026_0703_paraguay13.jpeg\"><img src=\"http:\/\/www.cssr.news\/spanish\/wp-content\/uploads\/sites\/3\/2026\/03\/sn2026_0703_paraguay13-1024x768.jpeg\" alt=\"\" data-id=\"30513\" data-full-url=\"http:\/\/www.cssr.news\/spanish\/wp-content\/uploads\/sites\/3\/2026\/03\/sn2026_0703_paraguay13.jpeg\" data-link=\"https:\/\/www.cssr.news\/spanish\/?attachment_id=30513\" class=\"wp-image-30513\"\/><\/a><\/figure><\/li><\/ul><\/figure>\n\n\n\n<p>Durante le giornate sono stati sviluppati diversi temi formativi e di proiezione pastorale. Tra questi: i riferimenti centrali (persone, luoghi e missioni) nella storia congregazionale che segnano l\u2019identit\u00e0 redentorista; le sfide della Communicanda n. 2 (2025): \u00abPassiamo all\u2019altra riva\u00bb; la Lettera Pastorale dei Vescovi del Paraguay sul tema del \u00abBene Comune\u00bb; la celebrazione dei 300 anni dalla nascita di San Gerardo; la promozione della vocazione del Fratello Redentorista e i primi due capitoli del Direttorio per la Missione Condivisa. L\u2019incontro si \u00e8 rivelato molto positivo e stimolante e i partecipanti ne sono usciti rinnovati nel loro impegno missionario.<\/p>\n\n\n\n<p><strong>P. Enrique L\u00f3pez<\/strong>&nbsp;CSsR<\/p>\n","protected":false},"excerpt":{"rendered":"<p>Il 7 e l\u20198 marzo 2026 si \u00e8 tenuta un\u2019altra edizione del \u201ctradizionale\u00a0\u201cIncontro dei laici redentoristi in missione condivisa\u201d,\u00a0dell\u2019Area Regionale del Paraguay, presso la Casa \u201cMarianela\u201d ad Atyr\u00e1. L\u2019incontro ha riunito pi\u00f9 di 70 laici impegnati nel carisma e nella spiritualit\u00e0 redentorista. Il tema centrale dell\u2019incontro \u00e8 stato: \u201cSpiritualit\u00e0, Comunione e Missione: pilastri dell\u2019identit\u00e0 redentorista\u201d.\u00a0 [&hellip;]<\/p>\n","protected":false},"author":23,"featured_media":32898,"comment_status":"closed","ping_status":"closed","sticky":false,"template":"","format":"standard","meta":{"_mi_skip_tracking":false},"categories":[34],"tags":[],"_links":{"self":[{"href":"https:\/\/www.cssr.news\/italian\/wp-json\/wp\/v2\/posts\/32897"}],"collection":[{"href":"https:\/\/www.cssr.news\/italian\/wp-json\/wp\/v2\/posts"}],"about":[{"href":"https:\/\/www.cssr.news\/italian\/wp-json\/wp\/v2\/types\/post"}],"author":[{"embeddable":true,"href":"https:\/\/www.cssr.news\/italian\/wp-json\/wp\/v2\/users\/23"}],"replies":[{"embeddable":true,"href":"https:\/\/www.cssr.news\/italian\/wp-json\/wp\/v2\/comments?post=32897"}],"version-history":[{"count":1,"href":"https:\/\/www.cssr.news\/italian\/wp-json\/wp\/v2\/posts\/32897\/revisions"}],"predecessor-version":[{"id":32899,"href":"https:\/\/www.cssr.news\/italian\/wp-json\/wp\/v2\/posts\/32897\/revisions\/32899"}],"wp:featuredmedia":[{"embeddable":true,"href":"https:\/\/www.cssr.news\/italian\/wp-json\/wp\/v2\/media\/32898"}],"wp:attachment":[{"href":"https:\/\/www.cssr.news\/italian\/wp-json\/wp\/v2\/media?parent=32897"}],"wp:term":[{"taxonomy":"category","embeddable":true,"href":"https:\/\/www.cssr.news\/italian\/wp-json\/wp\/v2\/categories?post=32897"},{"taxonomy":"post_tag","embeddable":true,"href":"https:\/\/www.cssr.news\/italian\/wp-json\/wp\/v2\/tags?post=32897"}],"curies":[{"name":"wp","href":"https:\/\/api.w.org\/{rel}","templated":true}]}}