{"id":32900,"date":"2026-03-23T16:37:38","date_gmt":"2026-03-23T14:37:38","guid":{"rendered":"https:\/\/www.cssr.news\/italian\/?p=32900"},"modified":"2026-03-23T16:37:40","modified_gmt":"2026-03-23T14:37:40","slug":"mons-vicente-ferreira-cssr-e-suor-anneliese-herzig-mssr-in-vaticano-per-presentare-liniziativa-disinvestimento-nellindustria-mineraria","status":"publish","type":"post","link":"https:\/\/www.cssr.news\/italian\/2026\/03\/mons-vicente-ferreira-cssr-e-suor-anneliese-herzig-mssr-in-vaticano-per-presentare-liniziativa-disinvestimento-nellindustria-mineraria\/","title":{"rendered":"Mons. Vicente Ferreira CSsR e Suor Anneliese Herzig MSsR in Vaticano per presentare l\u2019iniziativa: Disinvestimento nell\u2019industria mineraria"},"content":{"rendered":"\n<p><strong>Venerd\u00ec 20 marzo 2026, \u00e8 stata presentata ufficialmente nella Sala Stampa della Santa Sede la \u201cPiattaforma per il disinvestimento nell\u2019industria mineraria\u201d. Protagonisti dell\u2019evento: Mons. Vicente Ferreira CSsR, vescovo di Livramento de Nossa Senhora, presidente della Commissione Speciale per l\u2019Ecologia Integrale e le Attivit\u00e0 Minerarie della Conferenza Episcopale Nazionale del Brasile, e Suor Anneliese Herzig MSsR, dottoressa in teologia che\u00a0<\/strong>lavora per la Conferenza dei Religiosi in Austria e per la DKA Austria, ovvero la &#8220;&#8221;L&#8217;azione dei Tre Re&#8221; (un&#8217;organizzazione umanitaria dei gruppi cattolici di bambini e giovani dell&#8217;Austria) che sostiene circa 500 progetti nei tre continenti: Africa, Asia e America Latina.<\/p>\n\n\n\n<p>La&nbsp;<strong>\u201cPiattaforma per il disinvestimento nell\u2019industria mineraria\u201d,&nbsp;<\/strong>\u00e8 un\u2019iniziativa collettiva sostenuta dal Vaticano che ha come obiettivo principale quello di invitare istituzioni religiose, accademiche e sociali a ritirare le proprie risorse finanziarie dalle imprese del settore minerario che causano gravi impatti sociali e ambientali.<\/p>\n\n\n\n<p>Durante la presentazione della Piattaforma,&nbsp;<strong>Monsignor Vicente Ferreira CSsR, vescovo di Livramento de Nossa Senhora<\/strong>, Brasile, e consigliere della Rete Chiese e Minerario, ha spiegato che tra i numerosi movimenti che la Chiesa latinoamericana e caraibica ha intrapreso in difesa della nostra casa comune,&nbsp;<strong>la COP30<\/strong>&nbsp;\u00e8 stata un esempio di una grande marcia per la giustizia climatica, a favore dei popoli e della Madre Terra.<\/p>\n\n\n\n<p>Allo stesso modo, ha assicurato che il documento della&nbsp;<strong>Chiesa del Sud del Mondo<\/strong>&nbsp;\u2013 America Latina e Caraibi, Africa e Asia,&nbsp;<em>\u201cUn appello alla giustizia climatica e alla nostra casa comune: conversione ecologica, trasformazione e resistenza alle false soluzioni\u201d<\/em>, ha offerto una grande speranza in una Chiesa profetica, difensore dell\u2019ecologia integrale.<\/p>\n\n\n\n<p><em>\u201cLa nostra presenza al fianco dei gruppi pastorali e dei movimenti popolari che lottano per il Regno di Dio \u00e8 fondamentale, poich\u00e9 dalla base sogniamo un mondo nuovo\u201d<\/em>, ha affermato il vescovo redentorista durante la conferenza stampa in Vaticano. Il vescovo ha anche ricordato l\u2019importanza di avere&nbsp;<em>\u201creti di ascolto e protezione per coloro che sono colpiti dall\u2019attivit\u00e0 mineraria. La preferenza per i poveri e per la difesa del creato non pu\u00f2 lasciarsi intimidire dalle seduzioni offerte dal denaro\u201d<\/em>, ha concluso mons. Ferreira.<\/p>\n\n\n\n<div class=\"wp-block-image is-style-default\"><figure class=\"aligncenter size-large is-resized\"><img src=\"https:\/\/www.cssr.news\/spanish\/wp-content\/uploads\/sites\/3\/2026\/03\/DomVicentePortada_celam.jpeg\" alt=\"\" width=\"840\" height=\"490\"\/><figcaption><em>Mons. Vicente Ferreira alla COP30, Bel\u00e9m, Brasile 2025, foto CELAM<\/em><\/figcaption><\/figure><\/div>\n\n\n\n<p><strong>Suor Anneliese Herzig, delle Missionarie del Santissimo Redentore,<\/strong>&nbsp;ha parlato della questione dell\u2019oro e delle conseguenze in termini di investimenti finanziari in ambito ecclesiastico. Dal 2018 la Chiesa in Austria, ha spiegato la religiosa, dispone di una linea guida per gli investimenti etici: l\u2019investimento di denaro non \u00e8 eticamente neutro.<\/p>\n\n\n\n<p><em>\u201cNon si devono sostenere attivit\u00e0 contrarie alla dottrina sociale, n\u00e9 trarne beneficio. \u00c8 una questione di credibilit\u00e0\u201d.<\/em>&nbsp;E in questo processo, hanno escluso l\u2019investimento in oro fisico.&nbsp;<em>\u201cCi\u00f2 \u00e8 stato possibile grazie alle voci provenienti dal Sud del mondo\u201d<\/em>, ha precisato. A questo proposito ha spiegato che l\u2019oro, in realt\u00e0, non ha un uso pratico.<\/p>\n\n\n\n<p><em>\u201cPer questo gli investitori ecclesiastici devono chiedersi se non sia possibile investire meglio\u201d<\/em>&nbsp;ha sottolineato, poich\u00e9 investire in oro prolunga la sofferenza di alcuni popoli.&nbsp;<strong><em>\u201cLe nostre linee guida da sole non basteranno, occorre un cambiamento di mentalit\u00e0. Dobbiamo ascoltare le voci delle comunit\u00e0 colpite e farle risuonare nei nostri cuori\u201d,<\/em><\/strong>&nbsp;ha concluso.<\/p>\n\n\n\n<p>(Vatican News \/Scala News)<\/p>\n\n\n\n<p><strong>La \u201cPiattaforma per il disinvestimento nell\u2019industria mineraria\u201d<\/strong>&nbsp;riunisce pi\u00f9 di 40 istituzioni cattoliche ed ecumeniche di tutto il mondo, tra cui spiccano: CIDSE (rete internazionale di organizzazioni per la giustizia sociale), Rete Chiese e Minerario, CELAM (Consiglio Episcopale Latinoamericano e Caraibico), Dicastero per il Servizio dello Sviluppo Umano Integrale (Vaticano) e molte altre. Il motivo principale che spinge questa iniziativa \u00e8 che troppo spesso l\u2019estrazione mineraria \u00e8 stata effettuata senza ascoltare le comunit\u00e0 locali, senza rispettare i diritti delle popolazioni indigene e senza considerare i limiti degli ecosistemi che sostengono la vita.<\/p>\n\n\n\n<p><strong>La COP30<\/strong>&nbsp;\u00e8 la 30\u00aa Conferenza delle Parti della Convenzione quadro delle Nazioni Unite sui cambiamenti climatici (UNFCCC). Ha riunito quasi 200 paesi per valutare i progressi in materia di clima, in occasione del decimo anniversario dell\u2019Accordo di Parigi, con particolare attenzione all\u2019Amazzonia. I vescovi cattolici di Africa, Asia, America Latina e Caraibi hanno rilasciato una dichiarazione congiunta su questo incontro (Vedi il Movimento della Laudato Si&#8217;).<\/p>\n\n\n\n<p>Video Conferenza Stampa:<\/p>\n\n\n\n<figure class=\"wp-block-embed is-type-video is-provider-youtube wp-block-embed-youtube wp-embed-aspect-16-9 wp-has-aspect-ratio\"><div class=\"wp-block-embed__wrapper\">\n<iframe title=\"Conferencia de prensa, 20 de marzo de 2026\" width=\"696\" height=\"392\" src=\"https:\/\/www.youtube.com\/embed\/4HH6pu_JIps?feature=oembed\" frameborder=\"0\" allow=\"accelerometer; autoplay; clipboard-write; encrypted-media; gyroscope; picture-in-picture; web-share\" referrerpolicy=\"strict-origin-when-cross-origin\" allowfullscreen><\/iframe>\n<\/div><\/figure>\n","protected":false},"excerpt":{"rendered":"<p>Venerd\u00ec 20 marzo 2026, \u00e8 stata presentata ufficialmente nella Sala Stampa della Santa Sede la \u201cPiattaforma per il disinvestimento nell\u2019industria mineraria\u201d. Protagonisti dell\u2019evento: Mons. Vicente Ferreira CSsR, vescovo di Livramento de Nossa Senhora, presidente della Commissione Speciale per l\u2019Ecologia Integrale e le Attivit\u00e0 Minerarie della Conferenza Episcopale Nazionale del Brasile, e Suor Anneliese Herzig MSsR, [&hellip;]<\/p>\n","protected":false},"author":23,"featured_media":32896,"comment_status":"closed","ping_status":"closed","sticky":false,"template":"","format":"standard","meta":{"_mi_skip_tracking":false},"categories":[40],"tags":[],"_links":{"self":[{"href":"https:\/\/www.cssr.news\/italian\/wp-json\/wp\/v2\/posts\/32900"}],"collection":[{"href":"https:\/\/www.cssr.news\/italian\/wp-json\/wp\/v2\/posts"}],"about":[{"href":"https:\/\/www.cssr.news\/italian\/wp-json\/wp\/v2\/types\/post"}],"author":[{"embeddable":true,"href":"https:\/\/www.cssr.news\/italian\/wp-json\/wp\/v2\/users\/23"}],"replies":[{"embeddable":true,"href":"https:\/\/www.cssr.news\/italian\/wp-json\/wp\/v2\/comments?post=32900"}],"version-history":[{"count":1,"href":"https:\/\/www.cssr.news\/italian\/wp-json\/wp\/v2\/posts\/32900\/revisions"}],"predecessor-version":[{"id":32901,"href":"https:\/\/www.cssr.news\/italian\/wp-json\/wp\/v2\/posts\/32900\/revisions\/32901"}],"wp:featuredmedia":[{"embeddable":true,"href":"https:\/\/www.cssr.news\/italian\/wp-json\/wp\/v2\/media\/32896"}],"wp:attachment":[{"href":"https:\/\/www.cssr.news\/italian\/wp-json\/wp\/v2\/media?parent=32900"}],"wp:term":[{"taxonomy":"category","embeddable":true,"href":"https:\/\/www.cssr.news\/italian\/wp-json\/wp\/v2\/categories?post=32900"},{"taxonomy":"post_tag","embeddable":true,"href":"https:\/\/www.cssr.news\/italian\/wp-json\/wp\/v2\/tags?post=32900"}],"curies":[{"name":"wp","href":"https:\/\/api.w.org\/{rel}","templated":true}]}}