{"id":32933,"date":"2026-03-24T10:26:48","date_gmt":"2026-03-24T08:26:48","guid":{"rendered":"https:\/\/www.cssr.news\/italian\/?p=32933"},"modified":"2026-03-24T10:32:49","modified_gmt":"2026-03-24T08:32:49","slug":"giornata-pgvr-italia-io-te","status":"publish","type":"post","link":"https:\/\/www.cssr.news\/italian\/2026\/03\/giornata-pgvr-italia-io-te\/","title":{"rendered":"Giornata PGVR Italia: Io &#038; Te"},"content":{"rendered":"\n<p>Domenica 22 marzo, i giovani della nostra Pastorale Giovanile Vocazionale Redentorista dell&#8217;area italiana si sono ritrovati per vivere una giornata intensa e coinvolgente presso la comunit\u00e0 parrocchiale di Sant&#8217;Alfonso in Avellino. Circa un centinaio di persone tra giovani, Redentoristi, accompagnatori e volontari hanno preso parte a questo evento ormai tradizionale della PGVR in Italia. <\/p>\n\n\n\n<p>Il tema proposto \u00e8 stato quello della <strong>preghiera<\/strong>, che si sta affrontando in questi mesi nella scheda di formazione bimestrale che l&#8217;\u00e9quipe invia alle comunit\u00e0 e ai gruppi e che, quest&#8217;anno, ha come filo conduttore la testimonianza di San Gerardo: &#8220;Stai chill\u2026come Gerardo!&#8221;. L&#8217;incontro, pensato come momento di crescita personale e comunitaria, di conoscenza e condivisione, ha unito momenti di riflessione profonda a momenti di autentica fraternit\u00e0, amicizia e divertimento.<\/p>\n\n\n\n<p>La giornata \u00e8 iniziata con un <strong>accogliente momento di condivisione<\/strong>, durante il quale i partecipanti hanno potuto ritrovarsi davanti a una buona e abbondante colazione preparata dai volontari della comunit\u00e0 ospitante. Questo spazio iniziale ha permesso di creare un clima di gioia, fatto di abbracci, saluti e sorrisi tra i giovani che aspettavano da tempo questo giorno per ritrovarsi.<\/p>\n\n\n\n<figure class=\"wp-block-gallery columns-2 is-cropped\"><ul class=\"blocks-gallery-grid\"><li class=\"blocks-gallery-item\"><figure><a href=\"https:\/\/www.cssr.news\/italian\/wp-content\/uploads\/sites\/2\/2026\/03\/sn250324-PGVR-Altare.jpeg\"><img width=\"768\" height=\"1024\" src=\"https:\/\/www.cssr.news\/italian\/wp-content\/uploads\/sites\/2\/2026\/03\/sn250324-PGVR-Altare-768x1024.jpeg\" alt=\"\" data-id=\"32936\" data-full-url=\"https:\/\/www.cssr.news\/italian\/wp-content\/uploads\/sites\/2\/2026\/03\/sn250324-PGVR-Altare.jpeg\" data-link=\"https:\/\/www.cssr.news\/italian\/?attachment_id=32936\" class=\"wp-image-32936\" srcset=\"https:\/\/www.cssr.news\/italian\/wp-content\/uploads\/sites\/2\/2026\/03\/sn250324-PGVR-Altare-768x1024.jpeg 768w, https:\/\/www.cssr.news\/italian\/wp-content\/uploads\/sites\/2\/2026\/03\/sn250324-PGVR-Altare-225x300.jpeg 225w, https:\/\/www.cssr.news\/italian\/wp-content\/uploads\/sites\/2\/2026\/03\/sn250324-PGVR-Altare-1152x1536.jpeg 1152w, https:\/\/www.cssr.news\/italian\/wp-content\/uploads\/sites\/2\/2026\/03\/sn250324-PGVR-Altare-696x928.jpeg 696w, https:\/\/www.cssr.news\/italian\/wp-content\/uploads\/sites\/2\/2026\/03\/sn250324-PGVR-Altare-1068x1424.jpeg 1068w, https:\/\/www.cssr.news\/italian\/wp-content\/uploads\/sites\/2\/2026\/03\/sn250324-PGVR-Altare-315x420.jpeg 315w, https:\/\/www.cssr.news\/italian\/wp-content\/uploads\/sites\/2\/2026\/03\/sn250324-PGVR-Altare.jpeg 1200w\" sizes=\"(max-width: 768px) 100vw, 768px\" \/><\/a><\/figure><\/li><li class=\"blocks-gallery-item\"><figure><a href=\"https:\/\/www.cssr.news\/italian\/wp-content\/uploads\/sites\/2\/2026\/03\/sn250324-PGVR-attivita.jpeg\"><img width=\"1024\" height=\"576\" src=\"https:\/\/www.cssr.news\/italian\/wp-content\/uploads\/sites\/2\/2026\/03\/sn250324-PGVR-attivita-1024x576.jpeg\" alt=\"\" data-id=\"32937\" data-full-url=\"https:\/\/www.cssr.news\/italian\/wp-content\/uploads\/sites\/2\/2026\/03\/sn250324-PGVR-attivita.jpeg\" data-link=\"https:\/\/www.cssr.news\/italian\/?attachment_id=32937\" class=\"wp-image-32937\" srcset=\"https:\/\/www.cssr.news\/italian\/wp-content\/uploads\/sites\/2\/2026\/03\/sn250324-PGVR-attivita-1024x576.jpeg 1024w, https:\/\/www.cssr.news\/italian\/wp-content\/uploads\/sites\/2\/2026\/03\/sn250324-PGVR-attivita-300x169.jpeg 300w, https:\/\/www.cssr.news\/italian\/wp-content\/uploads\/sites\/2\/2026\/03\/sn250324-PGVR-attivita-768x432.jpeg 768w, https:\/\/www.cssr.news\/italian\/wp-content\/uploads\/sites\/2\/2026\/03\/sn250324-PGVR-attivita-1536x864.jpeg 1536w, https:\/\/www.cssr.news\/italian\/wp-content\/uploads\/sites\/2\/2026\/03\/sn250324-PGVR-attivita-696x392.jpeg 696w, https:\/\/www.cssr.news\/italian\/wp-content\/uploads\/sites\/2\/2026\/03\/sn250324-PGVR-attivita-1068x601.jpeg 1068w, https:\/\/www.cssr.news\/italian\/wp-content\/uploads\/sites\/2\/2026\/03\/sn250324-PGVR-attivita-747x420.jpeg 747w, https:\/\/www.cssr.news\/italian\/wp-content\/uploads\/sites\/2\/2026\/03\/sn250324-PGVR-attivita.jpeg 1920w\" sizes=\"(max-width: 1024px) 100vw, 1024px\" \/><\/a><\/figure><\/li><\/ul><\/figure>\n\n\n\n<p>Dopo la preghiera iniziale e la lettura del messaggio del p. Provinciale Gennaro Sorrentino, occupato nella visita alle comunit\u00e0 della Spagna, si \u00e8 passati al cuore dell&#8217;esperienza: la <strong>testimonianza<\/strong> di un giovane missionario digitale, Simon (sui social\u00a0<em>Peccatore Praticante<\/em>), che attraverso un video realizzato appositamente per la nostra giornata ha condiviso la sua esperienza cristiana e il suo rapporto con la preghiera. Sono seguiti poi dei <strong>laboratori sulla preghiera<\/strong>, guidati da alcuni Redentoristi, Monache Redentoriste e animatori, accompagnando i giovani in un percorso che ha alternato Lectio divina, meditazione, preghiera di intercessione, esame di coscienza, preghiera comunitaria e preghiera attraverso la musica, i salmi, il corpo e l&#8217;organizzazione di un incontro di preghiera. Attraverso questi momenti, ciascuno ha potuto riscoprire la preghiera non solo come rituale, ma come <strong>incontro personale con Dio<\/strong>, che pu\u00f2 svilupparsi in varie modalit\u00e0.<\/p>\n\n\n\n<p>Dopo il pranzo condiviso, non sono mancati i momenti di <strong>fraternit\u00e0 e divertimento<\/strong>, con giochi e attivit\u00e0 di gruppo che hanno permesso di consolidare i legami tra i partecipanti. Immancabili i balli, che hanno creato un clima di scambio e complicit\u00e0, alimentando la conoscenza e l&#8217;amicizia.\u00a0<\/p>\n\n\n\n<figure class=\"wp-block-image size-large is-style-default\"><a href=\"https:\/\/www.cssr.news\/italian\/wp-content\/uploads\/sites\/2\/2026\/03\/sn250324-PGVR-Gruppo-a.jpeg\"><img width=\"1024\" height=\"683\" src=\"https:\/\/www.cssr.news\/italian\/wp-content\/uploads\/sites\/2\/2026\/03\/sn250324-PGVR-Gruppo-a-1024x683.jpeg\" alt=\"\" class=\"wp-image-32935\" srcset=\"https:\/\/www.cssr.news\/italian\/wp-content\/uploads\/sites\/2\/2026\/03\/sn250324-PGVR-Gruppo-a-1024x683.jpeg 1024w, https:\/\/www.cssr.news\/italian\/wp-content\/uploads\/sites\/2\/2026\/03\/sn250324-PGVR-Gruppo-a-300x200.jpeg 300w, https:\/\/www.cssr.news\/italian\/wp-content\/uploads\/sites\/2\/2026\/03\/sn250324-PGVR-Gruppo-a-768x512.jpeg 768w, https:\/\/www.cssr.news\/italian\/wp-content\/uploads\/sites\/2\/2026\/03\/sn250324-PGVR-Gruppo-a-1536x1024.jpeg 1536w, https:\/\/www.cssr.news\/italian\/wp-content\/uploads\/sites\/2\/2026\/03\/sn250324-PGVR-Gruppo-a-696x464.jpeg 696w, https:\/\/www.cssr.news\/italian\/wp-content\/uploads\/sites\/2\/2026\/03\/sn250324-PGVR-Gruppo-a-1068x712.jpeg 1068w, https:\/\/www.cssr.news\/italian\/wp-content\/uploads\/sites\/2\/2026\/03\/sn250324-PGVR-Gruppo-a-630x420.jpeg 630w, https:\/\/www.cssr.news\/italian\/wp-content\/uploads\/sites\/2\/2026\/03\/sn250324-PGVR-Gruppo-a.jpeg 1833w\" sizes=\"(max-width: 1024px) 100vw, 1024px\" \/><\/a><\/figure>\n\n\n\n<p>La giornata si \u00e8 conclusa con la <strong>Santa Messa<\/strong>, presieduta dal Consigliere Provinciale, delegato per la PGVR in Europa Sud, p. Massimiliano Guardini. \u00c8 stato un tempo per consegnare nelle mani del Padre, attorno alla mensa eucaristica, l&#8217;esperienza vissuta, i volti incontrati e le parole scambiate, per tornare a casa e nelle proprie comunit\u00e0 con lo spirito e la vita rinnovati.<\/p>\n\n\n\n<p>Ringraziamo il Signore perch\u00e9 ogni iniziativa, ogni incontro, ogni progetto \u00e8 sempre un passo importante per l&#8217;unit\u00e0 della nostra PGVR in Italia e per ogni giovane in cammino. Che questa esperienza possa accompagnarci tutti nel cammino di fede con rinnovato <strong>coraggio, speranza e gioia<\/strong>.<\/p>\n\n\n\n<p><strong>Daniele Carta, CSsR<\/strong><br>Coordinatore PGVR Italia ed Europa Sud<\/p>\n","protected":false},"excerpt":{"rendered":"<p>Domenica 22 marzo, i giovani della nostra Pastorale Giovanile Vocazionale Redentorista dell&#8217;area italiana si sono ritrovati per vivere una giornata intensa e coinvolgente presso la comunit\u00e0 parrocchiale di Sant&#8217;Alfonso in Avellino. Circa un centinaio di persone tra giovani, Redentoristi, accompagnatori e volontari hanno preso parte a questo evento ormai tradizionale della PGVR in Italia. Il [&hellip;]<\/p>\n","protected":false},"author":23,"featured_media":32934,"comment_status":"closed","ping_status":"closed","sticky":false,"template":"","format":"standard","meta":{"_mi_skip_tracking":false},"categories":[33],"tags":[],"_links":{"self":[{"href":"https:\/\/www.cssr.news\/italian\/wp-json\/wp\/v2\/posts\/32933"}],"collection":[{"href":"https:\/\/www.cssr.news\/italian\/wp-json\/wp\/v2\/posts"}],"about":[{"href":"https:\/\/www.cssr.news\/italian\/wp-json\/wp\/v2\/types\/post"}],"author":[{"embeddable":true,"href":"https:\/\/www.cssr.news\/italian\/wp-json\/wp\/v2\/users\/23"}],"replies":[{"embeddable":true,"href":"https:\/\/www.cssr.news\/italian\/wp-json\/wp\/v2\/comments?post=32933"}],"version-history":[{"count":2,"href":"https:\/\/www.cssr.news\/italian\/wp-json\/wp\/v2\/posts\/32933\/revisions"}],"predecessor-version":[{"id":32940,"href":"https:\/\/www.cssr.news\/italian\/wp-json\/wp\/v2\/posts\/32933\/revisions\/32940"}],"wp:featuredmedia":[{"embeddable":true,"href":"https:\/\/www.cssr.news\/italian\/wp-json\/wp\/v2\/media\/32934"}],"wp:attachment":[{"href":"https:\/\/www.cssr.news\/italian\/wp-json\/wp\/v2\/media?parent=32933"}],"wp:term":[{"taxonomy":"category","embeddable":true,"href":"https:\/\/www.cssr.news\/italian\/wp-json\/wp\/v2\/categories?post=32933"},{"taxonomy":"post_tag","embeddable":true,"href":"https:\/\/www.cssr.news\/italian\/wp-json\/wp\/v2\/tags?post=32933"}],"curies":[{"name":"wp","href":"https:\/\/api.w.org\/{rel}","templated":true}]}}