{"id":32962,"date":"2026-03-26T10:07:00","date_gmt":"2026-03-26T08:07:00","guid":{"rendered":"https:\/\/www.cssr.news\/italian\/?p=32962"},"modified":"2026-03-25T12:09:34","modified_gmt":"2026-03-25T10:09:34","slug":"la-destinazione-universale-dei-beni-cdsc-nn-171-184","status":"publish","type":"post","link":"https:\/\/www.cssr.news\/italian\/2026\/03\/la-destinazione-universale-dei-beni-cdsc-nn-171-184\/","title":{"rendered":"La destinazione universale dei beni (CDSC, nn. 171-184)"},"content":{"rendered":"\n<p><strong>Sul blog dell&#8217;Accademia Alfonsiana \u00e8 stato pubblicato un nuovo contributo del prof. L. Salutati, che approfondisce i concetti fondamentali della dottrina sociale della Chiesa.<\/strong><\/p>\n\n\n\n<p>La&nbsp;<em><strong>destinazione universale dei beni<\/strong><\/em>\u00e8 un<strong>&nbsp;principio fondamentale della Dottrina Sociale della Chiesa<\/strong>&nbsp;che afferma che \u00ab<em>Dio ha destinato la terra con tutto quello che in essa \u00e8 contenuto all&#8217;uso di tutti gli uomini e popoli\u00bb&nbsp;<\/em>e che, pertanto, i beni creati devono essere accessibili e finalizzati al bene di ciascuno e di tutti secondo criteri di&nbsp;<strong>giustizia e carit\u00e0<\/strong>&nbsp;(<a href=\"https:\/\/www.vatican.va\/roman_curia\/pontifical_councils\/justpeace\/documents\/rc_pc_justpeace_doc_20060526_compendio-dott-soc_it.html\"><em>CDSC<\/em><\/a>, n.171).<\/p>\n\n\n\n<p>Secondo questo principio, i beni del creato \u2013 cio\u00e8 le risorse naturali, i frutti del lavoro umano, le tecnologie e persino i beni immateriali come il sapere \u2013 non sono doni destinati esclusivamente a pochi individui, ma&nbsp;<em>a tutto il genere umano<\/em>, affinch\u00e9 ogni persona possa soddisfare i bisogni essenziali per una vita dignitosa e per il pieno sviluppo della sua dignit\u00e0 umana &nbsp;(<a href=\"https:\/\/www.vatican.va\/roman_curia\/pontifical_councils\/justpeace\/documents\/rc_pc_justpeace_doc_20060526_compendio-dott-soc_it.html\"><em>CDSC<\/em><\/a>, n.171).<\/p>\n\n\n\n<p>La Dottrina Sociale della Chiesa non nega il&nbsp;<strong>diritto alla propriet\u00e0 privata<\/strong>, riconosce infatti che la propriet\u00e0 \u00e8 uno strumento utile per garantire la libert\u00e0 personale e familiare e per favorire l\u2019autonomia degli individui. Tuttavia, questo diritto&nbsp;<strong>non \u00e8 assoluto<\/strong>&nbsp;e deve sempre essere considerato come subordinato al principio primario della destinazione universale dei beni (<a href=\"https:\/\/www.vatican.va\/roman_curia\/pontifical_councils\/justpeace\/documents\/rc_pc_justpeace_doc_20060526_compendio-dott-soc_it.html\"><em>CDSC<\/em><\/a>, n.172).<\/p>\n\n\n\n<p>In altre parole, la propriet\u00e0 privata \u00e8 vista come&nbsp;<em>uno strumento per realizzare la destinazione universale dei beni<\/em>, ma non come un fine in s\u00e9. Essa ha una&nbsp;<em><strong>funzione sociale<\/strong><\/em>&nbsp;e deve contribuire alla promozione del bene comune, senza ostacolare l\u2019accesso equo ai beni per tutti (<a href=\"https:\/\/www.vatican.va\/roman_curia\/pontifical_councils\/justpeace\/documents\/rc_pc_justpeace_doc_20060526_compendio-dott-soc_it.html\"><em>CDSC<\/em><\/a>, n.178).<\/p>\n\n\n\n<p>Questa visione nasce dalla convinzione che&nbsp;<em>nessun essere umano pu\u00f2 essere escluso dall\u2019uso dei beni necessari alla sua vita e al suo sviluppo integrale<\/em>. Essa ha radici bibliche (cf.&nbsp;<em>Gen<\/em>&nbsp;1,28\u201329) e viene ribadita dalle encicliche sociali della Chiesa, dal&nbsp;<em>Catechismo della Chiesa Cattolica<\/em>&nbsp;e dal&nbsp;<em>Compendio della Dottrina Sociale della Chiesa<\/em>.<\/p>\n\n\n\n<p>Un punto chiave \u00e8 che la destinazione universale dei beni non significa che&nbsp;<em>tutto sia immediatamente disponibile a ciascuno<\/em>, n\u00e9 che tutti possano usare qualsiasi oggetto in qualunque momento, ma piuttosto che&nbsp;<em>l\u2019uso dei beni deve essere regolato in vista della giustizia, dell\u2019equit\u00e0 e della carit\u00e0,&nbsp;<\/em>attraverso leggi giuste, accordi sociali e strutture economiche che consentano a ciascuno di accedere a ci\u00f2 di cui ha bisogno. (<a href=\"https:\/\/www.vatican.va\/roman_curia\/pontifical_councils\/justpeace\/documents\/rc_pc_justpeace_doc_20060526_compendio-dott-soc_it.html\"><em>CDSC<\/em><\/a>, n. 173)<\/p>\n\n\n\n<p>Da qui deriva anche l\u2019<em><strong>opzione preferenziale per i poveri<\/strong><\/em>, un altro principio centrale della Dottrina Sociale, perch\u00e9 il principio della destinazione universale dei beni porta a guardare con particolare attenzione alle condizioni di chi \u00e8 escluso dall\u2019accesso ai beni necessari, ai poveri, agli emarginati e a quanti non hanno le stesse opportunit\u00e0 di sviluppo. La Chiesa afferma che non \u00e8 sufficiente evitare ingiustizie, ma che&nbsp;<em>la societ\u00e0 deve attivamente promuovere le condizioni che consentano a tutti di partecipare alla vita economica e sociale<\/em>&nbsp;(<a href=\"https:\/\/www.vatican.va\/roman_curia\/pontifical_councils\/justpeace\/documents\/rc_pc_justpeace_doc_20060526_compendio-dott-soc_it.html\"><em>CDSC<\/em><\/a>, n.173).<\/p>\n\n\n\n<p>In campo etico-sociale questo insegnamento implica responsabilit\u00e0 personali e collettive: le istituzioni politiche, economiche e sociali devono orientare le proprie leggi e pratiche in modo che non ostacolino l\u2019accesso equo ai beni. Allo stesso tempo, i singoli sono invitati a un uso responsabile e solidale delle risorse, riconoscendo che possedere beni comporta anche il dovere di&nbsp;<em>condividerne i frutti,<\/em>&nbsp;specialmente con chi \u00e8 nel bisogno (<a href=\"https:\/\/www.vatican.va\/roman_curia\/pontifical_councils\/justpeace\/documents\/rc_pc_justpeace_doc_20060526_compendio-dott-soc_it.html\"><em>CDSC<\/em><\/a>, nn. 174-175).<\/p>\n\n\n\n<p>In sintesi, la&nbsp;<em>destinazione universale dei beni<\/em>&nbsp;nella Dottrina Sociale della Chiesa \u00e8 un principio che richiama all\u2019attenzione la&nbsp;<em><strong>dignit\u00e0 della persona<\/strong><\/em>, la&nbsp;<em><strong>solidariet\u00e0<\/strong><\/em>, la&nbsp;<em><strong>giustizia<\/strong><\/em>&nbsp;e il&nbsp;<em><strong>bene comune<\/strong><\/em>, ponendo l\u2019uso dei beni al servizio della crescita integrale di ogni essere umano e della comunit\u00e0 umana intera.<\/p>\n","protected":false},"excerpt":{"rendered":"<p>Sul blog dell&#8217;Accademia Alfonsiana \u00e8 stato pubblicato un nuovo contributo del prof. L. Salutati, che approfondisce i concetti fondamentali della dottrina sociale della Chiesa. La&nbsp;destinazione universale dei beni\u00e8 un&nbsp;principio fondamentale della Dottrina Sociale della Chiesa&nbsp;che afferma che \u00abDio ha destinato la terra con tutto quello che in essa \u00e8 contenuto all&#8217;uso di tutti gli uomini [&hellip;]<\/p>\n","protected":false},"author":23,"featured_media":32963,"comment_status":"closed","ping_status":"closed","sticky":false,"template":"","format":"standard","meta":{"_mi_skip_tracking":false},"categories":[29],"tags":[],"_links":{"self":[{"href":"https:\/\/www.cssr.news\/italian\/wp-json\/wp\/v2\/posts\/32962"}],"collection":[{"href":"https:\/\/www.cssr.news\/italian\/wp-json\/wp\/v2\/posts"}],"about":[{"href":"https:\/\/www.cssr.news\/italian\/wp-json\/wp\/v2\/types\/post"}],"author":[{"embeddable":true,"href":"https:\/\/www.cssr.news\/italian\/wp-json\/wp\/v2\/users\/23"}],"replies":[{"embeddable":true,"href":"https:\/\/www.cssr.news\/italian\/wp-json\/wp\/v2\/comments?post=32962"}],"version-history":[{"count":1,"href":"https:\/\/www.cssr.news\/italian\/wp-json\/wp\/v2\/posts\/32962\/revisions"}],"predecessor-version":[{"id":32964,"href":"https:\/\/www.cssr.news\/italian\/wp-json\/wp\/v2\/posts\/32962\/revisions\/32964"}],"wp:featuredmedia":[{"embeddable":true,"href":"https:\/\/www.cssr.news\/italian\/wp-json\/wp\/v2\/media\/32963"}],"wp:attachment":[{"href":"https:\/\/www.cssr.news\/italian\/wp-json\/wp\/v2\/media?parent=32962"}],"wp:term":[{"taxonomy":"category","embeddable":true,"href":"https:\/\/www.cssr.news\/italian\/wp-json\/wp\/v2\/categories?post=32962"},{"taxonomy":"post_tag","embeddable":true,"href":"https:\/\/www.cssr.news\/italian\/wp-json\/wp\/v2\/tags?post=32962"}],"curies":[{"name":"wp","href":"https:\/\/api.w.org\/{rel}","templated":true}]}}