{"id":32965,"date":"2026-03-25T10:44:52","date_gmt":"2026-03-25T08:44:52","guid":{"rendered":"https:\/\/www.cssr.news\/italian\/?p=32965"},"modified":"2026-03-25T12:13:46","modified_gmt":"2026-03-25T10:13:46","slug":"venezuela-ordinazione-sacerdotale-di-jhonny-william-vargas-vargas-cssr","status":"publish","type":"post","link":"https:\/\/www.cssr.news\/italian\/2026\/03\/venezuela-ordinazione-sacerdotale-di-jhonny-william-vargas-vargas-cssr\/","title":{"rendered":"Venezuela: ordinazione sacerdotale di Jhonny William Vargas Vargas CSsR"},"content":{"rendered":"\n<h3><em>Nella solennit\u00e0 di san Giuseppe, la famiglia redentorista del Venezuela celebra un doppio momento di gioia a Barquisimeto<\/em><\/h3>\n\n\n\n<p>Il 19 marzo, solennit\u00e0 di san Giuseppe, la Provincia Andino-Caribe\u00f1a \u2014 e in modo particolare la famiglia redentorista in Venezuela \u2014 ha vissuto un doppio momento di gioia: la celebrazione liturgica del patrono e l&#8217;ordinazione sacerdotale del diacono Jhonny William Vargas Vargas, C.Ss.R, conferita per l&#8217;imposizione delle mani e la preghiera consacratoria di Mons. Polito Rodr\u00edguez M\u00e9ndez, arcivescovo dell&#8217;Arcidiocesi di Barquisimeto.<\/p>\n\n\n\n<p>La cerimonia si \u00e8 svolta nella parrocchia San Jos\u00e9, casa madre dei redentoristi in Venezuela, ed \u00e8 stata un momento particolarmente significativo per l&#8217;intera comunit\u00e0: il nuovo sacerdote \u00e8 originario di questa citt\u00e0, chiamata la &#8220;ciudad crepuscular&#8221;, famosa dalla straordinaria bellezza dei suoi tramonti.<\/p>\n\n\n\n<p><strong>Omelia dell&#8217;Archivescovo<\/strong><\/p>\n\n\n\n<p>\u00abQuesto dinamismo missionario ha una risonanza molto speciale nella spiritualit\u00e0 redentorista. Seguendo l&#8217;esempio di sant&#8217;Alfonso Maria de Liguori, il missionario redentorista \u00e8 chiamato proprio a questo: ad andare incontro ai pi\u00f9 abbandonati, ad annunciare con creativit\u00e0 e vicinanza la redenzione abbondante di Cristo. Cos\u00ec ci\u00f2 che cominci\u00f2 come chiamata in Geremia diventa urgenza missionaria in Paolo.\u00bb\u2014  ha detto Mons. Polito Rodr\u00edguez M\u00e9ndez, Arcivescovo di Barquisimeto.<\/p>\n\n\n\n<figure class=\"wp-block-gallery columns-3 is-cropped\"><ul class=\"blocks-gallery-grid\"><li class=\"blocks-gallery-item\"><figure><a href=\"https:\/\/www.cssr.news\/italian\/wp-content\/uploads\/sites\/2\/2026\/03\/PHOTO-2026-03-22-11-52-39.jpg\"><img width=\"819\" height=\"1024\" src=\"https:\/\/www.cssr.news\/italian\/wp-content\/uploads\/sites\/2\/2026\/03\/PHOTO-2026-03-22-11-52-39-819x1024.jpg\" alt=\"\" data-id=\"32972\" data-full-url=\"https:\/\/www.cssr.news\/italian\/wp-content\/uploads\/sites\/2\/2026\/03\/PHOTO-2026-03-22-11-52-39.jpg\" data-link=\"https:\/\/www.cssr.news\/italian\/?attachment_id=32972\" class=\"wp-image-32972\" srcset=\"https:\/\/www.cssr.news\/italian\/wp-content\/uploads\/sites\/2\/2026\/03\/PHOTO-2026-03-22-11-52-39-819x1024.jpg 819w, https:\/\/www.cssr.news\/italian\/wp-content\/uploads\/sites\/2\/2026\/03\/PHOTO-2026-03-22-11-52-39-240x300.jpg 240w, https:\/\/www.cssr.news\/italian\/wp-content\/uploads\/sites\/2\/2026\/03\/PHOTO-2026-03-22-11-52-39-768x960.jpg 768w, https:\/\/www.cssr.news\/italian\/wp-content\/uploads\/sites\/2\/2026\/03\/PHOTO-2026-03-22-11-52-39-696x870.jpg 696w, https:\/\/www.cssr.news\/italian\/wp-content\/uploads\/sites\/2\/2026\/03\/PHOTO-2026-03-22-11-52-39-336x420.jpg 336w, https:\/\/www.cssr.news\/italian\/wp-content\/uploads\/sites\/2\/2026\/03\/PHOTO-2026-03-22-11-52-39.jpg 864w\" sizes=\"(max-width: 819px) 100vw, 819px\" \/><\/a><\/figure><\/li><li class=\"blocks-gallery-item\"><figure><a href=\"https:\/\/www.cssr.news\/italian\/wp-content\/uploads\/sites\/2\/2026\/03\/PHOTO-2026-03-22-11-52-33.jpg\"><img width=\"819\" height=\"1024\" src=\"https:\/\/www.cssr.news\/italian\/wp-content\/uploads\/sites\/2\/2026\/03\/PHOTO-2026-03-22-11-52-33-819x1024.jpg\" alt=\"\" data-id=\"32970\" data-full-url=\"https:\/\/www.cssr.news\/italian\/wp-content\/uploads\/sites\/2\/2026\/03\/PHOTO-2026-03-22-11-52-33.jpg\" data-link=\"https:\/\/www.cssr.news\/italian\/?attachment_id=32970\" class=\"wp-image-32970\" srcset=\"https:\/\/www.cssr.news\/italian\/wp-content\/uploads\/sites\/2\/2026\/03\/PHOTO-2026-03-22-11-52-33-819x1024.jpg 819w, https:\/\/www.cssr.news\/italian\/wp-content\/uploads\/sites\/2\/2026\/03\/PHOTO-2026-03-22-11-52-33-240x300.jpg 240w, https:\/\/www.cssr.news\/italian\/wp-content\/uploads\/sites\/2\/2026\/03\/PHOTO-2026-03-22-11-52-33-768x960.jpg 768w, https:\/\/www.cssr.news\/italian\/wp-content\/uploads\/sites\/2\/2026\/03\/PHOTO-2026-03-22-11-52-33-696x870.jpg 696w, https:\/\/www.cssr.news\/italian\/wp-content\/uploads\/sites\/2\/2026\/03\/PHOTO-2026-03-22-11-52-33-336x420.jpg 336w, https:\/\/www.cssr.news\/italian\/wp-content\/uploads\/sites\/2\/2026\/03\/PHOTO-2026-03-22-11-52-33.jpg 864w\" sizes=\"(max-width: 819px) 100vw, 819px\" \/><\/a><\/figure><\/li><li class=\"blocks-gallery-item\"><figure><a href=\"https:\/\/www.cssr.news\/italian\/wp-content\/uploads\/sites\/2\/2026\/03\/PHOTO-2026-03-22-11-52-41.jpg\"><img width=\"819\" height=\"1024\" src=\"https:\/\/www.cssr.news\/italian\/wp-content\/uploads\/sites\/2\/2026\/03\/PHOTO-2026-03-22-11-52-41-819x1024.jpg\" alt=\"\" data-id=\"32973\" data-full-url=\"https:\/\/www.cssr.news\/italian\/wp-content\/uploads\/sites\/2\/2026\/03\/PHOTO-2026-03-22-11-52-41.jpg\" data-link=\"https:\/\/www.cssr.news\/italian\/?attachment_id=32973\" class=\"wp-image-32973\" srcset=\"https:\/\/www.cssr.news\/italian\/wp-content\/uploads\/sites\/2\/2026\/03\/PHOTO-2026-03-22-11-52-41-819x1024.jpg 819w, https:\/\/www.cssr.news\/italian\/wp-content\/uploads\/sites\/2\/2026\/03\/PHOTO-2026-03-22-11-52-41-240x300.jpg 240w, https:\/\/www.cssr.news\/italian\/wp-content\/uploads\/sites\/2\/2026\/03\/PHOTO-2026-03-22-11-52-41-768x960.jpg 768w, https:\/\/www.cssr.news\/italian\/wp-content\/uploads\/sites\/2\/2026\/03\/PHOTO-2026-03-22-11-52-41-696x870.jpg 696w, https:\/\/www.cssr.news\/italian\/wp-content\/uploads\/sites\/2\/2026\/03\/PHOTO-2026-03-22-11-52-41-336x420.jpg 336w, https:\/\/www.cssr.news\/italian\/wp-content\/uploads\/sites\/2\/2026\/03\/PHOTO-2026-03-22-11-52-41.jpg 864w\" sizes=\"(max-width: 819px) 100vw, 819px\" \/><\/a><\/figure><\/li><li class=\"blocks-gallery-item\"><figure><a href=\"https:\/\/www.cssr.news\/italian\/wp-content\/uploads\/sites\/2\/2026\/03\/PHOTO-2026-03-22-11-52-25.jpg\"><img width=\"819\" height=\"1024\" src=\"https:\/\/www.cssr.news\/italian\/wp-content\/uploads\/sites\/2\/2026\/03\/PHOTO-2026-03-22-11-52-25-819x1024.jpg\" alt=\"\" data-id=\"32968\" data-full-url=\"https:\/\/www.cssr.news\/italian\/wp-content\/uploads\/sites\/2\/2026\/03\/PHOTO-2026-03-22-11-52-25.jpg\" data-link=\"https:\/\/www.cssr.news\/italian\/?attachment_id=32968\" class=\"wp-image-32968\" srcset=\"https:\/\/www.cssr.news\/italian\/wp-content\/uploads\/sites\/2\/2026\/03\/PHOTO-2026-03-22-11-52-25-819x1024.jpg 819w, https:\/\/www.cssr.news\/italian\/wp-content\/uploads\/sites\/2\/2026\/03\/PHOTO-2026-03-22-11-52-25-240x300.jpg 240w, https:\/\/www.cssr.news\/italian\/wp-content\/uploads\/sites\/2\/2026\/03\/PHOTO-2026-03-22-11-52-25-768x960.jpg 768w, https:\/\/www.cssr.news\/italian\/wp-content\/uploads\/sites\/2\/2026\/03\/PHOTO-2026-03-22-11-52-25-696x870.jpg 696w, https:\/\/www.cssr.news\/italian\/wp-content\/uploads\/sites\/2\/2026\/03\/PHOTO-2026-03-22-11-52-25-336x420.jpg 336w, https:\/\/www.cssr.news\/italian\/wp-content\/uploads\/sites\/2\/2026\/03\/PHOTO-2026-03-22-11-52-25.jpg 864w\" sizes=\"(max-width: 819px) 100vw, 819px\" \/><\/a><\/figure><\/li><li class=\"blocks-gallery-item\"><figure><a href=\"https:\/\/www.cssr.news\/italian\/wp-content\/uploads\/sites\/2\/2026\/03\/PHOTO-2026-03-22-11-52-22.jpg\"><img width=\"819\" height=\"1024\" src=\"https:\/\/www.cssr.news\/italian\/wp-content\/uploads\/sites\/2\/2026\/03\/PHOTO-2026-03-22-11-52-22-819x1024.jpg\" alt=\"\" data-id=\"32967\" data-full-url=\"https:\/\/www.cssr.news\/italian\/wp-content\/uploads\/sites\/2\/2026\/03\/PHOTO-2026-03-22-11-52-22.jpg\" data-link=\"https:\/\/www.cssr.news\/italian\/?attachment_id=32967\" class=\"wp-image-32967\" srcset=\"https:\/\/www.cssr.news\/italian\/wp-content\/uploads\/sites\/2\/2026\/03\/PHOTO-2026-03-22-11-52-22-819x1024.jpg 819w, https:\/\/www.cssr.news\/italian\/wp-content\/uploads\/sites\/2\/2026\/03\/PHOTO-2026-03-22-11-52-22-240x300.jpg 240w, https:\/\/www.cssr.news\/italian\/wp-content\/uploads\/sites\/2\/2026\/03\/PHOTO-2026-03-22-11-52-22-768x960.jpg 768w, https:\/\/www.cssr.news\/italian\/wp-content\/uploads\/sites\/2\/2026\/03\/PHOTO-2026-03-22-11-52-22-696x870.jpg 696w, https:\/\/www.cssr.news\/italian\/wp-content\/uploads\/sites\/2\/2026\/03\/PHOTO-2026-03-22-11-52-22-336x420.jpg 336w, https:\/\/www.cssr.news\/italian\/wp-content\/uploads\/sites\/2\/2026\/03\/PHOTO-2026-03-22-11-52-22.jpg 864w\" sizes=\"(max-width: 819px) 100vw, 819px\" \/><\/a><\/figure><\/li><li class=\"blocks-gallery-item\"><figure><a href=\"https:\/\/www.cssr.news\/italian\/wp-content\/uploads\/sites\/2\/2026\/03\/PHOTO-2026-03-22-11-52-29.jpg\"><img width=\"819\" height=\"1024\" src=\"https:\/\/www.cssr.news\/italian\/wp-content\/uploads\/sites\/2\/2026\/03\/PHOTO-2026-03-22-11-52-29-819x1024.jpg\" alt=\"\" data-id=\"32969\" data-full-url=\"https:\/\/www.cssr.news\/italian\/wp-content\/uploads\/sites\/2\/2026\/03\/PHOTO-2026-03-22-11-52-29.jpg\" data-link=\"https:\/\/www.cssr.news\/italian\/?attachment_id=32969\" class=\"wp-image-32969\" srcset=\"https:\/\/www.cssr.news\/italian\/wp-content\/uploads\/sites\/2\/2026\/03\/PHOTO-2026-03-22-11-52-29-819x1024.jpg 819w, https:\/\/www.cssr.news\/italian\/wp-content\/uploads\/sites\/2\/2026\/03\/PHOTO-2026-03-22-11-52-29-240x300.jpg 240w, https:\/\/www.cssr.news\/italian\/wp-content\/uploads\/sites\/2\/2026\/03\/PHOTO-2026-03-22-11-52-29-768x960.jpg 768w, https:\/\/www.cssr.news\/italian\/wp-content\/uploads\/sites\/2\/2026\/03\/PHOTO-2026-03-22-11-52-29-696x870.jpg 696w, https:\/\/www.cssr.news\/italian\/wp-content\/uploads\/sites\/2\/2026\/03\/PHOTO-2026-03-22-11-52-29-336x420.jpg 336w, https:\/\/www.cssr.news\/italian\/wp-content\/uploads\/sites\/2\/2026\/03\/PHOTO-2026-03-22-11-52-29.jpg 864w\" sizes=\"(max-width: 819px) 100vw, 819px\" \/><\/a><\/figure><\/li><\/ul><\/figure>\n\n\n\n<p>Alla celebrazione hanno preso parte numerosi missionari redentoristi della Colombia e del Venezuela, sacerdoti diocesani, religiosi, religiose, seminaristi, familiari e amici provenienti da diverse comunit\u00e0, tutti riuniti per condividere questo momento di benedizione e di famiglia.<\/p>\n\n\n\n<p><strong>Il cammino vocazionale del neopresbitero<\/strong><\/p>\n\n\n\n<p>Jhonny William Vargas Vargas \u00e8 nato il 26 ottobre 1992 a Barquisimeto, Stato Lara (Venezuela), figlio di Jhonny Vargas e Ana\u00eds Vargas. Il suo cammino vocazionale all&#8217;interno della Congregazione del Santissimo Redentore si \u00e8 articolato nelle seguenti tappe:<\/p>\n\n\n\n<ul><li>2018&nbsp;Aspirantato \u2014 Caracas (Venezuela)<\/li><li>2019\u20132020&nbsp;Postulantato \u2014 Bogot\u00e1 (Colombia)<\/li><li>2021&nbsp;Noviziato \u2014 Piedecuesta, Santander (Colombia)<\/li><li>28 gen. 2022&nbsp;Prima professione temporanea \u2014 Barquisimeto, Lara<\/li><li>2022\u20132023&nbsp;Juniorato \u2014 Bogot\u00e1 (Colombia)<\/li><li>2024&nbsp;Esperienza pastorale \u2014 Valencia, Stato Carabobo (Venezuela)<\/li><li>6 gen. \u2013 14 feb. 2025&nbsp;Secondo noviziato \u2014 Goi\u00e1s (Brasile)<\/li><li>15 mar. 2025&nbsp;Professione perpetua \u2014 Barquisimeto<\/li><li>17 ott. 2025&nbsp;Ordinazione diaconale \u2014 Valencia<\/li><li>19 mar. 2026&nbsp;Ordinazione sacerdotale \u2014 Barquisimeto<\/li><\/ul>\n\n\n\n<p>Attualmente risiede nella comunit\u00e0 redentorista di Valencia, presso la parrocchia della Purissima Concezione e Santo Bambino di Praga.<\/p>\n\n\n\n<figure class=\"wp-block-image size-large is-style-default\"><a href=\"https:\/\/www.cssr.news\/italian\/wp-content\/uploads\/sites\/2\/2026\/03\/sn260325-venzuela-ordinazione.jpg\"><img width=\"1024\" height=\"681\" src=\"https:\/\/www.cssr.news\/italian\/wp-content\/uploads\/sites\/2\/2026\/03\/sn260325-venzuela-ordinazione-1024x681.jpg\" alt=\"\" class=\"wp-image-32986\" srcset=\"https:\/\/www.cssr.news\/italian\/wp-content\/uploads\/sites\/2\/2026\/03\/sn260325-venzuela-ordinazione-1024x681.jpg 1024w, https:\/\/www.cssr.news\/italian\/wp-content\/uploads\/sites\/2\/2026\/03\/sn260325-venzuela-ordinazione-300x199.jpg 300w, https:\/\/www.cssr.news\/italian\/wp-content\/uploads\/sites\/2\/2026\/03\/sn260325-venzuela-ordinazione-768x511.jpg 768w, https:\/\/www.cssr.news\/italian\/wp-content\/uploads\/sites\/2\/2026\/03\/sn260325-venzuela-ordinazione-696x463.jpg 696w, https:\/\/www.cssr.news\/italian\/wp-content\/uploads\/sites\/2\/2026\/03\/sn260325-venzuela-ordinazione-1068x710.jpg 1068w, https:\/\/www.cssr.news\/italian\/wp-content\/uploads\/sites\/2\/2026\/03\/sn260325-venzuela-ordinazione-632x420.jpg 632w, https:\/\/www.cssr.news\/italian\/wp-content\/uploads\/sites\/2\/2026\/03\/sn260325-venzuela-ordinazione.jpg 1080w\" sizes=\"(max-width: 1024px) 100vw, 1024px\" \/><\/a><\/figure>\n\n\n\n<p><strong>Ringraziamento di p. Jhony alla fine della celebrazione<\/strong><\/p>\n\n\n\n<p>\u00abPer concludere, voglio richiamare una frase della preghiera della perseveranza che mi ha segnato profondamente: &#8220;S\u00ec, per morire bene, voglio morire Redentorista&#8221;. Che Dio mi conceda sempre la grazia di continuare il legame del nostro fondatore Sant&#8217;Alfonso, di evangelizzare nei luoghi in cui \u00e8 necessaria la missione, sempre nella semplicit\u00e0 del redentorista. Non smettete di pregare per me: questo mi manterr\u00e0 forte nei vari compiti che mi vengono affidati. Anch&#8217;io vi terr\u00f2 nelle mie preghiere.\u00bb &#8211; P. Jhonny William Vargas Vargas, C.Ss.R.<\/p>\n\n\n\n<p>La famiglia redentorista in Venezuela ringrazia il Signore per il dono della sua vocazione. Preghiamo perch\u00e9 sia un fedele e gioioso Missionario della Speranza, in una Chiesa in uscita, sulle orme del Redentore. Che il suo ministero sacerdotale sia colmo di grazia, salute e abbondanti benedizioni.<\/p>\n\n\n\n<p><em>Testo inviato da p. Alexander Nieves, C.Ss.R.<\/em><\/p>\n","protected":false},"excerpt":{"rendered":"<p>Nella solennit\u00e0 di san Giuseppe, la famiglia redentorista del Venezuela celebra un doppio momento di gioia a Barquisimeto Il 19 marzo, solennit\u00e0 di san Giuseppe, la Provincia Andino-Caribe\u00f1a \u2014 e in modo particolare la famiglia redentorista in Venezuela \u2014 ha vissuto un doppio momento di gioia: la celebrazione liturgica del patrono e l&#8217;ordinazione sacerdotale del [&hellip;]<\/p>\n","protected":false},"author":23,"featured_media":32966,"comment_status":"closed","ping_status":"closed","sticky":false,"template":"","format":"standard","meta":{"_mi_skip_tracking":false},"categories":[13],"tags":[],"_links":{"self":[{"href":"https:\/\/www.cssr.news\/italian\/wp-json\/wp\/v2\/posts\/32965"}],"collection":[{"href":"https:\/\/www.cssr.news\/italian\/wp-json\/wp\/v2\/posts"}],"about":[{"href":"https:\/\/www.cssr.news\/italian\/wp-json\/wp\/v2\/types\/post"}],"author":[{"embeddable":true,"href":"https:\/\/www.cssr.news\/italian\/wp-json\/wp\/v2\/users\/23"}],"replies":[{"embeddable":true,"href":"https:\/\/www.cssr.news\/italian\/wp-json\/wp\/v2\/comments?post=32965"}],"version-history":[{"count":2,"href":"https:\/\/www.cssr.news\/italian\/wp-json\/wp\/v2\/posts\/32965\/revisions"}],"predecessor-version":[{"id":32987,"href":"https:\/\/www.cssr.news\/italian\/wp-json\/wp\/v2\/posts\/32965\/revisions\/32987"}],"wp:featuredmedia":[{"embeddable":true,"href":"https:\/\/www.cssr.news\/italian\/wp-json\/wp\/v2\/media\/32966"}],"wp:attachment":[{"href":"https:\/\/www.cssr.news\/italian\/wp-json\/wp\/v2\/media?parent=32965"}],"wp:term":[{"taxonomy":"category","embeddable":true,"href":"https:\/\/www.cssr.news\/italian\/wp-json\/wp\/v2\/categories?post=32965"},{"taxonomy":"post_tag","embeddable":true,"href":"https:\/\/www.cssr.news\/italian\/wp-json\/wp\/v2\/tags?post=32965"}],"curies":[{"name":"wp","href":"https:\/\/api.w.org\/{rel}","templated":true}]}}