{"id":33002,"date":"2026-03-27T14:01:37","date_gmt":"2026-03-27T12:01:37","guid":{"rendered":"https:\/\/www.cssr.news\/italian\/?p=33002"},"modified":"2026-03-27T16:35:13","modified_gmt":"2026-03-27T14:35:13","slug":"un-webinar-sulla-leadership-verso-una-leadership-visionaria-rigenerativa-e-sinodale-in-collaborazione-con-lo-spirito","status":"publish","type":"post","link":"https:\/\/www.cssr.news\/italian\/2026\/03\/un-webinar-sulla-leadership-verso-una-leadership-visionaria-rigenerativa-e-sinodale-in-collaborazione-con-lo-spirito\/","title":{"rendered":"Un webinar sulla leadership: \u00abVerso una leadership visionaria, rigenerativa e sinodale: in collaborazione con lo Spirito!\u00bb"},"content":{"rendered":"\n<h3>P. Jos\u00e9 Cristo Rey Garc\u00eda Paredes guida la riflessione della Congregazione redentorista sullo stile di Ges\u00f9 come modello di governo<\/h3>\n\n\n\n<p>Il 26 marzo alle ore 14:00, ora di Roma, l\u2019intera Congregazione \u00e8 stata invitata, attraverso la piattaforma Zoom, a riunirsi come un\u2019unica famiglia. Lo scopo era quello di condividere e riflettere sul nostro cammino missionario, specialmente in questo anno dedicato alla leadership al servizio della missione in tutta la Congregazione. Circa 200 partecipanti, tra cui confratelli, suore della famiglia redentorista e laici associati, si sono collegati online da diverse parti del mondo. Nonostante la distanza geografica, abbiamo provato un profondo senso di unit\u00e0, essendo veramente uniti nello spirito e nella missione.<\/p>\n\n\n\n<p>Il programma \u00e8 iniziato con un caloroso saluto del Superiore Generale, P. Rog\u00e9rio Gomes. Nel suo discorso di apertura, ha chiaramente articolato lo scopo di questo incontro: riflettere insieme sulla leadership come dimensione vitale della nostra identit\u00e0 missionaria oggi. A questo sono seguite le osservazioni del moderatore, P. Gerardo Hern\u00e1ndez Carrasquillo, C.Ss.R., che ha guidato lo svolgimento della sessione. Dopo un breve ma significativo momento di preghiera, ci \u00e8 stato presentato il nostro relatore ospite, P. Jos\u00e9 Cristo Rey Garc\u00eda Paredes, CMF.<\/p>\n\n\n\n<p>P. Jos\u00e9 \u00e8 un sacerdote clarettiano ed \u00e8 ampiamente riconosciuto come uno dei teologi pi\u00f9 rispettati nel campo della vita consacrata. Ha affrontato il tema:&nbsp;<em>\u201cVerso una leadership visionaria, rigenerativa e sinodale: complici dello Spirito.\u201d&nbsp;<\/em>Ha iniziato la sua riflessione aiutandoci a comprendere perch\u00e9 quest\u2019anno \u00e8 stato dedicato alla leadership al servizio della missione. Ha collocato questo tema nel contesto pi\u00f9 ampio del discernimento e dell\u2019elezione dei nuovi superiori maggiori e i membri dei loro consigli. Ha sottolineato che l\u2019obiettivo fondamentale \u00e8 scegliere leader che incarnino e riflettano lo stile di Ges\u00f9: leader che servano con umilt\u00e0, visione e fede profonda.<\/p>\n\n\n\n<figure class=\"wp-block-gallery columns-3 is-cropped\"><ul class=\"blocks-gallery-grid\"><li class=\"blocks-gallery-item\"><figure><a href=\"http:\/\/www.cssr.news\/wp-content\/uploads\/2026\/03\/A7400006-scaled.jpg\"><img src=\"http:\/\/www.cssr.news\/wp-content\/uploads\/2026\/03\/A7400006-1024x683.jpg\" alt=\"\" data-id=\"40824\" data-full-url=\"http:\/\/www.cssr.news\/wp-content\/uploads\/2026\/03\/A7400006-scaled.jpg\" data-link=\"https:\/\/www.cssr.news\/?attachment_id=40824\" class=\"wp-image-40824\"\/><\/a><\/figure><\/li><li class=\"blocks-gallery-item\"><figure><a href=\"http:\/\/www.cssr.news\/wp-content\/uploads\/2026\/03\/A7400012-scaled.jpg\"><img src=\"http:\/\/www.cssr.news\/wp-content\/uploads\/2026\/03\/A7400012-1024x683.jpg\" alt=\"\" data-id=\"40826\" data-full-url=\"http:\/\/www.cssr.news\/wp-content\/uploads\/2026\/03\/A7400012-scaled.jpg\" data-link=\"https:\/\/www.cssr.news\/?attachment_id=40826\" class=\"wp-image-40826\"\/><\/a><\/figure><\/li><li class=\"blocks-gallery-item\"><figure><a href=\"http:\/\/www.cssr.news\/wp-content\/uploads\/2026\/03\/A7400054-scaled.jpg\"><img src=\"http:\/\/www.cssr.news\/wp-content\/uploads\/2026\/03\/A7400054-1024x683.jpg\" alt=\"\" data-id=\"40828\" data-full-url=\"http:\/\/www.cssr.news\/wp-content\/uploads\/2026\/03\/A7400054-scaled.jpg\" data-link=\"https:\/\/www.cssr.news\/?attachment_id=40828\" class=\"wp-image-40828\"\/><\/a><\/figure><\/li><li class=\"blocks-gallery-item\"><figure><a href=\"http:\/\/www.cssr.news\/wp-content\/uploads\/2026\/03\/A7400033-scaled.jpg\"><img src=\"http:\/\/www.cssr.news\/wp-content\/uploads\/2026\/03\/A7400033-1024x683.jpg\" alt=\"\" data-id=\"40827\" data-full-url=\"http:\/\/www.cssr.news\/wp-content\/uploads\/2026\/03\/A7400033-scaled.jpg\" data-link=\"https:\/\/www.cssr.news\/?attachment_id=40827\" class=\"wp-image-40827\"\/><\/a><\/figure><\/li><li class=\"blocks-gallery-item\"><figure><a href=\"http:\/\/www.cssr.news\/wp-content\/uploads\/2026\/03\/A7400010-scaled.jpg\"><img src=\"http:\/\/www.cssr.news\/wp-content\/uploads\/2026\/03\/A7400010-1024x683.jpg\" alt=\"\" data-id=\"40825\" data-full-url=\"http:\/\/www.cssr.news\/wp-content\/uploads\/2026\/03\/A7400010-scaled.jpg\" data-link=\"https:\/\/www.cssr.news\/?attachment_id=40825\" class=\"wp-image-40825\"\/><\/a><\/figure><\/li><\/ul><\/figure>\n\n\n\n<p>Padre Jos\u00e9 ha poi esplorato il contesto pi\u00f9 ampio in cui emerge questo tema. Ha indicato le crisi sociali ed ecclesiali che ci sfidano oggi, invitandoci a non perdere la speranza, ma a vedere queste realt\u00e0 come opportunit\u00e0 di rinnovamento. In questa ottica, ha messo in luce san Clemente come potente modello di coraggio evangelico e di fedelt\u00e0 creativa: una figura che ha risposto alle esigenze del suo tempo con audacia e fiducia nello Spirito.<\/p>\n\n\n\n<p>Proseguendo, ha presentato quattro modelli chiave di leadership particolarmente rilevanti per la nostra missione odierna. In primo luogo, la leadership discernente, che chiama i leader ad ascoltare attentamente \u2013 Dio, la comunit\u00e0 e i segni dei tempi \u2013 prima di prendere decisioni. In secondo luogo, la leadership visionaria, che ispira gli altri offrendo una direzione chiara e piena di speranza per il futuro, radicata nella fede e nella missione. In terzo luogo, la leadership generativa, che si concentra sul promuovere la vita, la crescita e la collaborazione all\u2019interno della comunit\u00e0, dando agli altri la possibilit\u00e0 di mettere a disposizione i propri doni. E infine, la&nbsp;<strong>leadership riconciliatrice<\/strong>, che cerca di sanare le divisioni, costruire l\u2019unit\u00e0 e promuovere la comunione, specialmente in tempi di tensione o conflitto.<\/p>\n\n\n\n<p>Attraverso queste riflessioni, P. Garc\u00eda Paredes ci ha guidato verso una comprensione pi\u00f9 profonda della nostra vocazione, della nostra vita comunitaria e della nostra missione condivisa. Le sue parole sono state allo stesso tempo stimolanti e incoraggianti, invitandoci ad aprirci pi\u00f9 pienamente all\u2019azione dello Spirito. Dopo la presentazione, la sessione \u00e8 proseguita con un momento di dialogo. Ai partecipanti \u00e8 stata data l\u2019opportunit\u00e0 di porre domande, chiedere chiarimenti e condividere le proprie riflessioni. Questo scambio ha arricchito l\u2019esperienza, consentendo di approfondire i temi presentati e di applicarli a situazioni di vita reale.<\/p>\n\n\n\n<p>Infine, il webinar si \u00e8 concluso con le osservazioni conclusive del Superiore Generale. Egli ha espresso la sua sincera gratitudine a tutti coloro che hanno partecipato e ha sottolineato l\u2019importanza di continuare insieme questo cammino di riflessione e di rinnovamento come Congregazione.<\/p>\n\n\n\n<p>Nel concludere questa riflessione, ci affidiamo al Signore, pregando affinch\u00e9 Egli ci guidi e ci rafforzi. Possiamo noi vivere veramente ci\u00f2 che abbiamo ricevuto in questo incontro, diventando leader visionari, rigenerativi e sinodali, veri partner dello Spirito nella nostra missione.<\/p>\n\n\n\n<p>Scala News \/ ST<\/p>\n","protected":false},"excerpt":{"rendered":"<p>P. Jos\u00e9 Cristo Rey Garc\u00eda Paredes guida la riflessione della Congregazione redentorista sullo stile di Ges\u00f9 come modello di governo Il 26 marzo alle ore 14:00, ora di Roma, l\u2019intera Congregazione \u00e8 stata invitata, attraverso la piattaforma Zoom, a riunirsi come un\u2019unica famiglia. Lo scopo era quello di condividere e riflettere sul nostro cammino missionario, [&hellip;]<\/p>\n","protected":false},"author":23,"featured_media":33004,"comment_status":"closed","ping_status":"closed","sticky":false,"template":"","format":"standard","meta":{"_mi_skip_tracking":false},"categories":[14],"tags":[],"_links":{"self":[{"href":"https:\/\/www.cssr.news\/italian\/wp-json\/wp\/v2\/posts\/33002"}],"collection":[{"href":"https:\/\/www.cssr.news\/italian\/wp-json\/wp\/v2\/posts"}],"about":[{"href":"https:\/\/www.cssr.news\/italian\/wp-json\/wp\/v2\/types\/post"}],"author":[{"embeddable":true,"href":"https:\/\/www.cssr.news\/italian\/wp-json\/wp\/v2\/users\/23"}],"replies":[{"embeddable":true,"href":"https:\/\/www.cssr.news\/italian\/wp-json\/wp\/v2\/comments?post=33002"}],"version-history":[{"count":2,"href":"https:\/\/www.cssr.news\/italian\/wp-json\/wp\/v2\/posts\/33002\/revisions"}],"predecessor-version":[{"id":33005,"href":"https:\/\/www.cssr.news\/italian\/wp-json\/wp\/v2\/posts\/33002\/revisions\/33005"}],"wp:featuredmedia":[{"embeddable":true,"href":"https:\/\/www.cssr.news\/italian\/wp-json\/wp\/v2\/media\/33004"}],"wp:attachment":[{"href":"https:\/\/www.cssr.news\/italian\/wp-json\/wp\/v2\/media?parent=33002"}],"wp:term":[{"taxonomy":"category","embeddable":true,"href":"https:\/\/www.cssr.news\/italian\/wp-json\/wp\/v2\/categories?post=33002"},{"taxonomy":"post_tag","embeddable":true,"href":"https:\/\/www.cssr.news\/italian\/wp-json\/wp\/v2\/tags?post=33002"}],"curies":[{"name":"wp","href":"https:\/\/api.w.org\/{rel}","templated":true}]}}