{"id":33020,"date":"2026-03-30T12:28:09","date_gmt":"2026-03-30T10:28:09","guid":{"rendered":"https:\/\/www.cssr.news\/italian\/?p=33020"},"modified":"2026-03-30T12:28:59","modified_gmt":"2026-03-30T10:28:59","slug":"argentina-la-via-crucis-estrema-un-viaggio-nellintimo-di-se","status":"publish","type":"post","link":"https:\/\/www.cssr.news\/italian\/2026\/03\/argentina-la-via-crucis-estrema-un-viaggio-nellintimo-di-se\/","title":{"rendered":"Argentina: la Via Crucis Estrema, un viaggio nel profondo di s\u00e9 stessi"},"content":{"rendered":"\n<p><strong>La localit\u00e0 di Villa \u00c1ngela, nella provincia del Chaco, \u00e8 stata teatro, lo scorso 27 marzo, della prima edizione argentina della Via Crucis Estrema (VCE): 77 partecipanti provenienti da Villa \u00c1ngela, Charata e Presidencia Roque S\u00e1enz Pe\u00f1a hanno percorso 43 chilometri notturni in silenzio, dalla parrocchia del Sacro Cuore di Ges\u00f9 fino al Santuario della Vergine della Laguna.<\/strong><\/p>\n\n\n\n<p><strong>Una pratica nata in Polonia<\/strong><\/p>\n\n\n\n<p>Il VCE \u00e8 un&#8217;iniziativa avviata in Polonia nel 2009 che consiste nel percorrere circa 40 chilometri di notte, in silenzio e raccoglimento, da soli o in piccoli gruppi. \u00c8 stata trasferita in Argentina da P. Marcin Zubik, missionario redentorista, che l&#8217;ha adattata alla realt\u00e0 locale. Pi\u00f9 che un percorso fisico, si tratta di un evento spirituale: un viaggio all&#8217;interno di s\u00e9 stessi.<\/p>\n\n\n\n<p><strong>Il percorso<\/strong><\/p>\n\n\n\n<p>I pellegrini sono partiti dalla chiesa parrocchiale in direzione del Santuario locale della Vergine della Laguna e hanno attraversato per la maggior parte strade rurali del Chaco in completo silenzio e solitudine. Lungo il percorso, il VCE combinava meditazione e sforzo fisico, invitando a vivere profondamente ogni tappa. I testi di riflessione, tratti dalla versione originale polacca, sono stati adattati per l\u2019occasione argentina.<\/p>\n\n\n\n<p>Un ruolo speciale \u00e8 toccato al gruppo dei \u00abGuerrieri di Maria\u00bb, che hanno accompagnato i pellegrini indicando le stazioni e offrendo loro acqua, sempre nel rispetto dello spirito di silenzio. Una delle partecipanti li ha ricordati con queste parole: \u00abCredo che fossero i volti del Cireneo, di Veronica e delle donne che Ges\u00f9 ha incontrato sul suo cammino, condividendo con Lui la Via Crucis\u00bb.<\/p>\n\n\n\n<p><strong>Il finale: la Messa nel Santuario<\/strong><\/p>\n\n\n\n<p>L\u2019ultima stazione si \u00e8 svolta nel Santuario della Vergine della Laguna, dove l\u2019esperienza si \u00e8 conclusa con la celebrazione della Santa Messa, alla quale si sono uniti anche i fedeli provenienti dalla parrocchia.<\/p>\n\n\n\n<figure class=\"wp-block-gallery columns-3 is-cropped\"><ul class=\"blocks-gallery-grid\"><li class=\"blocks-gallery-item\"><figure><a href=\"http:\/\/www.cssr.news\/spanish\/wp-content\/uploads\/sites\/3\/2026\/03\/sn260330-argentina-via-crucis12_scaled.jpg\"><img src=\"http:\/\/www.cssr.news\/spanish\/wp-content\/uploads\/sites\/3\/2026\/03\/sn260330-argentina-via-crucis12_scaled.jpg\" alt=\"\" data-id=\"30623\" data-link=\"https:\/\/www.cssr.news\/spanish\/?attachment_id=30623\" class=\"wp-image-30623\"\/><\/a><\/figure><\/li><li class=\"blocks-gallery-item\"><figure><a href=\"http:\/\/www.cssr.news\/spanish\/wp-content\/uploads\/sites\/3\/2026\/03\/sn260330-argentina-via-crucis6_scaled-768x1024.jpg\"><img src=\"http:\/\/www.cssr.news\/spanish\/wp-content\/uploads\/sites\/3\/2026\/03\/sn260330-argentina-via-crucis6_scaled-768x1024.jpg\" alt=\"\" data-id=\"30617\" data-link=\"https:\/\/www.cssr.news\/spanish\/?attachment_id=30617\" class=\"wp-image-30617\"\/><\/a><\/figure><\/li><li class=\"blocks-gallery-item\"><figure><a href=\"http:\/\/www.cssr.news\/spanish\/wp-content\/uploads\/sites\/3\/2026\/03\/sn260330-argentina-via-crucis8_scaled-768x1024.jpg\"><img src=\"http:\/\/www.cssr.news\/spanish\/wp-content\/uploads\/sites\/3\/2026\/03\/sn260330-argentina-via-crucis8_scaled-768x1024.jpg\" alt=\"\" data-id=\"30619\" data-link=\"https:\/\/www.cssr.news\/spanish\/?attachment_id=30619\" class=\"wp-image-30619\"\/><\/a><\/figure><\/li><li class=\"blocks-gallery-item\"><figure><a href=\"http:\/\/www.cssr.news\/spanish\/wp-content\/uploads\/sites\/3\/2026\/03\/sn260330-argentina-via-crucis5_scaled-768x1024.jpg\"><img src=\"http:\/\/www.cssr.news\/spanish\/wp-content\/uploads\/sites\/3\/2026\/03\/sn260330-argentina-via-crucis5_scaled-768x1024.jpg\" alt=\"\" data-id=\"30627\" data-link=\"https:\/\/www.cssr.news\/spanish\/?attachment_id=30627\" class=\"wp-image-30627\"\/><\/a><\/figure><\/li><li class=\"blocks-gallery-item\"><figure><a href=\"https:\/\/www.cssr.news\/spanish\/wp-content\/uploads\/sites\/3\/2026\/03\/sn260330-argentina-via-crucis4_scaled-2.jpg\"><img src=\"https:\/\/www.cssr.news\/spanish\/wp-content\/uploads\/sites\/3\/2026\/03\/sn260330-argentina-via-crucis4_scaled-2-1024x683.jpg\" alt=\"\" data-id=\"30633\" data-full-url=\"https:\/\/www.cssr.news\/spanish\/wp-content\/uploads\/sites\/3\/2026\/03\/sn260330-argentina-via-crucis4_scaled-2.jpg\" data-link=\"https:\/\/www.cssr.news\/spanish\/2026\/03\/argentina-el-via-crucis-extremo-un-viaje-al-interior-de-uno-mismo\/sn260330-argentina-via-crucis4_scaled-2-2\/\" class=\"wp-image-30633\"\/><\/a><\/figure><\/li><li class=\"blocks-gallery-item\"><figure><a href=\"https:\/\/www.cssr.news\/spanish\/wp-content\/uploads\/sites\/3\/2026\/03\/sn260330-argentina-via-crucis13_scaled-1-1024x768.jpg\"><img src=\"https:\/\/www.cssr.news\/spanish\/wp-content\/uploads\/sites\/3\/2026\/03\/sn260330-argentina-via-crucis13_scaled-1-1024x768.jpg\" alt=\"\" data-id=\"30629\" data-link=\"https:\/\/www.cssr.news\/spanish\/?attachment_id=30629\" class=\"wp-image-30629\"\/><\/a><\/figure><\/li><li class=\"blocks-gallery-item\"><figure><a href=\"http:\/\/www.cssr.news\/spanish\/wp-content\/uploads\/sites\/3\/2026\/03\/sn260330-argentina-via-crucis10_scaled-768x1024.jpg\"><img src=\"http:\/\/www.cssr.news\/spanish\/wp-content\/uploads\/sites\/3\/2026\/03\/sn260330-argentina-via-crucis10_scaled-768x1024.jpg\" alt=\"\" data-id=\"30621\" data-link=\"https:\/\/www.cssr.news\/spanish\/?attachment_id=30621\" class=\"wp-image-30621\"\/><\/a><\/figure><\/li><li class=\"blocks-gallery-item\"><figure><a href=\"http:\/\/www.cssr.news\/spanish\/wp-content\/uploads\/sites\/3\/2026\/03\/sn260330-argentina-via-crucis14_scaled.jpg\"><img src=\"http:\/\/www.cssr.news\/spanish\/wp-content\/uploads\/sites\/3\/2026\/03\/sn260330-argentina-via-crucis14_scaled.jpg\" alt=\"\" data-id=\"30625\" data-link=\"https:\/\/www.cssr.news\/spanish\/?attachment_id=30625\" class=\"wp-image-30625\"\/><\/a><\/figure><\/li><li class=\"blocks-gallery-item\"><figure><a href=\"http:\/\/www.cssr.news\/spanish\/wp-content\/uploads\/sites\/3\/2026\/03\/sn260330-argentina-via-crucis9_scaled-1024x683.jpg\"><img src=\"http:\/\/www.cssr.news\/spanish\/wp-content\/uploads\/sites\/3\/2026\/03\/sn260330-argentina-via-crucis9_scaled-1024x683.jpg\" alt=\"\" data-id=\"30620\" data-link=\"https:\/\/www.cssr.news\/spanish\/?attachment_id=30620\" class=\"wp-image-30620\"\/><\/a><\/figure><\/li><\/ul><\/figure>\n\n\n\n<p><strong>Trasformazione interiore<\/strong><\/p>\n\n\n\n<p>Molti partecipanti hanno condiviso testimonianze di profonda trasformazione spirituale: hanno sentito che il VCE li ha aiutati a liberarsi, ad avere fiducia e ad abbandonare la mediocrit\u00e0, e che i materiali di riflessione sembravano scritti appositamente per ciascuno di loro. Altri hanno sottolineato la bellezza di contemplare Dio nell\u2019oscurit\u00e0 della notte del Chaco, illuminata dalla luna e dalle stelle, al ritmo del canto dei grilli, delle cicale e degli uccelli tero.<\/p>\n\n\n\n<p><strong>Un&#8217;esperienza che guarda al continente<\/strong><\/p>\n\n\n\n<p>La prima edizione del VCE in Argentina si chiude con la speranza che questa esperienza continui nei prossimi anni e si estenda a tutto il continente sudamericano.<\/p>\n\n\n\n<p>Luz Maria Avila<\/p>\n","protected":false},"excerpt":{"rendered":"<p>La localit\u00e0 di Villa \u00c1ngela, nella provincia del Chaco, \u00e8 stata teatro, lo scorso 27 marzo, della prima edizione argentina della Via Crucis Estrema (VCE): 77 partecipanti provenienti da Villa \u00c1ngela, Charata e Presidencia Roque S\u00e1enz Pe\u00f1a hanno percorso 43 chilometri notturni in silenzio, dalla parrocchia del Sacro Cuore di Ges\u00f9 fino al Santuario della [&hellip;]<\/p>\n","protected":false},"author":23,"featured_media":33021,"comment_status":"closed","ping_status":"closed","sticky":false,"template":"","format":"standard","meta":{"_mi_skip_tracking":false},"categories":[32],"tags":[],"_links":{"self":[{"href":"https:\/\/www.cssr.news\/italian\/wp-json\/wp\/v2\/posts\/33020"}],"collection":[{"href":"https:\/\/www.cssr.news\/italian\/wp-json\/wp\/v2\/posts"}],"about":[{"href":"https:\/\/www.cssr.news\/italian\/wp-json\/wp\/v2\/types\/post"}],"author":[{"embeddable":true,"href":"https:\/\/www.cssr.news\/italian\/wp-json\/wp\/v2\/users\/23"}],"replies":[{"embeddable":true,"href":"https:\/\/www.cssr.news\/italian\/wp-json\/wp\/v2\/comments?post=33020"}],"version-history":[{"count":3,"href":"https:\/\/www.cssr.news\/italian\/wp-json\/wp\/v2\/posts\/33020\/revisions"}],"predecessor-version":[{"id":33025,"href":"https:\/\/www.cssr.news\/italian\/wp-json\/wp\/v2\/posts\/33020\/revisions\/33025"}],"wp:featuredmedia":[{"embeddable":true,"href":"https:\/\/www.cssr.news\/italian\/wp-json\/wp\/v2\/media\/33021"}],"wp:attachment":[{"href":"https:\/\/www.cssr.news\/italian\/wp-json\/wp\/v2\/media?parent=33020"}],"wp:term":[{"taxonomy":"category","embeddable":true,"href":"https:\/\/www.cssr.news\/italian\/wp-json\/wp\/v2\/categories?post=33020"},{"taxonomy":"post_tag","embeddable":true,"href":"https:\/\/www.cssr.news\/italian\/wp-json\/wp\/v2\/tags?post=33020"}],"curies":[{"name":"wp","href":"https:\/\/api.w.org\/{rel}","templated":true}]}}