{"id":33050,"date":"2026-04-02T10:14:48","date_gmt":"2026-04-02T08:14:48","guid":{"rendered":"https:\/\/www.cssr.news\/italian\/?p=33050"},"modified":"2026-04-03T10:16:03","modified_gmt":"2026-04-03T08:16:03","slug":"nigeria-i-redentoristi-convocano-lassemblea-dei-collaboratori-laici-del-2026","status":"publish","type":"post","link":"https:\/\/www.cssr.news\/italian\/2026\/04\/nigeria-i-redentoristi-convocano-lassemblea-dei-collaboratori-laici-del-2026\/","title":{"rendered":"Nigeria: i Redentoristi convocano l\u2019Assemblea dei Collaboratori Laici del 2026"},"content":{"rendered":"\n<p><strong>Dal 12 al 15 marzo 2026, i Collaboratori Laici Redentoristi della Viceprovincia della Nigeria si sono riuniti presso il Centro di Spiritualit\u00e0 Redentorista &#8220;Liguori House&#8221; di Ibadan per la loro Assemblea annuale.\u00a0<\/strong><\/p>\n\n\n\n<p>L\u2019Assemblea, tenutasi sul tema&nbsp;<em>\u201cPresenza missionaria in un mondo che cambia\u201d,<\/em>&nbsp;\u00e8 stata ispirata dalla designazione del 2026 come Anno della Leadership da parte del Governo Generale e dalla riconfigurazione in corso verso la zona dell\u2019Africa occidentale. Questi elementi hanno fornito sia l\u2019orientamento teologico che la traiettoria strutturale dell\u2019incontro.<\/p>\n\n\n\n<p>I partecipanti, provenienti dai Missionari Laici del Santissimo Redentore (LMMHR), dagli Oblati Redentoristi, dalla Confraternita della Madre del Perpetuo Soccorso (COMPH), dalla Lega di San Gerardo Majella (LSG), dal Pastorale Giovanile Vocazionale Redentorista (PGVR), Amici dei Redentoristi (FOREDS), Rete dei Partner Redentoristi (RPN), Rete degli Ex Redentoristi (RAN) e altri collaboratori, si sono riuniti come pellegrini di speranza per rinnovare il loro impegno missionario di fronte alle realt\u00e0 della secolarizzazione, della frammentazione digitale e del relativismo morale, in particolare per quanto riguarda le famiglie e i giovani.<\/p>\n\n\n\n<figure class=\"wp-block-gallery columns-3 is-cropped\"><ul class=\"blocks-gallery-grid\"><li class=\"blocks-gallery-item\"><figure><a href=\"http:\/\/www.cssr.news\/wp-content\/uploads\/2026\/04\/Lay.jpeg\"><img src=\"http:\/\/www.cssr.news\/wp-content\/uploads\/2026\/04\/Lay-1024x682.jpeg\" alt=\"\" data-id=\"40904\" data-full-url=\"http:\/\/www.cssr.news\/wp-content\/uploads\/2026\/04\/Lay.jpeg\" data-link=\"https:\/\/www.cssr.news\/?attachment_id=40904\" class=\"wp-image-40904\"\/><\/a><\/figure><\/li><li class=\"blocks-gallery-item\"><figure><a href=\"http:\/\/www.cssr.news\/wp-content\/uploads\/2026\/04\/Lay-Collaborators-Assembly.jpeg\"><img src=\"http:\/\/www.cssr.news\/wp-content\/uploads\/2026\/04\/Lay-Collaborators-Assembly-1024x597.jpeg\" alt=\"\" data-id=\"40901\" data-full-url=\"http:\/\/www.cssr.news\/wp-content\/uploads\/2026\/04\/Lay-Collaborators-Assembly.jpeg\" data-link=\"https:\/\/www.cssr.news\/?attachment_id=40901\" class=\"wp-image-40901\"\/><\/a><\/figure><\/li><li class=\"blocks-gallery-item\"><figure><a href=\"http:\/\/www.cssr.news\/wp-content\/uploads\/2026\/04\/jls.jpeg\"><img src=\"http:\/\/www.cssr.news\/wp-content\/uploads\/2026\/04\/jls.jpeg\" alt=\"\" data-id=\"40898\" data-full-url=\"http:\/\/www.cssr.news\/wp-content\/uploads\/2026\/04\/jls.jpeg\" data-link=\"https:\/\/www.cssr.news\/?attachment_id=40898\" class=\"wp-image-40898\"\/><\/a><\/figure><\/li><li class=\"blocks-gallery-item\"><figure><a href=\"http:\/\/www.cssr.news\/wp-content\/uploads\/2026\/04\/ples.jpeg\"><img src=\"http:\/\/www.cssr.news\/wp-content\/uploads\/2026\/04\/ples.jpeg\" alt=\"\" data-id=\"40903\" data-full-url=\"http:\/\/www.cssr.news\/wp-content\/uploads\/2026\/04\/ples.jpeg\" data-link=\"https:\/\/www.cssr.news\/?attachment_id=40903\" class=\"wp-image-40903\"\/><\/a><\/figure><\/li><li class=\"blocks-gallery-item\"><figure><a href=\"http:\/\/www.cssr.news\/wp-content\/uploads\/2026\/04\/Lay-Colla.jpeg\"><img src=\"http:\/\/www.cssr.news\/wp-content\/uploads\/2026\/04\/Lay-Colla-1024x683.jpeg\" alt=\"\" data-id=\"40900\" data-full-url=\"http:\/\/www.cssr.news\/wp-content\/uploads\/2026\/04\/Lay-Colla.jpeg\" data-link=\"https:\/\/www.cssr.news\/?attachment_id=40900\" class=\"wp-image-40900\"\/><\/a><\/figure><\/li><\/ul><\/figure>\n\n\n\n<p><br>L\u2019Assemblea ha avuto inizio gioved\u00ec 12 marzo con l\u2019arrivo, la registrazione e l\u2019assegnazione degli alloggi, seguiti da una visita guidata alle Case del Redentore e Liguori. La celebrazione eucaristica di benvenuto \u00e8 stata presieduta da P. Kingsley Ebodaghe, C.Ss.R., Segretario della Viceprovincia, assistito da P. Temitope Benedict Adu, C.Ss.R. I delegati sono stati accolti formalmente e la giornata si \u00e8 conclusa con un fraterno&nbsp;<em>Gaudeamus<\/em>, che ha favorito l\u2019interazione e il legame comunitario.<\/p>\n\n\n\n<p>Venerd\u00ec 13 marzo \u00e8 iniziato con la preparazione fisica e spirituale, che ha incluso il ritiro, le confessioni e la devozione eucaristica. La Messa di apertura \u00e8 stata celebrata dal Superiore Viceprovinciale, P. Michael C. Emerue, C.Ss.R., che ha dichiarato ufficialmente aperta l\u2019Assemblea. Gli altri concelebranti erano P. Godwin Abbah, C.Ss.R., secondo consultore della Viceprovincia, e P. Kingsley Ebodaghe, C.Ss.R., cancelliere e segretario della Viceprovincia, P. Pius D. Oyeniyi, C.Ss.R., direttore del gruppo di visita dell\u2019icona, P. Vincent Ezezue, C.Ss.R., Cappellano Nazionale della Confraternita di Nostra Signora del Perpetuo Soccorso, P. Temitope Benedict Adu, C.Ss.R., Cappellano Nazionale della Pastorale Giovanile e Vocazionale Redentorista, e P. Peter Onyeno, C.Ss.R., Coordinatore Generale e Cappellano Nazionale della Lega di San Gerardo Majella, i quali hanno partecipato attivamente alle dimensioni liturgiche e pastorali dell\u2019Assemblea.<\/p>\n\n\n\n<p>La cerimonia di apertura ufficiale, coordinata dal sig. Reginald e dalla sig.ra Dooshima, ha visto il discorso di benvenuto della presidente della Commissione per la Missione Condivisa, Lady Judith Agu. Il suo intervento ha offerto un\u2019interpretazione profetica delle realt\u00e0 contemporanee, individuando il crescente rifiuto del cristianesimo, la rinascita di tendenze sincretistiche tra i giovani spesso mediate dai social media e la normalizzazione del relativismo morale. Ciononostante, ha articolato una teologia della speranza, esortando i partecipanti a proclamare nuovamente il Vangelo nello spirito di San Clemente Maria Hofbauer e a \u201cdistinguersi\u201d come autentici collaboratori laici nella missione redentorista condivisa.<\/p>\n\n\n\n<p>La revisione del Comunicato dell\u2019Assemblea del 2025 ha rivelato progressi significativi, in particolare nella pastorale giovanile, identificata come centrale nella missione redentorista verso i \u201cpi\u00f9 abbandonati\u201d. Tra i risultati raggiunti figurano la festa giovanile parrocchiale gestita dai Redentoristi, l\u2019ospitare l\u2019Assemblea PGVR COREAM in Nigeria, l\u2019istituzione di PGVR Abeokuta (con inaugurazione prevista per maggio 2026) e programmi di formazione sostenuti come ritiri, raccoglimenti, webinar aziendali e catechesi digitale sulla Santa Messa, che hanno coinvolto oltre 100 giovani. Il consolidamento istituzionale \u00e8 stato evidente anche nel successo delle elezioni nazionali della Lega di San Gerardo Majella, nella formazione di una struttura nazionale ad interim per la FOREDS e nella nomina di un cappellano nazionale per la COMPH da parte della Conferenza Episcopale Cattolica della Nigeria. La formazione in tutti i gruppi \u00e8 stata approfondita ponendo l\u2019accento sui quattro pilastri della spiritualit\u00e0 redentorista: la devozione alla Passione di Cristo, la centralit\u00e0 eucaristica, la devozione mariana e l\u2019abbandono alla volont\u00e0 divina.<\/p>\n\n\n\n<figure class=\"wp-block-gallery columns-3 is-cropped\"><ul class=\"blocks-gallery-grid\"><li class=\"blocks-gallery-item\"><figure><a href=\"http:\/\/www.cssr.news\/wp-content\/uploads\/2026\/04\/Assembly.jpeg\"><img src=\"http:\/\/www.cssr.news\/wp-content\/uploads\/2026\/04\/Assembly.jpeg\" alt=\"\" data-id=\"40905\" data-link=\"https:\/\/www.cssr.news\/?attachment_id=40905\" class=\"wp-image-40905\"\/><\/a><\/figure><\/li><li class=\"blocks-gallery-item\"><figure><a href=\"http:\/\/www.cssr.news\/wp-content\/uploads\/2026\/04\/okei.jpeg\"><img src=\"http:\/\/www.cssr.news\/wp-content\/uploads\/2026\/04\/okei.jpeg\" alt=\"\" data-id=\"40902\" data-link=\"https:\/\/www.cssr.news\/?attachment_id=40902\" class=\"wp-image-40902\"\/><\/a><\/figure><\/li><li class=\"blocks-gallery-item\"><figure><a href=\"http:\/\/www.cssr.news\/wp-content\/uploads\/2026\/04\/keid.jpeg\"><img src=\"http:\/\/www.cssr.news\/wp-content\/uploads\/2026\/04\/keid.jpeg\" alt=\"\" data-id=\"40899\" data-link=\"https:\/\/www.cssr.news\/?attachment_id=40899\" class=\"wp-image-40899\"\/><\/a><\/figure><\/li><li class=\"blocks-gallery-item\"><figure><a href=\"http:\/\/www.cssr.news\/wp-content\/uploads\/2026\/04\/Cola_1.jpeg\"><img src=\"http:\/\/www.cssr.news\/wp-content\/uploads\/2026\/04\/Cola_1.jpeg\" alt=\"\" data-id=\"40896\" data-link=\"https:\/\/www.cssr.news\/?attachment_id=40896\" class=\"wp-image-40896\"\/><\/a><\/figure><\/li><li class=\"blocks-gallery-item\"><figure><a href=\"https:\/\/www.cssr.news\/wp-content\/uploads\/2026\/04\/combined.jpg\"><img src=\"https:\/\/www.cssr.news\/wp-content\/uploads\/2026\/04\/combined.jpg\" alt=\"\" data-id=\"40907\" data-full-url=\"https:\/\/www.cssr.news\/wp-content\/uploads\/2026\/04\/combined.jpg\" data-link=\"https:\/\/www.cssr.news\/?attachment_id=40907\" class=\"wp-image-40907\"\/><\/a><\/figure><\/li><\/ul><\/figure>\n\n\n\n<p>L\u2019Assemblea ha affrontato le sfide contemporanee attraverso il primo importante intervento presentato da P. Godfrey Udeh, C.Ss.R., intitolato&nbsp;<em>\u201cLa depressione nell\u2019era digitale: l\u2019impatto dei social media sulla salute mentale\u201d<\/em>. Egli ha analizzato l\u2019era digitale nel contesto dell\u2019evoluzione tecnologica ed ha esaminato la depressione come una delle principali preoccupazioni sanitarie a livello globale. Particolare attenzione \u00e8 stata dedicata alla \u201cdepressione digitale\u201d, causata da fattori quali disturbi del sonno, cyberbullismo, confronti tossici, dipendenza, paura di perdersi qualcosa (FOMO), diminuzione della capacit\u00e0 di attenzione e cultura della validazione. Le conseguenze, che vanno dall\u2019ansia e dalla ridotta produttivit\u00e0 alle relazioni superficiali e alla vulnerabilit\u00e0 all\u2019autolesionismo, sono state inquadrate nell\u2019ambito della preoccupazione dei Redentoristi per i giovani in quanto \u201ci pi\u00f9 abbandonati\u201d.<\/p>\n\n\n\n<p>Il secondo intervento, presentato da P. Godwin Abbah, C.Ss.R., ha affrontato il tema&nbsp;<em>\u201cRistrutturazione della Congregazione Redentorista: ruolo dei collaboratori laici e futuro della missione.\u201d<\/em>&nbsp;Egli ha sottolineato che la nascente Provincia dell\u2019Africa occidentale richiede una collaborazione pi\u00f9 profonda, risorse condivise e un\u2019espansione dell\u2019opera missionaria. A ciascun gruppo laico sono state assegnate responsabilit\u00e0 apostoliche concrete in linea con il carisma redentorista. Un\u2019ulteriore sessione tenuta da P. Christopher Iwuore, C.Ss.R., e P. Pedro Nwachukwu, C.Ss.R., ha approfondito la comprensione dei quattro pilastri della spiritualit\u00e0 redentorista e la loro applicazione pratica. La giornata si \u00e8 conclusa con la Via Crucis, le confessioni e la condivisione comunitaria.<\/p>\n\n\n\n<p>Sabato 14 marzo si \u00e8 concentrato sull\u2019identit\u00e0 spirituale e la formazione alla leadership. La presentazione di Lady Judith Agu,&nbsp;<em>\u201cUn Redentorista modello: emulare San Gerardo Majella,\u201d<\/em>&nbsp;ha messo in luce la perenne attualit\u00e0 dei Quindici Comandamenti di un vero Redentorista, presentandoli come un antidoto alla superficialit\u00e0 contemporanea. Le testimonianze di fede hanno ulteriormente arricchito la sessione.<\/p>\n\n\n\n<p>A ci\u00f2 ha fatto seguito la presentazione e l\u2019adozione delle relazioni sulle attivit\u00e0 del 2025 da parte di tutti i gruppi laici. Il documento conclusivo della giornata \u00e8 stato presentato dal Superiore Viceprovinciale, P. Michael C. Emerue, C.Ss.R., su&nbsp;<em>\u201cAnno della leadership: presenza missionaria in un mondo che cambia\u201d,<\/em>&nbsp;in cui ha esaminato le sfide contemporanee quali il relativismo, la confusione morale e l\u2019erosione dei valori sacri, la preferenza per le celebrit\u00e0 rispetto a Dio; la superficialit\u00e0 rispetto alla profondit\u00e0 sia nella vita spirituale che in quella accademica. Di fronte a tutto ci\u00f2, ha poi invocato una leadership radicata in Cristo, nel servizio, nel sacrificio e nell\u2019integrit\u00e0.<\/p>\n\n\n\n<p>Le sessioni di approfondimento hanno permesso ai partecipanti di identificare le sfide alla vita cristiana e alla leadership, tra cui il secolarismo, la disinformazione, il fazionalismo e una formazione inadeguata. Le soluzioni corrispondenti hanno posto l\u2019accento sulla catechesi, l\u2019evangelizzazione digitale, la leadership di servizio, la trasparenza, l\u2019unit\u00e0 e il rinnovamento morale. Successivamente sono stati definiti punti d\u2019azione per ciascun gruppo, incentrati sull\u2019espansione missionaria, la formazione, la spiritualit\u00e0 familiare, l\u2019impegno sociale e l\u2019impegno digitale.<\/p>\n\n\n\n<p>Il Comunicato, presentato dal comitato di redazione, ha sintetizzato le risoluzioni dell\u2019Assemblea, mentre sono stati espressi ringraziamenti al Superiore Vice-Provinciale, ai membri del Consiglio, ai sacerdoti e ai cappellani presenti, ai coordinatori e a tutti i collaboratori.<\/p>\n\n\n\n<p>L\u2019Assemblea ha incluso anche importanti impegni fraterni e apostolici: una visita al convento delle Suore Domenicane, una visita alla Casa del Redentore e visite di devozione alle grotte di San Gerardo e della Madonna. La Messa della festa di San Clemente Hofbauer, celebrata in abiti tradizionali, ha messo in risalto l\u2019unit\u00e0 e la diversit\u00e0 dell\u2019Assemblea ed \u00e8 stata seguita da una celebrazione festosa. L\u2019Assemblea si \u00e8 conclusa domenica 15 marzo con la Messa di chiusura, seguita dalla partenza e da una visita di sensibilizzazione alla Fondazione Obi Jackson, dove i delegati si sono impegnati in opere di carit\u00e0 verso i malati e le persone con disabilit\u00e0.<\/p>\n\n\n\n<p>In sintesi, l\u2019Assemblea del 2026 ha costituito un autentico&nbsp;<em>kairos<\/em>&nbsp;di rinnovamento. I partecipanti sono tornati ai loro apostolati rafforzati dall\u2019eredit\u00e0 spirituale di San Gerardo Majella e San Clemente Hofbauer, guidati dalla visione di leadership della Viceprovincia e preparati ad affrontare le sfide contemporanee. In un mondo in rapida evoluzione, i collaboratori laici redentoristi in Nigeria si sono nuovamente impegnati non solo alla presenza, ma a una testimonianza missionaria distintiva come icone viventi del Santissimo Redentore, proclamando la&nbsp;<em>copiosa redemptio<\/em>&nbsp;con fedelt\u00e0, umilt\u00e0 e coraggio evangelico.<\/p>\n\n\n\n<p>P. Peter Chijioke Onyeno, CSsR.<br><em>Direttore dei Media e delle Comunicazioni,<\/em><br><em>Viceprovincia Redentorista della Nigeria<\/em><\/p>\n\n\n\n<p><\/p>\n","protected":false},"excerpt":{"rendered":"<p>Dal 12 al 15 marzo 2026, i Collaboratori Laici Redentoristi della Viceprovincia della Nigeria si sono riuniti presso il Centro di Spiritualit\u00e0 Redentorista &#8220;Liguori House&#8221; di Ibadan per la loro Assemblea annuale.\u00a0 L\u2019Assemblea, tenutasi sul tema&nbsp;\u201cPresenza missionaria in un mondo che cambia\u201d,&nbsp;\u00e8 stata ispirata dalla designazione del 2026 come Anno della Leadership da parte del [&hellip;]<\/p>\n","protected":false},"author":23,"featured_media":33052,"comment_status":"closed","ping_status":"closed","sticky":false,"template":"","format":"standard","meta":{"_mi_skip_tracking":false},"categories":[34],"tags":[],"_links":{"self":[{"href":"https:\/\/www.cssr.news\/italian\/wp-json\/wp\/v2\/posts\/33050"}],"collection":[{"href":"https:\/\/www.cssr.news\/italian\/wp-json\/wp\/v2\/posts"}],"about":[{"href":"https:\/\/www.cssr.news\/italian\/wp-json\/wp\/v2\/types\/post"}],"author":[{"embeddable":true,"href":"https:\/\/www.cssr.news\/italian\/wp-json\/wp\/v2\/users\/23"}],"replies":[{"embeddable":true,"href":"https:\/\/www.cssr.news\/italian\/wp-json\/wp\/v2\/comments?post=33050"}],"version-history":[{"count":2,"href":"https:\/\/www.cssr.news\/italian\/wp-json\/wp\/v2\/posts\/33050\/revisions"}],"predecessor-version":[{"id":33074,"href":"https:\/\/www.cssr.news\/italian\/wp-json\/wp\/v2\/posts\/33050\/revisions\/33074"}],"wp:featuredmedia":[{"embeddable":true,"href":"https:\/\/www.cssr.news\/italian\/wp-json\/wp\/v2\/media\/33052"}],"wp:attachment":[{"href":"https:\/\/www.cssr.news\/italian\/wp-json\/wp\/v2\/media?parent=33050"}],"wp:term":[{"taxonomy":"category","embeddable":true,"href":"https:\/\/www.cssr.news\/italian\/wp-json\/wp\/v2\/categories?post=33050"},{"taxonomy":"post_tag","embeddable":true,"href":"https:\/\/www.cssr.news\/italian\/wp-json\/wp\/v2\/tags?post=33050"}],"curies":[{"name":"wp","href":"https:\/\/api.w.org\/{rel}","templated":true}]}}