{"id":33068,"date":"2026-04-03T10:00:17","date_gmt":"2026-04-03T08:00:17","guid":{"rendered":"https:\/\/www.cssr.news\/italian\/?p=33068"},"modified":"2026-04-06T20:14:46","modified_gmt":"2026-04-06T18:14:46","slug":"la-vice-provincia-redentorista-della-nigeria-tiene-il-workshop-esteso-di-leadership-2026","status":"publish","type":"post","link":"https:\/\/www.cssr.news\/italian\/2026\/04\/la-vice-provincia-redentorista-della-nigeria-tiene-il-workshop-esteso-di-leadership-2026\/","title":{"rendered":"La Vice Provincia Redentorista della Nigeria tiene il Workshop Esteso di Leadership 2026"},"content":{"rendered":"\n<p>Il Workshop Esteso di Leadership della Vice Provincia 2026 si \u00e8 svolto dal 17 al 20 marzo come un incontro strategico e riflessivo. Tenutosi sotto il tema\u00a0<strong>&#8220;La Gestione Responsabile come Condizione Necessaria per la Leadership&#8221;<\/strong>, il workshop ha riunito Parroci, Superiori di Comunit\u00e0 e Responsabili dei principali apostolati, tra cui il Santuario Nazionale di San Gerardo Majella a Oba, il Santuario della Madonna del Perpetuo Soccorso a Ugwuogo-Nike (Enugu), il Team di Visitazione dell&#8217;Icona, il Team della Missione Popolare Redentorista e la Lega di San Gerardo Majella Nigeria. L&#8217;ampiezza della rappresentanza ha garantito un coinvolgimento completo della vita pastorale, missionaria e devozionale della Vice Provincia.<\/p>\n\n\n\n<p>Il workshop \u00e8 iniziato marted\u00ec con l&#8217;arrivo dei partecipanti, seguito dal pranzo e da una sessione serale di presentazioni e di fraterna condivisione. Questa fase inaugurale ha favorito la comunione tra i partecipanti e ha creato un clima propizio alla riflessione collaborativa.<\/p>\n\n\n\n<p>I lavori di mercoled\u00ec (Primo Giorno) sono iniziati con la celebrazione della Santa Eucaristia e la Liturgia delle Ore del mattino, collocando l&#8217;intero esercizio all&#8217;interno della vita spirituale e liturgica della Chiesa. La relazione introduttiva, tenuta dal Prof. Isaac Ukpokolo, ha aperto le sessioni formali e ha stabilito il quadro teologico e pastorale del workshop. Egli ha sottolineato come la gestione responsabile costituisca un elemento indispensabile di una leadership autentica, evidenziando che una leadership efficace \u00e8 fondamentalmente radicata nella responsabilit\u00e0, nella rendicontazione e nel servizio. Traendo esempio da Cristo, presentato come il perfetto amministratore in senso assoluto, il Prof. Ukpokolo Lo ha proposto come modello definitivo di leadership per la Vice Provincia. Ha pertanto invitato tutti i leader a imitare il modello di Cristo come servo-guida, caratterizzato dal dono di s\u00e9, dall&#8217;umilt\u00e0 e dalla fedelt\u00e0 incrollabile alla missione.<\/p>\n\n\n\n<p>La sessione successiva si \u00e8 concentrata sulla valutazione del Piano Apostolico del Quadriennio, offrendo l&#8217;opportunit\u00e0 di un esame critico delle priorit\u00e0 missionarie della Vice Provincia e della loro attuazione nei vari apostolati. Sono seguiti i rapporti dell&#8217;Ufficio Finanziario, che hanno affrontato non solo le questioni di gestione finanziaria, trasparenza e sostenibilit\u00e0, ma hanno anche presentato un resoconto dettagliato della situazione finanziaria della Vice Provincia, comprensivo del portafoglio d&#8217;investimento attuale e del relativo stato. \u00c8 stato inoltre presentato un rapporto sulle Opere Sociali, che ha messo in luce la preferenza della Chiesa per i poveri \u2014 in questo caso, le persone internamente sfollate (IDP) \u2014 come concretamente espressa nelle iniziative di prossimit\u00e0 della Vice Provincia.<\/p>\n\n\n\n<p>Nel pomeriggio, l&#8217;attenzione si \u00e8 spostata sulle espressioni pratiche della gestione responsabile nella leadership. Direttori, Superiori e Parroci hanno presentato le relazioni di rendicontazione delle rispettive unit\u00e0, offrendo spunti sulle pratiche amministrative, le sfide pastorali e la gestione delle risorse. Tali presentazioni hanno favorito una valutazione condivisa degli stili di leadership e hanno sottolineato la necessit\u00e0 di una maggiore responsabilit\u00e0 e di un&#8217;amministrazione orientata alla missione. A queste si sono affiancate presentazioni di gruppo su questioni legate al benessere dei confratelli, tra cui le disposizioni per gli esercizi spirituali, l&#8217;indennit\u00e0 per l&#8217;abbigliamento e i pacchetti per il lutto, evidenziando cos\u00ec le dimensioni umane e comunitarie della leadership all&#8217;interno della Vice Provincia.<\/p>\n\n\n\n<figure class=\"wp-block-gallery columns-3 is-cropped\"><ul class=\"blocks-gallery-grid\"><li class=\"blocks-gallery-item\"><figure><a href=\"http:\/\/www.cssr.news\/wp-content\/uploads\/2026\/04\/Extended-Leadership-Pics-1.jpeg\"><img src=\"http:\/\/www.cssr.news\/wp-content\/uploads\/2026\/04\/Extended-Leadership-Pics-1-1024x768.jpeg\" alt=\"\" data-id=\"40916\" data-full-url=\"http:\/\/www.cssr.news\/wp-content\/uploads\/2026\/04\/Extended-Leadership-Pics-1.jpeg\" data-link=\"https:\/\/www.cssr.news\/?attachment_id=40916\" class=\"wp-image-40916\"\/><\/a><\/figure><\/li><li class=\"blocks-gallery-item\"><figure><a href=\"http:\/\/www.cssr.news\/wp-content\/uploads\/2026\/04\/Ex-Lead.jpeg\"><img src=\"http:\/\/www.cssr.news\/wp-content\/uploads\/2026\/04\/Ex-Lead.jpeg\" alt=\"\" data-id=\"40915\" data-full-url=\"http:\/\/www.cssr.news\/wp-content\/uploads\/2026\/04\/Ex-Lead.jpeg\" data-link=\"https:\/\/www.cssr.news\/?attachment_id=40915\" class=\"wp-image-40915\"\/><\/a><\/figure><\/li><li class=\"blocks-gallery-item\"><figure><a href=\"http:\/\/www.cssr.news\/wp-content\/uploads\/2026\/04\/Leadership-Ex.jpeg\"><img src=\"http:\/\/www.cssr.news\/wp-content\/uploads\/2026\/04\/Leadership-Ex.jpeg\" alt=\"\" data-id=\"40912\" data-full-url=\"http:\/\/www.cssr.news\/wp-content\/uploads\/2026\/04\/Leadership-Ex.jpeg\" data-link=\"https:\/\/www.cssr.news\/?attachment_id=40912\" class=\"wp-image-40912\"\/><\/a><\/figure><\/li><li class=\"blocks-gallery-item\"><figure><a href=\"http:\/\/www.cssr.news\/wp-content\/uploads\/2026\/04\/Leadership.jpeg\"><img src=\"http:\/\/www.cssr.news\/wp-content\/uploads\/2026\/04\/Leadership.jpeg\" alt=\"\" data-id=\"40914\" data-full-url=\"http:\/\/www.cssr.news\/wp-content\/uploads\/2026\/04\/Leadership.jpeg\" data-link=\"https:\/\/www.cssr.news\/?attachment_id=40914\" class=\"wp-image-40914\"\/><\/a><\/figure><\/li><li class=\"blocks-gallery-item\"><figure><a href=\"http:\/\/www.cssr.news\/wp-content\/uploads\/2026\/04\/Leadership-Extended.jpeg\"><img src=\"http:\/\/www.cssr.news\/wp-content\/uploads\/2026\/04\/Leadership-Extended.jpeg\" alt=\"\" data-id=\"40913\" data-full-url=\"http:\/\/www.cssr.news\/wp-content\/uploads\/2026\/04\/Leadership-Extended.jpeg\" data-link=\"https:\/\/www.cssr.news\/?attachment_id=40913\" class=\"wp-image-40913\"\/><\/a><\/figure><\/li><li class=\"blocks-gallery-item\"><figure><a href=\"http:\/\/www.cssr.news\/wp-content\/uploads\/2026\/04\/Extended.jpeg\"><img src=\"http:\/\/www.cssr.news\/wp-content\/uploads\/2026\/04\/Extended.jpeg\" alt=\"\" data-id=\"40910\" data-full-url=\"http:\/\/www.cssr.news\/wp-content\/uploads\/2026\/04\/Extended.jpeg\" data-link=\"https:\/\/www.cssr.news\/?attachment_id=40910\" class=\"wp-image-40910\"\/><\/a><\/figure><\/li><\/ul><\/figure>\n\n\n\n<p>Gioved\u00ec (Secondo Giorno) \u00e8 iniziato con la celebrazione del Sacrificio Eucaristico e la Liturgia delle Ore del mattino, seguiti da sessioni volte a rafforzare il coordinamento strutturale e la chiarezza delle politiche. La presentazione del Calendario della Zona Occidentale ha favorito la sincronizzazione delle attivit\u00e0 apostoliche, mentre la verifica degli apostolati comunitari e della Vice Provincia nel suo insieme ha fornito un quadro di riferimento per la responsabilit\u00e0 istituzionale e la valutazione delle prestazioni.<\/p>\n\n\n\n<p>Una sessione chiave sulle dinamiche della societ\u00e0 senza contante ha esaminato le nuove realt\u00e0 finanziarie e le loro implicazioni per l&#8217;amministrazione ecclesiale, in particolare riguardo alla trasparenza e all&#8217;efficienza dei confratelli nell&#8217;esercizio della loro responsabilit\u00e0 gestionale. \u00c8 seguita una discussione critica sul &#8220;ministero privato&#8221;, che ha chiarito il rapporto tra le iniziative apostoliche individuali e l&#8217;autorit\u00e0 della Vice Provincia, sottolineando la necessit\u00e0 di allineamento con il discernimento comunitario e le priorit\u00e0 missionarie.<\/p>\n\n\n\n<p>Le sessioni pomeridiane hanno affrontato questioni pastorali e strutturali urgenti, in particolare la sostenibilit\u00e0 delle comunit\u00e0 parrocchiali composte da soli due membri e la possibilit\u00e0 di chiusura laddove necessario. Tali deliberazioni, condotte attraverso sessioni in piccoli gruppi e discussioni plenarie, hanno riflettuto un approccio pragmatico e lungimirante alla missione nel contesto delle crescenti esigenze pastorali all&#8217;interno della Chiesa nigeriana.<\/p>\n\n\n\n<p>Il workshop ha incorporato anche elementi di creativit\u00e0 e coinvolgimento pastorale, tra cui riflessioni su iniziative rivolte ai giovani come feste dello sport e quiz che coinvolgono le associazioni parrocchiali (CWO, CMO, CYON, HMCA), rafforzando cos\u00ec l&#8217;importanza del ministero giovanile nell&#8217;ambito della pi\u00f9 ampia missione evangelizzatrice.<\/p>\n\n\n\n<p>Il workshop si \u00e8 concluso con la Preghiera della Sera e una celebrazione finale (Gaudeamus), segnando la fine di un intenso periodo di riflessione, valutazione e pianificazione strategica.<\/p>\n\n\n\n<p>In conclusione, il Workshop Esteso di Leadership della Vice Provincia 2026 ha rappresentato uno strumento fondamentale per approfondire la comprensione della leadership come servizio responsabile nel contesto redentorista. Riunendo Parroci, Superiori e Responsabili degli Apostolati, il workshop ha promosso una visione unitaria della missione, rafforzato le strutture di responsabilit\u00e0 e incoraggiato una leadership collaborativa. I confratelli sono ripartiti con un rinnovato impegno a esercitare le proprie responsabilit\u00e0 come fedeli amministratori del carisma, delle risorse e delle persone affidate alle loro cure, al servizio della missione evangelizzatrice della Chiesa, cos\u00ec come incarnata nel Piano Pastorale della Vice Provincia Redentorista della Nigeria.<\/p>\n\n\n\n<p><em>P. Peter Chijioke Onyeno, CSsR<\/em>&nbsp;<br><em>Direttore dei Media e della Comunicazione,<\/em>&nbsp;<br><em>Vice Provincia Redentorista della Nigeria.<\/em><\/p>\n","protected":false},"excerpt":{"rendered":"<p>Il Workshop Esteso di Leadership della Vice Provincia 2026 si \u00e8 svolto dal 17 al 20 marzo come un incontro strategico e riflessivo. Tenutosi sotto il tema\u00a0&#8220;La Gestione Responsabile come Condizione Necessaria per la Leadership&#8221;, il workshop ha riunito Parroci, Superiori di Comunit\u00e0 e Responsabili dei principali apostolati, tra cui il Santuario Nazionale di San [&hellip;]<\/p>\n","protected":false},"author":23,"featured_media":33069,"comment_status":"closed","ping_status":"closed","sticky":false,"template":"","format":"standard","meta":{"_mi_skip_tracking":false},"categories":[14],"tags":[],"_links":{"self":[{"href":"https:\/\/www.cssr.news\/italian\/wp-json\/wp\/v2\/posts\/33068"}],"collection":[{"href":"https:\/\/www.cssr.news\/italian\/wp-json\/wp\/v2\/posts"}],"about":[{"href":"https:\/\/www.cssr.news\/italian\/wp-json\/wp\/v2\/types\/post"}],"author":[{"embeddable":true,"href":"https:\/\/www.cssr.news\/italian\/wp-json\/wp\/v2\/users\/23"}],"replies":[{"embeddable":true,"href":"https:\/\/www.cssr.news\/italian\/wp-json\/wp\/v2\/comments?post=33068"}],"version-history":[{"count":2,"href":"https:\/\/www.cssr.news\/italian\/wp-json\/wp\/v2\/posts\/33068\/revisions"}],"predecessor-version":[{"id":33091,"href":"https:\/\/www.cssr.news\/italian\/wp-json\/wp\/v2\/posts\/33068\/revisions\/33091"}],"wp:featuredmedia":[{"embeddable":true,"href":"https:\/\/www.cssr.news\/italian\/wp-json\/wp\/v2\/media\/33069"}],"wp:attachment":[{"href":"https:\/\/www.cssr.news\/italian\/wp-json\/wp\/v2\/media?parent=33068"}],"wp:term":[{"taxonomy":"category","embeddable":true,"href":"https:\/\/www.cssr.news\/italian\/wp-json\/wp\/v2\/categories?post=33068"},{"taxonomy":"post_tag","embeddable":true,"href":"https:\/\/www.cssr.news\/italian\/wp-json\/wp\/v2\/tags?post=33068"}],"curies":[{"name":"wp","href":"https:\/\/api.w.org\/{rel}","templated":true}]}}