{"id":33079,"date":"2026-04-05T17:31:00","date_gmt":"2026-04-05T15:31:00","guid":{"rendered":"https:\/\/www.cssr.news\/italian\/?p=33079"},"modified":"2026-04-04T17:36:22","modified_gmt":"2026-04-04T15:36:22","slug":"300-anni-dalla-nascita-di-san-gerardo-celebrazioni-in-america-latina-e-in-spagna","status":"publish","type":"post","link":"https:\/\/www.cssr.news\/italian\/2026\/04\/300-anni-dalla-nascita-di-san-gerardo-celebrazioni-in-america-latina-e-in-spagna\/","title":{"rendered":"300 anni dalla nascita di San Gerardo, celebrazioni in America Latina e in Spagna"},"content":{"rendered":"\n<p><em>San Gerardo Maria Majella nacque il 6 aprile 1726<\/em><\/p>\n\n\n\n<p>Il 6 aprile 1726, a Muro Lucano, un piccolo paese nel sud Italia, nacque Gerardo Majella, figlio minore di un sarto. Nessuno avrebbe immaginato allora che quel bambino fragile e cagionevole di salute sarebbe diventato uno dei santi pi\u00f9 amati della tradizione cattolica, non solo in Italia. Entr\u00f2 nella Congregazione del Santissimo Redentore, fondata da San Alfonso Maria de&#8217; Liguori, e in appena dieci anni di vita religiosa \u2014 mor\u00ec a 29 anni, nel 1755 \u2014 lasci\u00f2 un&#8217;impronta indelebile per la sua radicalit\u00e0 evangelica, il suo amore per i poveri e i suoi straordinari carismi.<\/p>\n\n\n\n<p>Trecento anni dopo la sua nascita, la Congregazione Redentorista celebra questo giubileo con numerosi eventi in tutto il mondo, riunendo confratelli, religiosi, missionari laici e intere comunit\u00e0 sotto l\u2019esempio di questo santo del popolo. In Spagna e in tutta l\u2019America, le celebrazioni hanno una forza speciale: sono proprio i devoti, la gente semplice, le comunit\u00e0 povere e i giovani universitari a organizzare diverse attivit\u00e0 per onorare il santo redentorista.<\/p>\n\n\n\n<p><strong>In SPAGNA: Pazzo d\u2019amore per Te<\/strong><\/p>\n\n\n\n<p>La parrocchia di Madrid che porta il suo nome ha programmato un intero anno di attivit\u00e0, preghiere, incontri e celebrazioni per commemorare in grande stile quanto San Gerardo sia stato un religioso che ha lasciato un segno e continua a lasciarlo nel XXI secolo. Sono state molte le persone che hanno riposto in lui la loro fiducia e gli hanno affidato ci\u00f2 che portavano nel cuore. I redentoristi di Madrid hanno proposto il motto&nbsp;<em>\u201cPazzo d\u2019amore per Te\u201d<\/em>, per approfondire il suo esempio e la follia d\u2019amore che significa seguire il Signore. Le celebrazioni iniziano il Luned\u00ec di Pasqua, 6 aprile, con una messa di inaugurazione di questo anno giubilare.<\/p>\n\n\n\n<p><em>Parrocchia San Gerardo \u2014 C\/ Maqueda 45, Madrid<\/em><a href=\"https:\/\/parroquiasangerardo.org\/\">https:\/\/parroquiasangerardo.org\/<\/a><a href=\"https:\/\/www.facebook.com\/Parroquia-San-Gerardo-Mayela-181043375322817\/\">https:\/\/www.facebook.com\/Parroquia-San-Gerardo-Mayela-181043375322817\/<\/a><\/p>\n\n\n\n<p><strong>In ARGENTINA: un cuore che continua a battere<\/strong><\/p>\n\n\n\n<p>La Parrocchia San Gerardo a Tucum\u00e1n, appartenente alla Provincia Pedro Donders, ha proposto il cammino verso il Tricentenario della sua nascita \u2014 il 6 aprile 2026 \u2014 riflettendo sul significato della vita di San Gerardo: sebbene sia morto giovane, ha vissuto con intensit\u00e0 e dedizione i suoi 29 anni. Per questo, anche se sono passati 300 anni, sentiamo un cuore che continua a battere. San Gerardo non perdeva nessuna occasione per amare, aiutare, servire e, soprattutto, per essere unito a Dio. Che la sua vita sia fonte di ispirazione per cercare spazi di preghiera e per essere disponibili a tendere una mano ogni volta che qualcuno ne ha bisogno.<\/p>\n\n\n\n<p><a href=\"https:\/\/www.facebook.com\/profile.php?id=100064434532140\">https:\/\/www.facebook.com\/profile.php?id=100064434532140<\/a><\/p>\n\n\n\n<p><strong>In PARAGUAY: celebrare la vita come San Gerardo<\/strong><\/p>\n\n\n\n<p>La Parrocchia San Gerardo di Asunci\u00f3n celebra questo luned\u00ec 6 aprile i 300 anni dalla nascita di San Gerardo Majella. Dopo diversi incontri di preparazione per conoscere la vita del santo redentorista, la giornata inizier\u00e0 con la Santa Messa e proseguir\u00e0 con un Festival Folcloristico, con esibizioni artistiche di canto, danza e molto altro. Tutta la comunit\u00e0 si prepara a vivere insieme questo grande anniversario.<\/p>\n\n\n\n<p><a href=\"https:\/\/www.facebook.com\/sangerardoasuncion\">https:\/\/www.facebook.com\/sangerardoasuncion<\/a><\/p>\n\n\n\n<p><strong>In BRASILE: perseveranza di fronte alla chiamata di Dio<\/strong><\/p>\n\n\n\n<p>Molte delle comunit\u00e0 in cui operano i redentoristi in Brasile hanno proposto di ricordare alcuni aspetti caratteristici della figura del santo. Gerardo fu perseverante di fronte alla chiamata di Dio: non temette il rifiuto, la stanchezza n\u00e9 il distacco. Accett\u00f2 semplicemente la sua vocazione e segu\u00ec Ges\u00f9. Con questo spirito di fedelt\u00e0, la celebrazione dei 300 anni dalla sua nascita si trasforma in una festa di fede e di servizio. Per saperne di pi\u00f9 sulla vita del santo, il portale redentorista a12.com offre numerose&nbsp;<a href=\"https:\/\/www.a12.com\/redentoristas\/sao-geraldo-majella\">risorse<\/a>.<\/p>\n\n\n\n<p><a href=\"https:\/\/www.a12.com\/redentoristas\/vocacional\/noticias\/a-persistencia-ao-chamado-de-deus-em-sao-geraldo-majela\">https:\/\/www.a12.com\/redentoristas\/vocacional\/noticias\/a-persistencia-ao-chamado-de-deus-em-sao-geraldo-majela<\/a><\/p>\n\n\n\n<p><strong>Ad HAITI: costruire un futuro nella speranza<\/strong><\/p>\n\n\n\n<p>Celebrare San Gerardo significa assumersi un passato, ma anche \u2014 e soprattutto \u2014 costruire un presente e un futuro nella speranza. I Redentoristi sono ad Haiti i missionari della speranza in una realt\u00e0 molto difficile. Per i cristiani haitiani, San Gerardo \u00e8 l\u2019esempio di un uomo povero tra i poveri, che ha saputo servire e seguire Ges\u00f9. La celebrazione del giubileo dei 300 anni dalla sua nascita avr\u00e0 luogo nella Parrocchia Saint G\u00e9rard, a Carrefour-Feuilles, Port-au-Prince.<\/p>\n\n\n\n<p><a href=\"https:\/\/www.facebook.com\/psaintgerard\">https:\/\/www.facebook.com\/psaintgerard<\/a><\/p>\n\n\n\n<p>In questo cammino verso i 300 anni dalla sua nascita, chiediamo a San Gerardo un cuore con Dio presente e pieno d\u2019amore da donare.<\/p>\n\n\n\n<p><em>Maria, Madre del Perpetuo Soccorso, tu che sei nella comunione dei santi insieme a San Gerardo, prega per i missionari redentoristi affinch\u00e9 perseverino nella loro vocazione e missione, accompagna le loro famiglie e risveglia nel cuore dei giovani il desiderio di seguire Ges\u00f9 nella vita religiosa. Amen.<\/em><\/p>\n\n\n\n<p>Scala News<\/p>\n","protected":false},"excerpt":{"rendered":"<p>San Gerardo Maria Majella nacque il 6 aprile 1726 Il 6 aprile 1726, a Muro Lucano, un piccolo paese nel sud Italia, nacque Gerardo Majella, figlio minore di un sarto. Nessuno avrebbe immaginato allora che quel bambino fragile e cagionevole di salute sarebbe diventato uno dei santi pi\u00f9 amati della tradizione cattolica, non solo in [&hellip;]<\/p>\n","protected":false},"author":23,"featured_media":33080,"comment_status":"closed","ping_status":"closed","sticky":false,"template":"","format":"standard","meta":{"_mi_skip_tracking":false},"categories":[1],"tags":[],"_links":{"self":[{"href":"https:\/\/www.cssr.news\/italian\/wp-json\/wp\/v2\/posts\/33079"}],"collection":[{"href":"https:\/\/www.cssr.news\/italian\/wp-json\/wp\/v2\/posts"}],"about":[{"href":"https:\/\/www.cssr.news\/italian\/wp-json\/wp\/v2\/types\/post"}],"author":[{"embeddable":true,"href":"https:\/\/www.cssr.news\/italian\/wp-json\/wp\/v2\/users\/23"}],"replies":[{"embeddable":true,"href":"https:\/\/www.cssr.news\/italian\/wp-json\/wp\/v2\/comments?post=33079"}],"version-history":[{"count":1,"href":"https:\/\/www.cssr.news\/italian\/wp-json\/wp\/v2\/posts\/33079\/revisions"}],"predecessor-version":[{"id":33081,"href":"https:\/\/www.cssr.news\/italian\/wp-json\/wp\/v2\/posts\/33079\/revisions\/33081"}],"wp:featuredmedia":[{"embeddable":true,"href":"https:\/\/www.cssr.news\/italian\/wp-json\/wp\/v2\/media\/33080"}],"wp:attachment":[{"href":"https:\/\/www.cssr.news\/italian\/wp-json\/wp\/v2\/media?parent=33079"}],"wp:term":[{"taxonomy":"category","embeddable":true,"href":"https:\/\/www.cssr.news\/italian\/wp-json\/wp\/v2\/categories?post=33079"},{"taxonomy":"post_tag","embeddable":true,"href":"https:\/\/www.cssr.news\/italian\/wp-json\/wp\/v2\/tags?post=33079"}],"curies":[{"name":"wp","href":"https:\/\/api.w.org\/{rel}","templated":true}]}}