{"id":33092,"date":"2026-04-08T09:41:00","date_gmt":"2026-04-08T07:41:00","guid":{"rendered":"https:\/\/www.cssr.news\/italian\/?p=33092"},"modified":"2026-04-07T09:44:15","modified_gmt":"2026-04-07T07:44:15","slug":"quo-vadis-humanitas-sviluppo-umano-ed-ecologia-integrale","status":"publish","type":"post","link":"https:\/\/www.cssr.news\/italian\/2026\/04\/quo-vadis-humanitas-sviluppo-umano-ed-ecologia-integrale\/","title":{"rendered":"Quo vadis, humanitas? Sviluppo umano ed ecologia integrale"},"content":{"rendered":"\n<p><em>Un articolo del prof. M. Carbajo-N\u00fa\u00f1ez, pubblicato sul\u00a0<a href=\"https:\/\/www.alfonsiana.org\/ricerca\/blog\">blog<\/a>\u00a0dell\u2019Accademia Alfonsiana<\/em><\/p>\n\n\n\n<p>Il documento della Commissione Teologica Internazionale, intitolato&nbsp;<a href=\"https:\/\/www.vatican.va\/roman_curia\/congregations\/cfaith\/cti_documents\/rc_cti_doc_20260304_quo-vadis-humanits_it.html\">\u201c<em>Quo vadis, humanitas?<\/em>\u201d<\/a>&nbsp;[= QV], publicato il 4 marzo 2026, si interroga su come \u201cpensare l\u2019antropologia cristiana\u201d e il progresso in un\u2019epoca segnata dall\u2019Intelligenza Artificiale [=I A], dalla crisi ambientale e dall\u2019aumento delle disuguaglianze sociali. Questa riflessione \u00e8 importante, perch\u00e9 \u00absenza un\u2019adeguata antropologia\u00bb (<em>LS,<\/em>&nbsp;n. 118) non sono possibili n\u00e9 lo sviluppo umano n\u00e9 l\u2019ecologia integrale.<\/p>\n\n\n\n<h4>Tre dimensioni dello sviluppo umano integrale&nbsp;<\/h4>\n\n\n\n<p>Il primo capitolo presenta lo sviluppo \u00abdi ogni uomo e di tutto l\u2019uomo\u00bb (<em>PP<\/em>, n. 14) come un processo sistemico, nel quale le dimensioni economiche, tecnologiche e culturali interagiscono con le dimensioni etiche e spirituali della vita umana. In altre parole, lo sviluppo integrale deve includere tre dimensioni fondamentali: materiale, socio-relazionale e spirituale (o espressiva&nbsp;<strong>[1]<\/strong>):<\/p>\n\n\n\n<p>A) La prima si riferisce all\u2019insieme della ricchezza materiale o d\u2019acquisto (\u201cben-avere\u201d), di solito misurata dal prodotto interno lordo (PIL).&nbsp;<br>B) La dimensione sociale riguarda il livello di integrazione, cooperazione e di solidariet\u00e0 tra i diversi gruppi sociali. La sola crescita macroeconomica serve a poco, se la qualit\u00e0 della vita diminuisce e le disuguaglianze aumentano.&nbsp;<br>C) La dimensione spirituale (o espressiva) si riferisce alla qualit\u00e0 della vita, talvolta espressa attraverso indicatori di benessere o di felicit\u00e0. I beni economici sono pienamente tali quando rendono possibile una vita buona e fraterna, cio\u00e8 la felicit\u00e0 pubblica.&nbsp;<\/p>\n\n\n\n<h4>La cultura della non-vocazione<\/h4>\n\n\n\n<p>Il secondo capitolo presenta la vita umana come vocazione. In contrasto con questa visione cristiana, l\u2019attuale \u201ccultura della non-vocazione\u201d interpreta la realizzazione personale in termini di auto-potenziamento individualistico (<em>human enhancement<\/em>). Il sogno di \u201cdiventare come d\u00e8i\u201d (cf.&nbsp;<em>Gen&nbsp;<\/em>3,4), sostenuto da alcune correnti del transumanesimo e del postumanesimo, contraddice l\u2019antropologia cristiana. Quest\u2019ultima intende il dono della \u201cdivinizzazione\u201d non come un\u2019autotrascendenza tecnica dell\u2019uomo, ma \u00abcome partecipazione alla vita divina nell\u2019umanit\u00e0 trasfigurata dei figli di Dio in Cristo\u00bb (QV, n. 24).&nbsp;<\/p>\n\n\n\n<h4>L\u2019identit\u00e0 personale: dono e compito<\/h4>\n\n\n\n<p>Il terzo capitolo presenta l\u2019identit\u00e0 personale como dono e compito. \u00abNessun essere umano pu\u00f2 essere felice se non sa chi \u00e8\u00bb (QV, n. 109), ma neppure pu\u00f2 \u00abritrovarsi pienamente se non attraverso un dono sincero di s\u00e9\u00bb (<em>GS<\/em>, n. 24). Nell\u2019incontro con l\u2019altro, infatti, scopre la propria identit\u00e0 e si forgia come persona. \u00abAttraverso il tu, diventa un io\u00bb (Martin Buber).&nbsp;<\/p>\n\n\n\n<h4>Conclusione: visione sistemica e coscienza imprenditiva<\/h4>\n\n\n\n<p>L\u2019accelerazione dello sviluppo tecnologico, guidato dall\u2019IA, invita ad adottare una visione sistemica, capace di cogliere la complessit\u00e0 della vita sociale. In questo contesto, l\u2019ecologia integrale non pu\u00f2 ridursi a un semplice approccio ambientale, ma deve ripensare il rapporto tra economia, tecnologia, societ\u00e0 e spiritualit\u00e0. Solo attraverso questa integrazione sar\u00e0 possibile promuovere uno sviluppo autenticamente umano, che non si limiti a potenziare le capacit\u00e0 tecniche dell\u2019uomo, ma favorisca la piena realizzazione della sua vocazione alla comunione, alla responsabilit\u00e0 e alla cura del creato. Ogni attivit\u00e0 economica ha un impatto su molteplici dimensioni della realt\u00e0: ambiente, lavoro, relazioni sociali, cultura. Per questo, bisogna promuovere una coscienza imprenditiva orientata al bene comune. L\u2019imprenditore non dovrebbe essere soltanto un attore economico che persegue il profitto, ma anche un protagonista della vita sociale. La sua vocazione lo spinge a contribuire allo sviluppo umano, integrando innovazione, responsabilit\u00e0 sociale e sostenibilit\u00e0 ecologica.<\/p>\n\n\n\n<p>_______________<br><strong>[1]<\/strong>&nbsp;Cf. Aristotele,&nbsp;<em>Etica Nicomachea,<\/em>&nbsp;Rizzoli, Milano 2012.<\/p>\n","protected":false},"excerpt":{"rendered":"<p>Un articolo del prof. M. Carbajo-N\u00fa\u00f1ez, pubblicato sul\u00a0blog\u00a0dell\u2019Accademia Alfonsiana Il documento della Commissione Teologica Internazionale, intitolato&nbsp;\u201cQuo vadis, humanitas?\u201d&nbsp;[= QV], publicato il 4 marzo 2026, si interroga su come \u201cpensare l\u2019antropologia cristiana\u201d e il progresso in un\u2019epoca segnata dall\u2019Intelligenza Artificiale [=I A], dalla crisi ambientale e dall\u2019aumento delle disuguaglianze sociali. Questa riflessione \u00e8 importante, perch\u00e9 \u00absenza [&hellip;]<\/p>\n","protected":false},"author":23,"featured_media":28852,"comment_status":"closed","ping_status":"closed","sticky":false,"template":"","format":"standard","meta":{"_mi_skip_tracking":false},"categories":[28],"tags":[],"_links":{"self":[{"href":"https:\/\/www.cssr.news\/italian\/wp-json\/wp\/v2\/posts\/33092"}],"collection":[{"href":"https:\/\/www.cssr.news\/italian\/wp-json\/wp\/v2\/posts"}],"about":[{"href":"https:\/\/www.cssr.news\/italian\/wp-json\/wp\/v2\/types\/post"}],"author":[{"embeddable":true,"href":"https:\/\/www.cssr.news\/italian\/wp-json\/wp\/v2\/users\/23"}],"replies":[{"embeddable":true,"href":"https:\/\/www.cssr.news\/italian\/wp-json\/wp\/v2\/comments?post=33092"}],"version-history":[{"count":2,"href":"https:\/\/www.cssr.news\/italian\/wp-json\/wp\/v2\/posts\/33092\/revisions"}],"predecessor-version":[{"id":33094,"href":"https:\/\/www.cssr.news\/italian\/wp-json\/wp\/v2\/posts\/33092\/revisions\/33094"}],"wp:featuredmedia":[{"embeddable":true,"href":"https:\/\/www.cssr.news\/italian\/wp-json\/wp\/v2\/media\/28852"}],"wp:attachment":[{"href":"https:\/\/www.cssr.news\/italian\/wp-json\/wp\/v2\/media?parent=33092"}],"wp:term":[{"taxonomy":"category","embeddable":true,"href":"https:\/\/www.cssr.news\/italian\/wp-json\/wp\/v2\/categories?post=33092"},{"taxonomy":"post_tag","embeddable":true,"href":"https:\/\/www.cssr.news\/italian\/wp-json\/wp\/v2\/tags?post=33092"}],"curies":[{"name":"wp","href":"https:\/\/api.w.org\/{rel}","templated":true}]}}