{"id":33100,"date":"2026-04-08T08:37:45","date_gmt":"2026-04-08T06:37:45","guid":{"rendered":"https:\/\/www.cssr.news\/italian\/?p=33100"},"modified":"2026-04-08T11:36:28","modified_gmt":"2026-04-08T09:36:28","slug":"polvere-e-stelle-santalfonso-maria-de-liguori-in-unintervista-oltre-il-tempo","status":"publish","type":"post","link":"https:\/\/www.cssr.news\/italian\/2026\/04\/polvere-e-stelle-santalfonso-maria-de-liguori-in-unintervista-oltre-il-tempo\/","title":{"rendered":"\u00abPolvere e stelle\u00bb: sant&#8217;Alfonso Maria de Liguori in un&#8217;intervista oltre il tempo"},"content":{"rendered":"\n<p>F. Sacco,&nbsp;<em>Polvere e stelle. Un\u2019intervista oltre il tempo<\/em>, Editrice Punto Famiglia, Angri (SA) 2026, pp. 158.<\/p>\n\n\n\n<p>Il volume di Filomena Sacco si inserisce nel solco della vasta produzione dedicata a sant\u2019Alfonso Maria de Liguori, ma si distingue nettamente per l\u2019originalit\u00e0 dell\u2019impostazione e per l\u2019intento divulgativo. L\u2019opera nasce in occasione del terzo centenario della sua ordinazione sacerdotale (21 dicembre 1726) e si presenta non come una biografia tradizionale n\u00e9 come un trattato teologico, bens\u00ec come una narrazione creativa, costruita attorno a un\u2019intervista immaginaria \u201coltre il tempo\u201d.<\/p>\n\n\n\n<p>L\u2019autrice, studiosa esperta del pensiero alfonsiano, immagina di compiere un viaggio nel Settecento e di dialogare direttamente con il santo, in vari luoghi simbolici della sua vita. Questa scelta narrativa consente di superare l\u2019immagine agiografica, rigida e distante, restituendo invece un profilo di Alfonso profondamente umano: ne viene fuori un uomo passionale, inquieto, segnato da dubbi, lotte interiori e da una costante ricerca di senso. La decisione di non enfatizzarne i titoli ecclesiastici rafforza questa prospettiva, favorendo un incontro pi\u00f9 immediato e autentico con la sua figura.<\/p>\n\n\n\n<p>Attraverso il dialogo prende forma una sorta di autobiografia spirituale. Vengono ripercorse le tappe principali della sua esistenza: la brillante carriera di avvocato napoletano, la crisi interiore che segna il distacco dal mondo forense, la scelta sacerdotale e infine la fondazione della Congregazione dei Redentoristi. Centrale \u00e8 l\u2019esperienza dell\u2019incontro con i poveri e gli emarginati, che determina una svolta decisiva nella sua vita e orienta la sua missione verso gli \u201cultimi\u201d, considerati il luogo privilegiato dell\u2019annuncio evangelico.<\/p>\n\n\n\n<p>La narrazione si sviluppa in modo dinamico, alternando passato e presente e intrecciando il vissuto del santo con quello dell\u2019intervistatrice, rappresentata come una figura inquieta, segnata da dubbi di fede e interrogativi esistenziali. Questo dialogo serrato rende il testo coinvolgente e consente di tradurre contenuti teologici complessi in un linguaggio accessibile e vivo.<\/p>\n\n\n\n<p>Ampio spazio \u00e8 riservato ai nuclei fondamentali del pensiero alfonsiano. In particolare, emerge una concezione della teologia morale come disciplina concreta e pastorale, lontana da un approccio legalistico: il peccato \u00e8 visto come una malattia da curare, i sacramenti come strumenti di guarigione, e la coscienza come luogo di libert\u00e0 e di incontro con Dio. Centrale \u00e8 il primato della misericordia, che orienta l\u2019azione pastorale e la visione dell\u2019uomo, considerato nella sua fragilit\u00e0 ma anche nella sua capacit\u00e0 di redenzione.<\/p>\n\n\n\n<p>Accanto a questi temi, l\u2019opera approfondisce gli elementi portanti della spiritualit\u00e0 alfonsiana: la preghiera come relazione viva con Dio, la centralit\u00e0 di Cristo nella sua Incarnazione, Passione ed Eucaristia, la devozione mariana e il valore della memoria grata.&nbsp;<\/p>\n\n\n\n<p>Viene inoltre messo in luce il metodo pastorale del santo, caratterizzato da semplicit\u00e0, immediatezza comunicativa e attenzione al popolo, espresso anche attraverso la predicazione popolare e l\u2019uso della musica come strumento di evangelizzazione.<\/p>\n\n\n\n<p>Il racconto \u00e8 arricchito da ritratti di figure significative \u2013 familiari, collaboratori e discepoli \u2013 e da riferimenti ai luoghi emblematici della vita di Alfonso, che contribuiscono a rendere vivida la ricostruzione narrativa. Ne emerge un quadro complesso e sfaccettato, in cui si intrecciano dimensione umana, spirituale e culturale.<\/p>\n\n\n\n<p>Nella parte conclusiva, il dialogo assume un valore universale: le parole del santo diventano risposta alle inquietudini dell\u2019uomo contemporaneo. Il messaggio che ne scaturisce \u00e8 quello di una fede intesa non come meta immediata, ma come cammino progressivo, fatto di cadute e riprese, sostenuto dalla speranza e dalla fiducia nella misericordia divina.<\/p>\n\n\n\n<p>Il testo si configura cos\u00ec come uno strumento efficace di formazione e divulgazione, capace di avvicinare soprattutto i giovani alla figura di Alfonso Maria de Liguori, presentato in una veste rinnovata, pi\u00f9 autentica e accessibile. L\u2019opera restituisce infatti l\u2019immagine di un santo \u201ca misura d\u2019uomo\u201d, ancora oggi in grado di parlare al cuore e di offrire orientamento in un contesto segnato da smarrimento e ricerca di senso.<\/p>\n\n\n\n<p>P. Vincenzo M. La Mendola C.Ss.R.<\/p>\n","protected":false},"excerpt":{"rendered":"<p>F. Sacco,&nbsp;Polvere e stelle. Un\u2019intervista oltre il tempo, Editrice Punto Famiglia, Angri (SA) 2026, pp. 158. Il volume di Filomena Sacco si inserisce nel solco della vasta produzione dedicata a sant\u2019Alfonso Maria de Liguori, ma si distingue nettamente per l\u2019originalit\u00e0 dell\u2019impostazione e per l\u2019intento divulgativo. L\u2019opera nasce in occasione del terzo centenario della sua ordinazione [&hellip;]<\/p>\n","protected":false},"author":23,"featured_media":33102,"comment_status":"closed","ping_status":"closed","sticky":false,"template":"","format":"standard","meta":{"_mi_skip_tracking":false},"categories":[32],"tags":[],"_links":{"self":[{"href":"https:\/\/www.cssr.news\/italian\/wp-json\/wp\/v2\/posts\/33100"}],"collection":[{"href":"https:\/\/www.cssr.news\/italian\/wp-json\/wp\/v2\/posts"}],"about":[{"href":"https:\/\/www.cssr.news\/italian\/wp-json\/wp\/v2\/types\/post"}],"author":[{"embeddable":true,"href":"https:\/\/www.cssr.news\/italian\/wp-json\/wp\/v2\/users\/23"}],"replies":[{"embeddable":true,"href":"https:\/\/www.cssr.news\/italian\/wp-json\/wp\/v2\/comments?post=33100"}],"version-history":[{"count":3,"href":"https:\/\/www.cssr.news\/italian\/wp-json\/wp\/v2\/posts\/33100\/revisions"}],"predecessor-version":[{"id":33118,"href":"https:\/\/www.cssr.news\/italian\/wp-json\/wp\/v2\/posts\/33100\/revisions\/33118"}],"wp:featuredmedia":[{"embeddable":true,"href":"https:\/\/www.cssr.news\/italian\/wp-json\/wp\/v2\/media\/33102"}],"wp:attachment":[{"href":"https:\/\/www.cssr.news\/italian\/wp-json\/wp\/v2\/media?parent=33100"}],"wp:term":[{"taxonomy":"category","embeddable":true,"href":"https:\/\/www.cssr.news\/italian\/wp-json\/wp\/v2\/categories?post=33100"},{"taxonomy":"post_tag","embeddable":true,"href":"https:\/\/www.cssr.news\/italian\/wp-json\/wp\/v2\/tags?post=33100"}],"curies":[{"name":"wp","href":"https:\/\/api.w.org\/{rel}","templated":true}]}}