{"id":33119,"date":"2026-04-08T18:37:40","date_gmt":"2026-04-08T16:37:40","guid":{"rendered":"https:\/\/www.cssr.news\/italian\/?p=33119"},"modified":"2026-04-09T10:43:14","modified_gmt":"2026-04-09T08:43:14","slug":"brasile-il-santuario-del-perpetuo-soccorso-di-curitiba-attira-folle-numerose-durante-le-celebrazioni-della-settimana-santa","status":"publish","type":"post","link":"https:\/\/www.cssr.news\/italian\/2026\/04\/brasile-il-santuario-del-perpetuo-soccorso-di-curitiba-attira-folle-numerose-durante-le-celebrazioni-della-settimana-santa\/","title":{"rendered":"Brasile: Il Santuario del Perpetuo Soccorso di Curitiba attira folle numerose durante le celebrazioni della Settimana Santa"},"content":{"rendered":"\n<p><em>I Redentoristi sottolineano le liturgie di evangelizzazione, la grande domanda di confessioni e le iniziative di solidariet\u00e0 nelle periferie.<\/em><\/p>\n\n\n\n<p>Il Santuario della Madonna del Perpetuo Soccorso, ad Alto da Gl\u00f3ria, a Curitiba (PR), \u00e8 stato un grande centro di evangelizzazione durante la Settimana Santa, riunendo migliaia di fedeli nel corso delle celebrazioni.<\/p>\n\n\n\n<p>Oltre alla significativa partecipazione alle messe e alle celebrazioni liturgiche, uno dei punti salienti \u00e8 stata l\u2019intensa richiesta del sacramento della confessione. Da mercoled\u00ec a venerd\u00ec, otto sacerdoti sono stati disponibili per le confessioni dalla mattina fino a sera. Nonostante il continuo impegno, non \u00e8 stato possibile accogliere tutti i penitenti, a testimonianza della grande ricerca di riconciliazione in questo tempo forte della Chiesa.<\/p>\n\n\n\n<p>Il Triduo Pasquale \u00e8 stato caratterizzato anche da una partecipazione record di fedeli, tanto che il Santuario del Perpetuo Soccorso \u00e8 sembrato piccolo di fronte alla grande presenza di persone che si sono riunite per celebrare i misteri centrali della fede cristiana.<\/p>\n\n\n\n<p>Per il redentorista Padre Joaquim Parron, il significativo aumento della partecipazione dei fedeli \u00e8 legato a una maturazione dell\u2019esperienza religiosa.<\/p>\n\n\n\n<p><strong>\u201cNotiamo una maggiore consapevolezza dei cattolici e anche il frutto di una pastorale fondamentalmente evangelizzatrice che il Santuario Perpetuo Socorro realizza in comunione con l\u2019Arcidiocesi di Curitiba. Poniamo l\u2019accento su un\u2019azione di evangelizzazione in linea con le priorit\u00e0 dell\u2019Arcidiocesi, con un\u2019impronta missionaria, di ispirazione catechumenale e in spirito di sinodalit\u00e0\u201d<\/strong>, afferma.<\/p>\n\n\n\n<figure class=\"wp-block-gallery columns-3 is-cropped\"><ul class=\"blocks-gallery-grid\"><li class=\"blocks-gallery-item\"><figure><a href=\"http:\/\/www.cssr.news\/italian\/wp-content\/uploads\/sites\/2\/2026\/04\/sn260408-Curitiba-settimana-santa7_scaled.jpg\"><img width=\"1024\" height=\"768\" src=\"http:\/\/www.cssr.news\/italian\/wp-content\/uploads\/sites\/2\/2026\/04\/sn260408-Curitiba-settimana-santa7_scaled-1024x768.jpg\" alt=\"\" data-id=\"33127\" data-full-url=\"http:\/\/www.cssr.news\/italian\/wp-content\/uploads\/sites\/2\/2026\/04\/sn260408-Curitiba-settimana-santa7_scaled.jpg\" data-link=\"https:\/\/www.cssr.news\/italian\/?attachment_id=33127\" class=\"wp-image-33127\" srcset=\"https:\/\/www.cssr.news\/italian\/wp-content\/uploads\/sites\/2\/2026\/04\/sn260408-Curitiba-settimana-santa7_scaled-1024x768.jpg 1024w, https:\/\/www.cssr.news\/italian\/wp-content\/uploads\/sites\/2\/2026\/04\/sn260408-Curitiba-settimana-santa7_scaled-300x225.jpg 300w, https:\/\/www.cssr.news\/italian\/wp-content\/uploads\/sites\/2\/2026\/04\/sn260408-Curitiba-settimana-santa7_scaled-768x576.jpg 768w, https:\/\/www.cssr.news\/italian\/wp-content\/uploads\/sites\/2\/2026\/04\/sn260408-Curitiba-settimana-santa7_scaled-1536x1152.jpg 1536w, https:\/\/www.cssr.news\/italian\/wp-content\/uploads\/sites\/2\/2026\/04\/sn260408-Curitiba-settimana-santa7_scaled-80x60.jpg 80w, https:\/\/www.cssr.news\/italian\/wp-content\/uploads\/sites\/2\/2026\/04\/sn260408-Curitiba-settimana-santa7_scaled-265x198.jpg 265w, https:\/\/www.cssr.news\/italian\/wp-content\/uploads\/sites\/2\/2026\/04\/sn260408-Curitiba-settimana-santa7_scaled-696x522.jpg 696w, https:\/\/www.cssr.news\/italian\/wp-content\/uploads\/sites\/2\/2026\/04\/sn260408-Curitiba-settimana-santa7_scaled-1068x801.jpg 1068w, https:\/\/www.cssr.news\/italian\/wp-content\/uploads\/sites\/2\/2026\/04\/sn260408-Curitiba-settimana-santa7_scaled-560x420.jpg 560w, https:\/\/www.cssr.news\/italian\/wp-content\/uploads\/sites\/2\/2026\/04\/sn260408-Curitiba-settimana-santa7_scaled.jpg 1600w\" sizes=\"(max-width: 1024px) 100vw, 1024px\" \/><\/a><\/figure><\/li><li class=\"blocks-gallery-item\"><figure><a href=\"http:\/\/www.cssr.news\/italian\/wp-content\/uploads\/sites\/2\/2026\/04\/sn260408-Curitiba-settimana-santa13_scaled.jpg\"><img width=\"768\" height=\"1024\" src=\"http:\/\/www.cssr.news\/italian\/wp-content\/uploads\/sites\/2\/2026\/04\/sn260408-Curitiba-settimana-santa13_scaled-768x1024.jpg\" alt=\"\" data-id=\"33133\" data-full-url=\"http:\/\/www.cssr.news\/italian\/wp-content\/uploads\/sites\/2\/2026\/04\/sn260408-Curitiba-settimana-santa13_scaled.jpg\" data-link=\"https:\/\/www.cssr.news\/italian\/?attachment_id=33133\" class=\"wp-image-33133\" srcset=\"https:\/\/www.cssr.news\/italian\/wp-content\/uploads\/sites\/2\/2026\/04\/sn260408-Curitiba-settimana-santa13_scaled-768x1024.jpg 768w, https:\/\/www.cssr.news\/italian\/wp-content\/uploads\/sites\/2\/2026\/04\/sn260408-Curitiba-settimana-santa13_scaled-225x300.jpg 225w, https:\/\/www.cssr.news\/italian\/wp-content\/uploads\/sites\/2\/2026\/04\/sn260408-Curitiba-settimana-santa13_scaled-1152x1536.jpg 1152w, https:\/\/www.cssr.news\/italian\/wp-content\/uploads\/sites\/2\/2026\/04\/sn260408-Curitiba-settimana-santa13_scaled-696x928.jpg 696w, https:\/\/www.cssr.news\/italian\/wp-content\/uploads\/sites\/2\/2026\/04\/sn260408-Curitiba-settimana-santa13_scaled-1068x1424.jpg 1068w, https:\/\/www.cssr.news\/italian\/wp-content\/uploads\/sites\/2\/2026\/04\/sn260408-Curitiba-settimana-santa13_scaled-315x420.jpg 315w, https:\/\/www.cssr.news\/italian\/wp-content\/uploads\/sites\/2\/2026\/04\/sn260408-Curitiba-settimana-santa13_scaled.jpg 1200w\" sizes=\"(max-width: 768px) 100vw, 768px\" \/><\/a><\/figure><\/li><li class=\"blocks-gallery-item\"><figure><a href=\"http:\/\/www.cssr.news\/italian\/wp-content\/uploads\/sites\/2\/2026\/04\/sn260408-Curitiba-settimana-santa9_scaled.jpg\"><img width=\"1024\" height=\"768\" src=\"http:\/\/www.cssr.news\/italian\/wp-content\/uploads\/sites\/2\/2026\/04\/sn260408-Curitiba-settimana-santa9_scaled-1024x768.jpg\" alt=\"\" data-id=\"33129\" data-full-url=\"http:\/\/www.cssr.news\/italian\/wp-content\/uploads\/sites\/2\/2026\/04\/sn260408-Curitiba-settimana-santa9_scaled.jpg\" data-link=\"https:\/\/www.cssr.news\/italian\/?attachment_id=33129\" class=\"wp-image-33129\" srcset=\"https:\/\/www.cssr.news\/italian\/wp-content\/uploads\/sites\/2\/2026\/04\/sn260408-Curitiba-settimana-santa9_scaled-1024x768.jpg 1024w, https:\/\/www.cssr.news\/italian\/wp-content\/uploads\/sites\/2\/2026\/04\/sn260408-Curitiba-settimana-santa9_scaled-300x225.jpg 300w, https:\/\/www.cssr.news\/italian\/wp-content\/uploads\/sites\/2\/2026\/04\/sn260408-Curitiba-settimana-santa9_scaled-768x576.jpg 768w, https:\/\/www.cssr.news\/italian\/wp-content\/uploads\/sites\/2\/2026\/04\/sn260408-Curitiba-settimana-santa9_scaled-1536x1152.jpg 1536w, https:\/\/www.cssr.news\/italian\/wp-content\/uploads\/sites\/2\/2026\/04\/sn260408-Curitiba-settimana-santa9_scaled-80x60.jpg 80w, https:\/\/www.cssr.news\/italian\/wp-content\/uploads\/sites\/2\/2026\/04\/sn260408-Curitiba-settimana-santa9_scaled-265x198.jpg 265w, https:\/\/www.cssr.news\/italian\/wp-content\/uploads\/sites\/2\/2026\/04\/sn260408-Curitiba-settimana-santa9_scaled-696x522.jpg 696w, https:\/\/www.cssr.news\/italian\/wp-content\/uploads\/sites\/2\/2026\/04\/sn260408-Curitiba-settimana-santa9_scaled-1068x801.jpg 1068w, https:\/\/www.cssr.news\/italian\/wp-content\/uploads\/sites\/2\/2026\/04\/sn260408-Curitiba-settimana-santa9_scaled-560x420.jpg 560w, https:\/\/www.cssr.news\/italian\/wp-content\/uploads\/sites\/2\/2026\/04\/sn260408-Curitiba-settimana-santa9_scaled.jpg 1600w\" sizes=\"(max-width: 1024px) 100vw, 1024px\" \/><\/a><\/figure><\/li><li class=\"blocks-gallery-item\"><figure><a href=\"http:\/\/www.cssr.news\/italian\/wp-content\/uploads\/sites\/2\/2026\/04\/sn260408-Curitiba-settimana-santa5_scaled.jpg\"><img width=\"768\" height=\"1024\" src=\"http:\/\/www.cssr.news\/italian\/wp-content\/uploads\/sites\/2\/2026\/04\/sn260408-Curitiba-settimana-santa5_scaled-768x1024.jpg\" alt=\"\" data-id=\"33125\" data-full-url=\"http:\/\/www.cssr.news\/italian\/wp-content\/uploads\/sites\/2\/2026\/04\/sn260408-Curitiba-settimana-santa5_scaled.jpg\" data-link=\"https:\/\/www.cssr.news\/italian\/?attachment_id=33125\" class=\"wp-image-33125\" srcset=\"https:\/\/www.cssr.news\/italian\/wp-content\/uploads\/sites\/2\/2026\/04\/sn260408-Curitiba-settimana-santa5_scaled-768x1024.jpg 768w, https:\/\/www.cssr.news\/italian\/wp-content\/uploads\/sites\/2\/2026\/04\/sn260408-Curitiba-settimana-santa5_scaled-225x300.jpg 225w, https:\/\/www.cssr.news\/italian\/wp-content\/uploads\/sites\/2\/2026\/04\/sn260408-Curitiba-settimana-santa5_scaled-1152x1536.jpg 1152w, https:\/\/www.cssr.news\/italian\/wp-content\/uploads\/sites\/2\/2026\/04\/sn260408-Curitiba-settimana-santa5_scaled-696x928.jpg 696w, https:\/\/www.cssr.news\/italian\/wp-content\/uploads\/sites\/2\/2026\/04\/sn260408-Curitiba-settimana-santa5_scaled-1068x1424.jpg 1068w, https:\/\/www.cssr.news\/italian\/wp-content\/uploads\/sites\/2\/2026\/04\/sn260408-Curitiba-settimana-santa5_scaled-315x420.jpg 315w, https:\/\/www.cssr.news\/italian\/wp-content\/uploads\/sites\/2\/2026\/04\/sn260408-Curitiba-settimana-santa5_scaled.jpg 1200w\" sizes=\"(max-width: 768px) 100vw, 768px\" \/><\/a><\/figure><\/li><li class=\"blocks-gallery-item\"><figure><a href=\"http:\/\/www.cssr.news\/italian\/wp-content\/uploads\/sites\/2\/2026\/04\/sn260408-Curitiba-settimana-santa6_scaled.jpg\"><img width=\"768\" height=\"1024\" src=\"http:\/\/www.cssr.news\/italian\/wp-content\/uploads\/sites\/2\/2026\/04\/sn260408-Curitiba-settimana-santa6_scaled-768x1024.jpg\" alt=\"\" data-id=\"33126\" data-full-url=\"http:\/\/www.cssr.news\/italian\/wp-content\/uploads\/sites\/2\/2026\/04\/sn260408-Curitiba-settimana-santa6_scaled.jpg\" data-link=\"https:\/\/www.cssr.news\/italian\/?attachment_id=33126\" class=\"wp-image-33126\" srcset=\"https:\/\/www.cssr.news\/italian\/wp-content\/uploads\/sites\/2\/2026\/04\/sn260408-Curitiba-settimana-santa6_scaled-768x1024.jpg 768w, https:\/\/www.cssr.news\/italian\/wp-content\/uploads\/sites\/2\/2026\/04\/sn260408-Curitiba-settimana-santa6_scaled-225x300.jpg 225w, https:\/\/www.cssr.news\/italian\/wp-content\/uploads\/sites\/2\/2026\/04\/sn260408-Curitiba-settimana-santa6_scaled-1152x1536.jpg 1152w, https:\/\/www.cssr.news\/italian\/wp-content\/uploads\/sites\/2\/2026\/04\/sn260408-Curitiba-settimana-santa6_scaled-696x928.jpg 696w, https:\/\/www.cssr.news\/italian\/wp-content\/uploads\/sites\/2\/2026\/04\/sn260408-Curitiba-settimana-santa6_scaled-1068x1424.jpg 1068w, https:\/\/www.cssr.news\/italian\/wp-content\/uploads\/sites\/2\/2026\/04\/sn260408-Curitiba-settimana-santa6_scaled-315x420.jpg 315w, https:\/\/www.cssr.news\/italian\/wp-content\/uploads\/sites\/2\/2026\/04\/sn260408-Curitiba-settimana-santa6_scaled.jpg 1200w\" sizes=\"(max-width: 768px) 100vw, 768px\" \/><\/a><\/figure><\/li><li class=\"blocks-gallery-item\"><figure><a href=\"http:\/\/www.cssr.news\/italian\/wp-content\/uploads\/sites\/2\/2026\/04\/sn260408-Curitiba-settimana-santa12_scaled.jpg\"><img width=\"768\" height=\"1024\" src=\"http:\/\/www.cssr.news\/italian\/wp-content\/uploads\/sites\/2\/2026\/04\/sn260408-Curitiba-settimana-santa12_scaled-768x1024.jpg\" alt=\"\" data-id=\"33132\" data-full-url=\"http:\/\/www.cssr.news\/italian\/wp-content\/uploads\/sites\/2\/2026\/04\/sn260408-Curitiba-settimana-santa12_scaled.jpg\" data-link=\"https:\/\/www.cssr.news\/italian\/?attachment_id=33132\" class=\"wp-image-33132\" srcset=\"https:\/\/www.cssr.news\/italian\/wp-content\/uploads\/sites\/2\/2026\/04\/sn260408-Curitiba-settimana-santa12_scaled-768x1024.jpg 768w, https:\/\/www.cssr.news\/italian\/wp-content\/uploads\/sites\/2\/2026\/04\/sn260408-Curitiba-settimana-santa12_scaled-225x300.jpg 225w, https:\/\/www.cssr.news\/italian\/wp-content\/uploads\/sites\/2\/2026\/04\/sn260408-Curitiba-settimana-santa12_scaled-1152x1536.jpg 1152w, https:\/\/www.cssr.news\/italian\/wp-content\/uploads\/sites\/2\/2026\/04\/sn260408-Curitiba-settimana-santa12_scaled-696x928.jpg 696w, https:\/\/www.cssr.news\/italian\/wp-content\/uploads\/sites\/2\/2026\/04\/sn260408-Curitiba-settimana-santa12_scaled-1068x1424.jpg 1068w, https:\/\/www.cssr.news\/italian\/wp-content\/uploads\/sites\/2\/2026\/04\/sn260408-Curitiba-settimana-santa12_scaled-315x420.jpg 315w, https:\/\/www.cssr.news\/italian\/wp-content\/uploads\/sites\/2\/2026\/04\/sn260408-Curitiba-settimana-santa12_scaled.jpg 1200w\" sizes=\"(max-width: 768px) 100vw, 768px\" \/><\/a><\/figure><\/li><li class=\"blocks-gallery-item\"><figure><a href=\"http:\/\/www.cssr.news\/italian\/wp-content\/uploads\/sites\/2\/2026\/04\/sn260408-Curitiba-settimana-santa1_scaled.jpg\"><img width=\"1024\" height=\"576\" src=\"http:\/\/www.cssr.news\/italian\/wp-content\/uploads\/sites\/2\/2026\/04\/sn260408-Curitiba-settimana-santa1_scaled-1024x576.jpg\" alt=\"\" data-id=\"33120\" data-full-url=\"http:\/\/www.cssr.news\/italian\/wp-content\/uploads\/sites\/2\/2026\/04\/sn260408-Curitiba-settimana-santa1_scaled.jpg\" data-link=\"https:\/\/www.cssr.news\/italian\/?attachment_id=33120\" class=\"wp-image-33120\" srcset=\"https:\/\/www.cssr.news\/italian\/wp-content\/uploads\/sites\/2\/2026\/04\/sn260408-Curitiba-settimana-santa1_scaled-1024x576.jpg 1024w, https:\/\/www.cssr.news\/italian\/wp-content\/uploads\/sites\/2\/2026\/04\/sn260408-Curitiba-settimana-santa1_scaled-300x169.jpg 300w, https:\/\/www.cssr.news\/italian\/wp-content\/uploads\/sites\/2\/2026\/04\/sn260408-Curitiba-settimana-santa1_scaled-768x432.jpg 768w, https:\/\/www.cssr.news\/italian\/wp-content\/uploads\/sites\/2\/2026\/04\/sn260408-Curitiba-settimana-santa1_scaled-1536x864.jpg 1536w, https:\/\/www.cssr.news\/italian\/wp-content\/uploads\/sites\/2\/2026\/04\/sn260408-Curitiba-settimana-santa1_scaled-696x392.jpg 696w, https:\/\/www.cssr.news\/italian\/wp-content\/uploads\/sites\/2\/2026\/04\/sn260408-Curitiba-settimana-santa1_scaled-1068x601.jpg 1068w, https:\/\/www.cssr.news\/italian\/wp-content\/uploads\/sites\/2\/2026\/04\/sn260408-Curitiba-settimana-santa1_scaled-747x420.jpg 747w, https:\/\/www.cssr.news\/italian\/wp-content\/uploads\/sites\/2\/2026\/04\/sn260408-Curitiba-settimana-santa1_scaled.jpg 1600w\" sizes=\"(max-width: 1024px) 100vw, 1024px\" \/><\/a><\/figure><\/li><li class=\"blocks-gallery-item\"><figure><a href=\"http:\/\/www.cssr.news\/italian\/wp-content\/uploads\/sites\/2\/2026\/04\/sn260408-Curitiba-settimana-santa3_scaled.jpg\"><img width=\"576\" height=\"1024\" src=\"http:\/\/www.cssr.news\/italian\/wp-content\/uploads\/sites\/2\/2026\/04\/sn260408-Curitiba-settimana-santa3_scaled-576x1024.jpg\" alt=\"\" data-id=\"33122\" data-full-url=\"http:\/\/www.cssr.news\/italian\/wp-content\/uploads\/sites\/2\/2026\/04\/sn260408-Curitiba-settimana-santa3_scaled.jpg\" data-link=\"https:\/\/www.cssr.news\/italian\/?attachment_id=33122\" class=\"wp-image-33122\" srcset=\"https:\/\/www.cssr.news\/italian\/wp-content\/uploads\/sites\/2\/2026\/04\/sn260408-Curitiba-settimana-santa3_scaled-576x1024.jpg 576w, https:\/\/www.cssr.news\/italian\/wp-content\/uploads\/sites\/2\/2026\/04\/sn260408-Curitiba-settimana-santa3_scaled-169x300.jpg 169w, https:\/\/www.cssr.news\/italian\/wp-content\/uploads\/sites\/2\/2026\/04\/sn260408-Curitiba-settimana-santa3_scaled-768x1365.jpg 768w, https:\/\/www.cssr.news\/italian\/wp-content\/uploads\/sites\/2\/2026\/04\/sn260408-Curitiba-settimana-santa3_scaled-864x1536.jpg 864w, https:\/\/www.cssr.news\/italian\/wp-content\/uploads\/sites\/2\/2026\/04\/sn260408-Curitiba-settimana-santa3_scaled-696x1237.jpg 696w, https:\/\/www.cssr.news\/italian\/wp-content\/uploads\/sites\/2\/2026\/04\/sn260408-Curitiba-settimana-santa3_scaled-236x420.jpg 236w, https:\/\/www.cssr.news\/italian\/wp-content\/uploads\/sites\/2\/2026\/04\/sn260408-Curitiba-settimana-santa3_scaled.jpg 900w\" sizes=\"(max-width: 576px) 100vw, 576px\" \/><\/a><\/figure><\/li><li class=\"blocks-gallery-item\"><figure><a href=\"http:\/\/www.cssr.news\/italian\/wp-content\/uploads\/sites\/2\/2026\/04\/sn260408-Curitiba-settimana-santa11_scaled.jpg\"><img width=\"768\" height=\"1024\" src=\"http:\/\/www.cssr.news\/italian\/wp-content\/uploads\/sites\/2\/2026\/04\/sn260408-Curitiba-settimana-santa11_scaled-768x1024.jpg\" alt=\"\" data-id=\"33131\" data-full-url=\"http:\/\/www.cssr.news\/italian\/wp-content\/uploads\/sites\/2\/2026\/04\/sn260408-Curitiba-settimana-santa11_scaled.jpg\" data-link=\"https:\/\/www.cssr.news\/italian\/?attachment_id=33131\" class=\"wp-image-33131\" srcset=\"https:\/\/www.cssr.news\/italian\/wp-content\/uploads\/sites\/2\/2026\/04\/sn260408-Curitiba-settimana-santa11_scaled-768x1024.jpg 768w, https:\/\/www.cssr.news\/italian\/wp-content\/uploads\/sites\/2\/2026\/04\/sn260408-Curitiba-settimana-santa11_scaled-225x300.jpg 225w, https:\/\/www.cssr.news\/italian\/wp-content\/uploads\/sites\/2\/2026\/04\/sn260408-Curitiba-settimana-santa11_scaled-1152x1536.jpg 1152w, https:\/\/www.cssr.news\/italian\/wp-content\/uploads\/sites\/2\/2026\/04\/sn260408-Curitiba-settimana-santa11_scaled-696x928.jpg 696w, https:\/\/www.cssr.news\/italian\/wp-content\/uploads\/sites\/2\/2026\/04\/sn260408-Curitiba-settimana-santa11_scaled-1068x1424.jpg 1068w, https:\/\/www.cssr.news\/italian\/wp-content\/uploads\/sites\/2\/2026\/04\/sn260408-Curitiba-settimana-santa11_scaled-315x420.jpg 315w, https:\/\/www.cssr.news\/italian\/wp-content\/uploads\/sites\/2\/2026\/04\/sn260408-Curitiba-settimana-santa11_scaled.jpg 1200w\" sizes=\"(max-width: 768px) 100vw, 768px\" \/><\/a><\/figure><\/li><li class=\"blocks-gallery-item\"><figure><a href=\"http:\/\/www.cssr.news\/italian\/wp-content\/uploads\/sites\/2\/2026\/04\/sn260408-Curitiba-settimana-santa10_scaled.jpg\"><img width=\"1024\" height=\"768\" src=\"http:\/\/www.cssr.news\/italian\/wp-content\/uploads\/sites\/2\/2026\/04\/sn260408-Curitiba-settimana-santa10_scaled-1024x768.jpg\" alt=\"\" data-id=\"33130\" data-full-url=\"http:\/\/www.cssr.news\/italian\/wp-content\/uploads\/sites\/2\/2026\/04\/sn260408-Curitiba-settimana-santa10_scaled.jpg\" data-link=\"https:\/\/www.cssr.news\/italian\/?attachment_id=33130\" class=\"wp-image-33130\" srcset=\"https:\/\/www.cssr.news\/italian\/wp-content\/uploads\/sites\/2\/2026\/04\/sn260408-Curitiba-settimana-santa10_scaled-1024x768.jpg 1024w, https:\/\/www.cssr.news\/italian\/wp-content\/uploads\/sites\/2\/2026\/04\/sn260408-Curitiba-settimana-santa10_scaled-300x225.jpg 300w, https:\/\/www.cssr.news\/italian\/wp-content\/uploads\/sites\/2\/2026\/04\/sn260408-Curitiba-settimana-santa10_scaled-768x576.jpg 768w, https:\/\/www.cssr.news\/italian\/wp-content\/uploads\/sites\/2\/2026\/04\/sn260408-Curitiba-settimana-santa10_scaled-80x60.jpg 80w, https:\/\/www.cssr.news\/italian\/wp-content\/uploads\/sites\/2\/2026\/04\/sn260408-Curitiba-settimana-santa10_scaled-265x198.jpg 265w, https:\/\/www.cssr.news\/italian\/wp-content\/uploads\/sites\/2\/2026\/04\/sn260408-Curitiba-settimana-santa10_scaled-696x522.jpg 696w, https:\/\/www.cssr.news\/italian\/wp-content\/uploads\/sites\/2\/2026\/04\/sn260408-Curitiba-settimana-santa10_scaled-1068x801.jpg 1068w, https:\/\/www.cssr.news\/italian\/wp-content\/uploads\/sites\/2\/2026\/04\/sn260408-Curitiba-settimana-santa10_scaled-560x420.jpg 560w, https:\/\/www.cssr.news\/italian\/wp-content\/uploads\/sites\/2\/2026\/04\/sn260408-Curitiba-settimana-santa10_scaled.jpg 1520w\" sizes=\"(max-width: 1024px) 100vw, 1024px\" \/><\/a><\/figure><\/li><li class=\"blocks-gallery-item\"><figure><a href=\"http:\/\/www.cssr.news\/italian\/wp-content\/uploads\/sites\/2\/2026\/04\/sn260408-Curitiba-settimana-santa4s_scaled.jpg\"><img width=\"1024\" height=\"768\" src=\"http:\/\/www.cssr.news\/italian\/wp-content\/uploads\/sites\/2\/2026\/04\/sn260408-Curitiba-settimana-santa4s_scaled-1024x768.jpg\" alt=\"\" data-id=\"33124\" data-full-url=\"http:\/\/www.cssr.news\/italian\/wp-content\/uploads\/sites\/2\/2026\/04\/sn260408-Curitiba-settimana-santa4s_scaled.jpg\" data-link=\"https:\/\/www.cssr.news\/italian\/?attachment_id=33124\" class=\"wp-image-33124\" srcset=\"https:\/\/www.cssr.news\/italian\/wp-content\/uploads\/sites\/2\/2026\/04\/sn260408-Curitiba-settimana-santa4s_scaled-1024x768.jpg 1024w, https:\/\/www.cssr.news\/italian\/wp-content\/uploads\/sites\/2\/2026\/04\/sn260408-Curitiba-settimana-santa4s_scaled-300x225.jpg 300w, https:\/\/www.cssr.news\/italian\/wp-content\/uploads\/sites\/2\/2026\/04\/sn260408-Curitiba-settimana-santa4s_scaled-768x576.jpg 768w, https:\/\/www.cssr.news\/italian\/wp-content\/uploads\/sites\/2\/2026\/04\/sn260408-Curitiba-settimana-santa4s_scaled-1536x1152.jpg 1536w, https:\/\/www.cssr.news\/italian\/wp-content\/uploads\/sites\/2\/2026\/04\/sn260408-Curitiba-settimana-santa4s_scaled-80x60.jpg 80w, https:\/\/www.cssr.news\/italian\/wp-content\/uploads\/sites\/2\/2026\/04\/sn260408-Curitiba-settimana-santa4s_scaled-265x198.jpg 265w, https:\/\/www.cssr.news\/italian\/wp-content\/uploads\/sites\/2\/2026\/04\/sn260408-Curitiba-settimana-santa4s_scaled-696x522.jpg 696w, https:\/\/www.cssr.news\/italian\/wp-content\/uploads\/sites\/2\/2026\/04\/sn260408-Curitiba-settimana-santa4s_scaled-1068x801.jpg 1068w, https:\/\/www.cssr.news\/italian\/wp-content\/uploads\/sites\/2\/2026\/04\/sn260408-Curitiba-settimana-santa4s_scaled-560x420.jpg 560w, https:\/\/www.cssr.news\/italian\/wp-content\/uploads\/sites\/2\/2026\/04\/sn260408-Curitiba-settimana-santa4s_scaled.jpg 1600w\" sizes=\"(max-width: 1024px) 100vw, 1024px\" \/><\/a><\/figure><\/li><li class=\"blocks-gallery-item\"><figure><a href=\"http:\/\/www.cssr.news\/italian\/wp-content\/uploads\/sites\/2\/2026\/04\/sn260408-Curitiba-settimana-santa17_scaled.jpg\"><img width=\"1024\" height=\"576\" src=\"http:\/\/www.cssr.news\/italian\/wp-content\/uploads\/sites\/2\/2026\/04\/sn260408-Curitiba-settimana-santa17_scaled-1024x576.jpg\" alt=\"\" data-id=\"33137\" data-full-url=\"http:\/\/www.cssr.news\/italian\/wp-content\/uploads\/sites\/2\/2026\/04\/sn260408-Curitiba-settimana-santa17_scaled.jpg\" data-link=\"https:\/\/www.cssr.news\/italian\/?attachment_id=33137\" class=\"wp-image-33137\" srcset=\"https:\/\/www.cssr.news\/italian\/wp-content\/uploads\/sites\/2\/2026\/04\/sn260408-Curitiba-settimana-santa17_scaled-1024x576.jpg 1024w, https:\/\/www.cssr.news\/italian\/wp-content\/uploads\/sites\/2\/2026\/04\/sn260408-Curitiba-settimana-santa17_scaled-300x169.jpg 300w, https:\/\/www.cssr.news\/italian\/wp-content\/uploads\/sites\/2\/2026\/04\/sn260408-Curitiba-settimana-santa17_scaled-768x432.jpg 768w, https:\/\/www.cssr.news\/italian\/wp-content\/uploads\/sites\/2\/2026\/04\/sn260408-Curitiba-settimana-santa17_scaled-696x392.jpg 696w, https:\/\/www.cssr.news\/italian\/wp-content\/uploads\/sites\/2\/2026\/04\/sn260408-Curitiba-settimana-santa17_scaled-1068x601.jpg 1068w, https:\/\/www.cssr.news\/italian\/wp-content\/uploads\/sites\/2\/2026\/04\/sn260408-Curitiba-settimana-santa17_scaled-747x420.jpg 747w, https:\/\/www.cssr.news\/italian\/wp-content\/uploads\/sites\/2\/2026\/04\/sn260408-Curitiba-settimana-santa17_scaled.jpg 1280w\" sizes=\"(max-width: 1024px) 100vw, 1024px\" \/><\/a><\/figure><\/li><li class=\"blocks-gallery-item\"><figure><a href=\"http:\/\/www.cssr.news\/italian\/wp-content\/uploads\/sites\/2\/2026\/04\/sn260408-Curitiba-settimana-santa16_scaled.jpg\"><img width=\"1024\" height=\"768\" src=\"http:\/\/www.cssr.news\/italian\/wp-content\/uploads\/sites\/2\/2026\/04\/sn260408-Curitiba-settimana-santa16_scaled-1024x768.jpg\" alt=\"\" data-id=\"33136\" data-full-url=\"http:\/\/www.cssr.news\/italian\/wp-content\/uploads\/sites\/2\/2026\/04\/sn260408-Curitiba-settimana-santa16_scaled.jpg\" data-link=\"https:\/\/www.cssr.news\/italian\/?attachment_id=33136\" class=\"wp-image-33136\" srcset=\"https:\/\/www.cssr.news\/italian\/wp-content\/uploads\/sites\/2\/2026\/04\/sn260408-Curitiba-settimana-santa16_scaled-1024x768.jpg 1024w, https:\/\/www.cssr.news\/italian\/wp-content\/uploads\/sites\/2\/2026\/04\/sn260408-Curitiba-settimana-santa16_scaled-300x225.jpg 300w, https:\/\/www.cssr.news\/italian\/wp-content\/uploads\/sites\/2\/2026\/04\/sn260408-Curitiba-settimana-santa16_scaled-768x576.jpg 768w, https:\/\/www.cssr.news\/italian\/wp-content\/uploads\/sites\/2\/2026\/04\/sn260408-Curitiba-settimana-santa16_scaled-1536x1152.jpg 1536w, https:\/\/www.cssr.news\/italian\/wp-content\/uploads\/sites\/2\/2026\/04\/sn260408-Curitiba-settimana-santa16_scaled-80x60.jpg 80w, https:\/\/www.cssr.news\/italian\/wp-content\/uploads\/sites\/2\/2026\/04\/sn260408-Curitiba-settimana-santa16_scaled-265x198.jpg 265w, https:\/\/www.cssr.news\/italian\/wp-content\/uploads\/sites\/2\/2026\/04\/sn260408-Curitiba-settimana-santa16_scaled-696x522.jpg 696w, https:\/\/www.cssr.news\/italian\/wp-content\/uploads\/sites\/2\/2026\/04\/sn260408-Curitiba-settimana-santa16_scaled-1068x801.jpg 1068w, https:\/\/www.cssr.news\/italian\/wp-content\/uploads\/sites\/2\/2026\/04\/sn260408-Curitiba-settimana-santa16_scaled-560x420.jpg 560w, https:\/\/www.cssr.news\/italian\/wp-content\/uploads\/sites\/2\/2026\/04\/sn260408-Curitiba-settimana-santa16_scaled.jpg 1600w\" sizes=\"(max-width: 1024px) 100vw, 1024px\" \/><\/a><\/figure><\/li><\/ul><\/figure>\n\n\n\n<p>Oltre alle celebrazioni, la Settimana Santa \u00e8 stata caratterizzata anche da gesti concreti di solidariet\u00e0. Attraverso campagne realizzate tra i fedeli, sono stati raccolti cioccolatini, destinati alle comunit\u00e0 in situazione di vulnerabilit\u00e0 sociale nella capitale.<\/p>\n\n\n\n<p>In totale sono state aiutate otto comunit\u00e0, con la consegna di circa 6.000 scatole di cioccolatini, portando gioia ai bambini e rinnovando la speranza delle famiglie assistite. L\u2019iniziativa fa parte di SOS Combate \u00e0 Fome, un progetto guidato dal redentorista Padre Joaquim Parron, che opera nelle comunit\u00e0 periferiche di Curitiba.<\/p>\n\n\n\n<p>La consegna \u00e8 stata effettuata dallo stesso Padre Parron e da Frater Andrey Reimer, con il sostegno della Comunit\u00e0 Terapeutica Perp\u00e9tuo Socorro.<\/p>\n\n\n\n<p>L&#8217;iniziativa rafforza l&#8217;impegno del Santuario verso un&#8217;evangelizzazione che si traduce anche in gesti concreti di cura, condivisione e presenza accanto ai pi\u00f9 bisognosi.<\/p>\n\n\n\n<p>Durante tutta la Settimana Santa, il Santuario Perp\u00e9tuo Socorro ha riaffermato la sua missione di accoglienza ed evangelizzazione, offrendo ai fedeli uno spazio di preghiera, riconciliazione e profonda esperienza di fede.<\/p>\n\n\n\n<p>Giornalista Fabiana S\u00e1<\/p>\n","protected":false},"excerpt":{"rendered":"<p>I Redentoristi sottolineano le liturgie di evangelizzazione, la grande domanda di confessioni e le iniziative di solidariet\u00e0 nelle periferie. Il Santuario della Madonna del Perpetuo Soccorso, ad Alto da Gl\u00f3ria, a Curitiba (PR), \u00e8 stato un grande centro di evangelizzazione durante la Settimana Santa, riunendo migliaia di fedeli nel corso delle celebrazioni. Oltre alla significativa [&hellip;]<\/p>\n","protected":false},"author":23,"featured_media":33134,"comment_status":"closed","ping_status":"closed","sticky":false,"template":"","format":"standard","meta":{"_mi_skip_tracking":false},"categories":[32],"tags":[],"_links":{"self":[{"href":"https:\/\/www.cssr.news\/italian\/wp-json\/wp\/v2\/posts\/33119"}],"collection":[{"href":"https:\/\/www.cssr.news\/italian\/wp-json\/wp\/v2\/posts"}],"about":[{"href":"https:\/\/www.cssr.news\/italian\/wp-json\/wp\/v2\/types\/post"}],"author":[{"embeddable":true,"href":"https:\/\/www.cssr.news\/italian\/wp-json\/wp\/v2\/users\/23"}],"replies":[{"embeddable":true,"href":"https:\/\/www.cssr.news\/italian\/wp-json\/wp\/v2\/comments?post=33119"}],"version-history":[{"count":3,"href":"https:\/\/www.cssr.news\/italian\/wp-json\/wp\/v2\/posts\/33119\/revisions"}],"predecessor-version":[{"id":33152,"href":"https:\/\/www.cssr.news\/italian\/wp-json\/wp\/v2\/posts\/33119\/revisions\/33152"}],"wp:featuredmedia":[{"embeddable":true,"href":"https:\/\/www.cssr.news\/italian\/wp-json\/wp\/v2\/media\/33134"}],"wp:attachment":[{"href":"https:\/\/www.cssr.news\/italian\/wp-json\/wp\/v2\/media?parent=33119"}],"wp:term":[{"taxonomy":"category","embeddable":true,"href":"https:\/\/www.cssr.news\/italian\/wp-json\/wp\/v2\/categories?post=33119"},{"taxonomy":"post_tag","embeddable":true,"href":"https:\/\/www.cssr.news\/italian\/wp-json\/wp\/v2\/tags?post=33119"}],"curies":[{"name":"wp","href":"https:\/\/api.w.org\/{rel}","templated":true}]}}