{"id":33166,"date":"2026-04-10T15:59:49","date_gmt":"2026-04-10T13:59:49","guid":{"rendered":"https:\/\/www.cssr.news\/italian\/?p=33166"},"modified":"2026-04-10T16:07:12","modified_gmt":"2026-04-10T14:07:12","slug":"slovacchia-padre-miroslav-bujdos-cssr-nominato-vicario-generale-delleparchia-greco-cattolica-di-bratislava","status":"publish","type":"post","link":"https:\/\/www.cssr.news\/italian\/2026\/04\/slovacchia-padre-miroslav-bujdos-cssr-nominato-vicario-generale-delleparchia-greco-cattolica-di-bratislava\/","title":{"rendered":"Slovacchia: Padre Miroslav Bujdo\u0161 CSsR nominato vicario generale dell&#8217;Eparchia greco-cattolica di Bratislava"},"content":{"rendered":"\n<p>Il vescovo eparchiale di Bratislava, mons. Milan Lach SJ, ha nominato padre Miroslav Bujdo\u0161 CSsR nuovo protosincello \u2014 vicario generale dell&#8217;Eparchia greco-cattolica di Bratislava. La nomina \u00e8 stata resa nota il 10 aprile 2026, Venerd\u00ec luminoso dopo la Pasqua. Padre Bujdo\u0161 \u00e8 il secondo protosincello nella storia dell&#8217;eparchia, fondata diciotto anni fa. <\/p>\n\n\n\n<h3><strong>Chi \u00e8 padre Miroslav Bujdo\u0161<\/strong><\/h3>\n\n\n\n<p>Miroslav Bujdo\u0161 CSsR ha 42 anni ed \u00e8 sacerdote da 16 anni. Il nuovo protosincello \u00e8 nato il 28 febbraio 1984 e proviene da Stropkov. Dopo aver conseguito l\u2019esame di maturit\u00e0 presso il Ginnasio di San Giovanni Crisostomo a Humenn\u00e9, nel 2002 \u00e8 entrato nella Congregazione del Santissimo Redentore; nel 2009 ha emesso i voti religiosi perpetui.<\/p>\n\n\n\n<p>Dal 2002 al 2010 ha studiato filosofia e teologia presso la Pontificia Universit\u00e0 Giovanni Paolo II a Cracovia e Tuch\u00f3w, in Polonia. Ha ricevuto l&#8217;ordinazione sacerdotale il 23 maggio 2010, nella Basilica minore della Discesa dello Spirito Santo a Michalovce. In seguito ha prestato servizio come cappellano nella parrocchia della Madonna del Perpetuo Soccorso a Star\u00e1 \u013dubov\u0148a. Nel 2015 \u00e8 stato nominato economo viceprovinciale e membro della comunit\u00e0 dei redentoristi a Michalovce. Tra il 2015 e il 2017 ha frequentato la scuola per formatori a Cracovia. Per tutto il periodo successivo all&#8217;ordinazione sacerdotale ha lavorato come missionario nell&#8217;ambito delle cosiddette missioni parrocchiali e scolastiche &#8220;popolari&#8221;, ed \u00e8 stato anche responsabile della pastorale delle vocazioni. \u00c8 cofondatore del progetto&nbsp;<em>Missioni nelle scuole<\/em>.<\/p>\n\n\n\n<p>Dal 2019 al 2022 ha frequentato la Pontificia Accademia Alfonsiana a Roma, concludendo gli studi con la licenza in teologia morale.<\/p>\n\n\n\n<p>Da gennaio 2023 \u00e8 superiore viceprovinciale (protoigumeno) della Viceprovincia Michalovce dei redentoristi. Con il consenso del superiore generale p. Rog\u00e9rio Gomes CSsR a Roma, Miroslav Bujdo\u0161 CSsR \u00e8 stato nominato protosincello \u2013 vicario generale. Nella storia ormai diciottennale dell&#8217;Eparchia di Bratislava, padre Miroslav Bujdo\u0161 CSsR \u00e8 il secondo protosincello; in questo ufficio succede a p. Vladim\u00edr Skyba (2008\u20132026).<\/p>\n\n\n\n<p>M. Bujdo\u0161 padroneggia l&#8217;italiano e il polacco, e si sa esprimere anche in ucraino.<\/p>\n\n\n\n<h3>Il protosincello &#8211; vicario generale<\/h3>\n\n\n\n<p>Il protosincello (lat.\u00a0<em>protosyncellus<\/em>) corrisponde al vicario generale nella Chiesa latina. Ai sensi del Codice dei canoni delle Chiese orientali (cfr. cann. 245\u2013251), \u00e8 il pi\u00f9 stretto collaboratore del vescovo e ha il compito di assistere il vescovo eparchiale nel governo dell&#8217;intera eparchia (can. 245); pu\u00f2 emanare decisioni e provvedimenti, salvo quelli riservati direttamente al vescovo; rappresenta il vescovo in sua assenza o per sua delega; vigila sul funzionamento delle singole istituzioni ecclesiali e del clero.<\/p>\n\n\n\n<p>Il protosincello \u00e8 nominato dal vescovo eparchiale e gli spetta la medesima potest\u00e0 di governo del vescovo eparchiale (can. 248). Il protosincello esercita la potest\u00e0 esecutiva a nome del vescovo nell&#8217;intera eparchia (analogamente al vicario generale nella Chiesa latina).<\/p>\n\n\n\n<p>(fonte: https:\/\/www.grkatba.sk)<\/p>\n\n\n\n<figure class=\"wp-block-image size-large is-style-default\"><a href=\"https:\/\/www.cssr.news\/italian\/wp-content\/uploads\/sites\/2\/2026\/04\/Miroslav-Bujdos-CSsR.jpg\"><img width=\"1024\" height=\"683\" src=\"https:\/\/www.cssr.news\/italian\/wp-content\/uploads\/sites\/2\/2026\/04\/Miroslav-Bujdos-CSsR.jpg\" alt=\"\" class=\"wp-image-33173\" srcset=\"https:\/\/www.cssr.news\/italian\/wp-content\/uploads\/sites\/2\/2026\/04\/Miroslav-Bujdos-CSsR.jpg 1024w, https:\/\/www.cssr.news\/italian\/wp-content\/uploads\/sites\/2\/2026\/04\/Miroslav-Bujdos-CSsR-300x200.jpg 300w, https:\/\/www.cssr.news\/italian\/wp-content\/uploads\/sites\/2\/2026\/04\/Miroslav-Bujdos-CSsR-768x512.jpg 768w, https:\/\/www.cssr.news\/italian\/wp-content\/uploads\/sites\/2\/2026\/04\/Miroslav-Bujdos-CSsR-696x464.jpg 696w, https:\/\/www.cssr.news\/italian\/wp-content\/uploads\/sites\/2\/2026\/04\/Miroslav-Bujdos-CSsR-630x420.jpg 630w\" sizes=\"(max-width: 1024px) 100vw, 1024px\" \/><\/a><\/figure>\n\n\n\n<h2>&#8220;Entusiasmo missionario e andare incontro alle persone&#8221;<\/h2>\n\n\n\n<p><em><strong>Intervista <strong><em><strong>al nuovo protosynkel dell\u2019eparchia di Bratislava, il redentorista p. Miroslav Bujdo\u0161<\/strong><\/em><\/strong><\/strong><\/em>, <em><strong>a cura di Stanislav G\u00e1bor \u2014 Eparchia di Bratislava<\/strong><\/em><\/p>\n\n\n\n<p><strong>&#8220;Padre Miroslav, con quali sentimenti ha accolto la sua nomina a nuovo protosincello dell&#8217;Eparchia di Bratislava?<\/strong><\/p>\n\n\n\n<p>Per la prima volta me ne ha parlato il vescovo Milan sul marciapiede davanti alla cattedrale di Bratislava, poco prima dell&#8217;inizio della suo insediamento come vescovo eparchiale. Potete immaginare cosa mi turbinasse nella testa durante tutta la celebrazione. Ma aggiungo subito che una delle cose che la vita in monastero mi insegna \u00e8 essere disponibile. Le mie umane preoccupazioni, lo smarrimento e le incertezze si alternavano quindi a una risposta chiara: essere disponibile.<\/p>\n\n\n\n<p>Quando tre anni fa i confratelli mi hanno eletto superiore viceprovinciale, poco dopo ho incontrato personalmente il superiore generale dei redentoristi a Roma, il quale mi ha detto: &#8220;Padre Miro, \u00e8 tempo di restituire alla Chiesa ci\u00f2 che essa ha posto in te fin dal tuo battesimo.&#8221; Aveva ragione. Sono argomenti forti anche per me.<\/p>\n\n\n\n<p><strong><strong>Come sacerdote religioso, lei ha sedici anni di esperienza pastorale; inoltre, da gennaio 2023 \u00e8, in qualit\u00e0 di superiore viceprovinciale (protoigumeno), a capo dei Redentoristi greco-cattolici della Viceprovincia di Michalovce. Ha guidato numerose missioni popolari nelle parrocchie ed \u00e8 anche cofondatore del progetto \u00abMissioni nelle scuole\u00bb. Sulla base della sua esperienza, su quali priorit\u00e0 pastorali vorrebbe porre l\u2019accento nel suo ministero?<\/strong><\/strong><\/p>\n\n\n\n<p>Essere vicino alla gente. Ma non solo. Da tempo mi sono posto l\u2019obiettivo di scoprire e cercare il bene nelle persone. Ci provo anche in confessionale. Mi sembra che l\u2019umanit\u00e0 stia perdendo questa capacit\u00e0 e ne soffra incredibilmente. Proprio le missioni, ogni volta in una nuova parrocchia, mi hanno insegnato che non bisogna aspettare nuove opportunit\u00e0, da qualche parte nel comfort del proprio monastero, ma che le opportunit\u00e0 vanno create e cercate e bisogna andare verso le persone. Gi\u00e0 anni fa, io e un mio confratello abbiamo deciso di non unirci a coloro che si lamentano della mancanza di giovani. A un certo punto abbiamo smesso di aspettare che venissero da noi e abbiamo deciso di andare da loro. E dove si trovano tutti i bambini e i giovani? \u2013 Nelle scuole. Abbiamo iniziato in due, poi si \u00e8 aggiunto un terzo confratello, a volte eravamo anche quattro o cinque redentoristi e si sono uniti a noi anche giovani animatori. Abbiamo avviato il progetto \u201cMissioni nelle scuole\u201d. Quindi, alla domanda: \u201cSu cosa porre l\u2019accento nel nostro ministero?\u201d, la risposta \u00e8: \u201cSull\u2019uomo\u201d. Creare occasioni per avvicinarsi all\u2019uomo, per comprenderlo, per essergli a disposizione.<\/p>\n\n\n\n<p>A un certo punto io e un confratello abbiamo smesso di aspettare che i giovani venissero da noi e abbiamo deciso di andare da loro. E dove si trovano bambini e giovani? Nelle scuole. Abbiamo cominciato in due, poi in tre, quattro, cinque redentoristi con giovani animatori: \u00e8 nato cos\u00ec il progetto&nbsp;<em>Missioni nelle scuole<\/em>. La risposta alla domanda &#8220;su cosa porre l&#8217;accento nel proprio servizio?&#8221; \u00e8 dunque: sulla persona. Creare occasioni per avvicinarsi all&#8217;uomo, per comprenderlo, per essergli disponibile.<\/p>\n\n\n\n<p><strong><strong>La Congregazione del Santissimo Redentore (Redentoristi) \u2013 sebbene abbia origini latine \u2013 ha messo radici profonde nella Chiesa greco-cattolica in Slovacchia, ma anche all\u2019estero. La vostra congregazione ha dato alla nostra Chiesa locale anche il beato martire Metod Dominik Tr\u010dka. Qual \u00e8 il carisma principale della vostra Congregazione e come ne vedete l\u2019applicazione nel mondo secolarizzato di oggi, e in particolare nell\u2019ambiente della diaspora?<\/strong><\/strong><\/p>\n\n\n\n<p>Lo scopo della nostra Congregazione \u00e8 seguire l&#8217;esempio di Ges\u00f9 Cristo annunciando la Parola di Dio. Le nostre costituzioni ci insegnano a farlo con entusiasmo missionario e andando incontro alle urgenti necessit\u00e0 pastorali delle persone. Questi due attributi sono stati la mia guida lungo tutta la vita: entusiasmo missionario e andare incontro.<\/p>\n\n\n\n<p>Lei menziona l\u2019ambiente della diaspora. Nel novembre dello scorso anno sono stato in missione nella parrocchia di Prievidza presso i nostri greco-cattolici. Lo spirito di famiglia e le relazioni strette che ho trovato l\u00ec sono invidiabili anche per le grandi parrocchie. A volte essere in una piccola comunit\u00e0, vicini gli uni agli altri e per di pi\u00f9 senza anonimato, \u00e8 un privilegio. Lo spirito di famiglia \u00e8 un privilegio di una parrocchia di questo tipo. Sono stato pi\u00f9 volte tra i greco-cattolici di Trnava e mi ha stupito come quelle persone vogliano stare insieme, vogliano pregare insieme e vogliano crescere insieme nella fede. Non c\u2019\u00e8 forse in questo speranza e futuro?<\/p>\n\n\n\n<p>Ricordate il beato Metodio: egli rinunci\u00f2 alla sua patria, alla sua lingua, al suo rito liturgico\u2026 e and\u00f2 nella Slovacchia orientale, a Stropkov, dove regnava la miseria non solo materiale, ma anche spirituale. In lui c\u2019era l\u2019entusiasmo missionario e and\u00f2 incontro alle urgenti necessit\u00e0 pastorali. Ha realizzato l\u2019eredit\u00e0 delle Costituzioni \u2013 le regole della vita religiosa redentorista. Devo menzionare anche il Servo di Dio p. J\u00e1n Ivan Mastiliak CSsR, che fu uno dei pilastri del rinnovamento della Chiesa greco-cattolica nel 1968. Pi\u00f9 di trenta sacerdoti religiosi ed eparchiali hanno studiato segretamente presso di lui. Non nascondo di essere orgoglioso dei miei confratelli predecessori \u2013 martiri, confessori \u2013 e desidero continuare la loro eredit\u00e0.<\/p>\n\n\n\n<p><strong>Nel suo servizio auguriamo: Mnohaja i blahaja lita!<\/strong><\/p>\n","protected":false},"excerpt":{"rendered":"<p>Il vescovo eparchiale di Bratislava, mons. Milan Lach SJ, ha nominato padre Miroslav Bujdo\u0161 CSsR nuovo protosincello \u2014 vicario generale dell&#8217;Eparchia greco-cattolica di Bratislava. La nomina \u00e8 stata resa nota il 10 aprile 2026, Venerd\u00ec luminoso dopo la Pasqua. Padre Bujdo\u0161 \u00e8 il secondo protosincello nella storia dell&#8217;eparchia, fondata diciotto anni fa. Chi \u00e8 padre [&hellip;]<\/p>\n","protected":false},"author":23,"featured_media":33168,"comment_status":"closed","ping_status":"closed","sticky":false,"template":"","format":"standard","meta":{"_mi_skip_tracking":false},"categories":[13],"tags":[],"_links":{"self":[{"href":"https:\/\/www.cssr.news\/italian\/wp-json\/wp\/v2\/posts\/33166"}],"collection":[{"href":"https:\/\/www.cssr.news\/italian\/wp-json\/wp\/v2\/posts"}],"about":[{"href":"https:\/\/www.cssr.news\/italian\/wp-json\/wp\/v2\/types\/post"}],"author":[{"embeddable":true,"href":"https:\/\/www.cssr.news\/italian\/wp-json\/wp\/v2\/users\/23"}],"replies":[{"embeddable":true,"href":"https:\/\/www.cssr.news\/italian\/wp-json\/wp\/v2\/comments?post=33166"}],"version-history":[{"count":4,"href":"https:\/\/www.cssr.news\/italian\/wp-json\/wp\/v2\/posts\/33166\/revisions"}],"predecessor-version":[{"id":33174,"href":"https:\/\/www.cssr.news\/italian\/wp-json\/wp\/v2\/posts\/33166\/revisions\/33174"}],"wp:featuredmedia":[{"embeddable":true,"href":"https:\/\/www.cssr.news\/italian\/wp-json\/wp\/v2\/media\/33168"}],"wp:attachment":[{"href":"https:\/\/www.cssr.news\/italian\/wp-json\/wp\/v2\/media?parent=33166"}],"wp:term":[{"taxonomy":"category","embeddable":true,"href":"https:\/\/www.cssr.news\/italian\/wp-json\/wp\/v2\/categories?post=33166"},{"taxonomy":"post_tag","embeddable":true,"href":"https:\/\/www.cssr.news\/italian\/wp-json\/wp\/v2\/tags?post=33166"}],"curies":[{"name":"wp","href":"https:\/\/api.w.org\/{rel}","templated":true}]}}