{"id":33175,"date":"2026-04-10T19:53:39","date_gmt":"2026-04-10T17:53:39","guid":{"rendered":"https:\/\/www.cssr.news\/italian\/?p=33175"},"modified":"2026-04-10T19:53:41","modified_gmt":"2026-04-10T17:53:41","slug":"italia-compleanno-di-san-gerardo-alla-casa-madre-ciorani","status":"publish","type":"post","link":"https:\/\/www.cssr.news\/italian\/2026\/04\/italia-compleanno-di-san-gerardo-alla-casa-madre-ciorani\/","title":{"rendered":"Italia: Compleanno di San Gerardo alla Casa Madre Ciorani"},"content":{"rendered":"\n<p>La Casa Madre Ciorani ha solennemente celebrato il 300\u00b0 anniversario della nascita di San Gerardo mercoled\u00ec 8 aprile 2026. La celebrazione eucaristica \u00e8 stata presieduta da P. Gennaro Sorrentino, Superiore Provinciale della Provincia Europa Sud, accompagnato dal Consigliere Provinciale per l&#8217;Italia, P. Massimiliano Guardini. Hanno concelebrato i padri della comunit\u00e0 dei Redentoristi del Proto-Convento di Ciorani, nonch\u00e9 il Maestro dei Novizi, poich\u00e9 questa casa funge da Noviziato per l&#8217;Europa Meridionale.<\/p>\n\n\n\n<p>San Gerardo visse nella Casa Madre solo per poche settimane. Ci\u00f2 avvenne probabilmente tra giugno e luglio del 1754, quando vi fu inviato da Sant&#8217;Alfonso come punizione per la calunnia di una giovane di nome Nerea Caggiano, di aver mostrato atteggiamenti equivoci nei confronti di un&#8217;altra giovane fanciulla,\u00a0Nicoletta Cappucci, figlia di un amico di San Gerardo. San Gerardo non si difese dalle accuse davanti a Sant&#8217;Alfonso. Il suo esempio di eroica umilt\u00e0 nell&#8217;obbedienza e la sua straordinaria fortezza di fronte alle avversit\u00e0 sono stati preservati per i posteri. La giovane confess\u00f2 la sua menzogna, Sant&#8217;Alfonso reintegr\u00f2 San Gerardo nella piena comunione con la vita missionaria redentorista e da allora gli abitanti di Ciorani si rivolgono a lui come intercessore celeste nelle prove pi\u00f9 difficili della vita.<\/p>\n\n\n\n<figure class=\"wp-block-gallery columns-3 is-cropped\"><ul class=\"blocks-gallery-grid\"><li class=\"blocks-gallery-item\"><figure><a href=\"http:\/\/www.cssr.news\/italian\/wp-content\/uploads\/sites\/2\/2026\/04\/2026-04-05-Pasqua-001.jpeg\"><img width=\"713\" height=\"1024\" src=\"http:\/\/www.cssr.news\/italian\/wp-content\/uploads\/sites\/2\/2026\/04\/2026-04-05-Pasqua-001-713x1024.jpeg\" alt=\"\" data-id=\"33177\" data-full-url=\"http:\/\/www.cssr.news\/italian\/wp-content\/uploads\/sites\/2\/2026\/04\/2026-04-05-Pasqua-001.jpeg\" data-link=\"https:\/\/www.cssr.news\/italian\/?attachment_id=33177\" class=\"wp-image-33177\" srcset=\"https:\/\/www.cssr.news\/italian\/wp-content\/uploads\/sites\/2\/2026\/04\/2026-04-05-Pasqua-001-713x1024.jpeg 713w, https:\/\/www.cssr.news\/italian\/wp-content\/uploads\/sites\/2\/2026\/04\/2026-04-05-Pasqua-001-209x300.jpeg 209w, https:\/\/www.cssr.news\/italian\/wp-content\/uploads\/sites\/2\/2026\/04\/2026-04-05-Pasqua-001-768x1103.jpeg 768w, https:\/\/www.cssr.news\/italian\/wp-content\/uploads\/sites\/2\/2026\/04\/2026-04-05-Pasqua-001-1070x1536.jpeg 1070w, https:\/\/www.cssr.news\/italian\/wp-content\/uploads\/sites\/2\/2026\/04\/2026-04-05-Pasqua-001-696x1000.jpeg 696w, https:\/\/www.cssr.news\/italian\/wp-content\/uploads\/sites\/2\/2026\/04\/2026-04-05-Pasqua-001-1068x1534.jpeg 1068w, https:\/\/www.cssr.news\/italian\/wp-content\/uploads\/sites\/2\/2026\/04\/2026-04-05-Pasqua-001-292x420.jpeg 292w, https:\/\/www.cssr.news\/italian\/wp-content\/uploads\/sites\/2\/2026\/04\/2026-04-05-Pasqua-001.jpeg 1426w\" sizes=\"(max-width: 713px) 100vw, 713px\" \/><\/a><\/figure><\/li><li class=\"blocks-gallery-item\"><figure><a href=\"http:\/\/www.cssr.news\/italian\/wp-content\/uploads\/sites\/2\/2026\/04\/2026-04-08-300-San-Gerardo-013.jpeg\"><img width=\"1024\" height=\"829\" src=\"http:\/\/www.cssr.news\/italian\/wp-content\/uploads\/sites\/2\/2026\/04\/2026-04-08-300-San-Gerardo-013-1024x829.jpeg\" alt=\"\" data-id=\"33178\" data-full-url=\"http:\/\/www.cssr.news\/italian\/wp-content\/uploads\/sites\/2\/2026\/04\/2026-04-08-300-San-Gerardo-013.jpeg\" data-link=\"https:\/\/www.cssr.news\/italian\/?attachment_id=33178\" class=\"wp-image-33178\" srcset=\"https:\/\/www.cssr.news\/italian\/wp-content\/uploads\/sites\/2\/2026\/04\/2026-04-08-300-San-Gerardo-013-1024x829.jpeg 1024w, https:\/\/www.cssr.news\/italian\/wp-content\/uploads\/sites\/2\/2026\/04\/2026-04-08-300-San-Gerardo-013-300x243.jpeg 300w, https:\/\/www.cssr.news\/italian\/wp-content\/uploads\/sites\/2\/2026\/04\/2026-04-08-300-San-Gerardo-013-768x622.jpeg 768w, https:\/\/www.cssr.news\/italian\/wp-content\/uploads\/sites\/2\/2026\/04\/2026-04-08-300-San-Gerardo-013-1536x1244.jpeg 1536w, https:\/\/www.cssr.news\/italian\/wp-content\/uploads\/sites\/2\/2026\/04\/2026-04-08-300-San-Gerardo-013-696x564.jpeg 696w, https:\/\/www.cssr.news\/italian\/wp-content\/uploads\/sites\/2\/2026\/04\/2026-04-08-300-San-Gerardo-013-1068x865.jpeg 1068w, https:\/\/www.cssr.news\/italian\/wp-content\/uploads\/sites\/2\/2026\/04\/2026-04-08-300-San-Gerardo-013-519x420.jpeg 519w, https:\/\/www.cssr.news\/italian\/wp-content\/uploads\/sites\/2\/2026\/04\/2026-04-08-300-San-Gerardo-013.jpeg 1600w\" sizes=\"(max-width: 1024px) 100vw, 1024px\" \/><\/a><\/figure><\/li><li class=\"blocks-gallery-item\"><figure><a href=\"http:\/\/www.cssr.news\/italian\/wp-content\/uploads\/sites\/2\/2026\/04\/2026-04-08-300-San-Gerardo-017.jpeg\"><img width=\"1024\" height=\"576\" src=\"http:\/\/www.cssr.news\/italian\/wp-content\/uploads\/sites\/2\/2026\/04\/2026-04-08-300-San-Gerardo-017-1024x576.jpeg\" alt=\"\" data-id=\"33179\" data-full-url=\"http:\/\/www.cssr.news\/italian\/wp-content\/uploads\/sites\/2\/2026\/04\/2026-04-08-300-San-Gerardo-017.jpeg\" data-link=\"https:\/\/www.cssr.news\/italian\/?attachment_id=33179\" class=\"wp-image-33179\" srcset=\"https:\/\/www.cssr.news\/italian\/wp-content\/uploads\/sites\/2\/2026\/04\/2026-04-08-300-San-Gerardo-017-1024x576.jpeg 1024w, https:\/\/www.cssr.news\/italian\/wp-content\/uploads\/sites\/2\/2026\/04\/2026-04-08-300-San-Gerardo-017-300x169.jpeg 300w, https:\/\/www.cssr.news\/italian\/wp-content\/uploads\/sites\/2\/2026\/04\/2026-04-08-300-San-Gerardo-017-768x432.jpeg 768w, https:\/\/www.cssr.news\/italian\/wp-content\/uploads\/sites\/2\/2026\/04\/2026-04-08-300-San-Gerardo-017-1536x864.jpeg 1536w, https:\/\/www.cssr.news\/italian\/wp-content\/uploads\/sites\/2\/2026\/04\/2026-04-08-300-San-Gerardo-017-696x392.jpeg 696w, https:\/\/www.cssr.news\/italian\/wp-content\/uploads\/sites\/2\/2026\/04\/2026-04-08-300-San-Gerardo-017-1068x601.jpeg 1068w, https:\/\/www.cssr.news\/italian\/wp-content\/uploads\/sites\/2\/2026\/04\/2026-04-08-300-San-Gerardo-017-747x420.jpeg 747w, https:\/\/www.cssr.news\/italian\/wp-content\/uploads\/sites\/2\/2026\/04\/2026-04-08-300-San-Gerardo-017.jpeg 1600w\" sizes=\"(max-width: 1024px) 100vw, 1024px\" \/><\/a><\/figure><\/li><\/ul><\/figure>\n\n\n\n<p>Uno degli altari laterali della Chiesa della Santissima Trinit\u00e0, proprio di fronte all&#8217;altare di nostro Padre Sant&#8217;Alfonso (dove \u00e8 venerata la prima statua del Fondatore), \u00e8 dedicato a San Gerardo. Fiori freschi sono sempre presenti. La statua del Santo Taumaturgo fu fatta modellare dal P. Raffaele De Feo in occasione della beatificazione nel 1905. Il volto del Santo guarda il Crocifisso che tiene tra le mani, e rivolgi gli occhi al cielo. Due angeli lo accompagnano, portando i simboli della sua riconosciuta santit\u00e0: il flagello della penitenza e il giglio della purezza di cuore. Questa bellissima immagine testimonia la sua fiducia in Dio durante le ore di oscurit\u00e0 e di ingiusta condanna che ha sopportato tra le mura di questa casa. Davanti ad essa, molte famiglie offrono le loro preghiere, soprattutto le donne incinte e le famiglie con bambini piccoli. E non possiamo dimenticare che la maggior parte degli abitanti non si chiamano Alfonso, ma Gerardo e Gerardina!<\/p>\n\n\n\n<p>In occasione del Tricentenario del Santo, la sua sacra immagine \u00e8 stata collocata sull&#8217;altare del Cero Pasquale, a simboleggiare che San Gerardo \u00e8 Testimone del Signore Risorto per il popolo di Dio. L&#8217;Associazione Gerardina di Ciorani ha accompagnato l&#8217;intronizzazione della sacra reliquia del Santo, venerata nella Casa Madre, con una processione di fiori e candele. Si noti che a Ciorani si celebrano due novene a San Gerardo, con una grande partecipazione di fedeli provenienti dalla zona circostante: una nell&#8217;ultima settimana di luglio, che si conclude con una processione della sua immagine, e un&#8217;altra novena prima della sua festa liturgica in ottobre. Al termine della Eucaristia, secondo l\u2019abitudine, furono benedetti i bambini e le madri.<\/p>\n\n\n\n<p>P. Laureano Del Otero Sevillano CSSR<br>Rettore della Casa Madre di Ciorani (Italia)<\/p>\n","protected":false},"excerpt":{"rendered":"<p>La Casa Madre Ciorani ha solennemente celebrato il 300\u00b0 anniversario della nascita di San Gerardo mercoled\u00ec 8 aprile 2026. La celebrazione eucaristica \u00e8 stata presieduta da P. Gennaro Sorrentino, Superiore Provinciale della Provincia Europa Sud, accompagnato dal Consigliere Provinciale per l&#8217;Italia, P. Massimiliano Guardini. Hanno concelebrato i padri della comunit\u00e0 dei Redentoristi del Proto-Convento di [&hellip;]<\/p>\n","protected":false},"author":23,"featured_media":33176,"comment_status":"closed","ping_status":"closed","sticky":false,"template":"","format":"standard","meta":{"_mi_skip_tracking":false},"categories":[50],"tags":[],"_links":{"self":[{"href":"https:\/\/www.cssr.news\/italian\/wp-json\/wp\/v2\/posts\/33175"}],"collection":[{"href":"https:\/\/www.cssr.news\/italian\/wp-json\/wp\/v2\/posts"}],"about":[{"href":"https:\/\/www.cssr.news\/italian\/wp-json\/wp\/v2\/types\/post"}],"author":[{"embeddable":true,"href":"https:\/\/www.cssr.news\/italian\/wp-json\/wp\/v2\/users\/23"}],"replies":[{"embeddable":true,"href":"https:\/\/www.cssr.news\/italian\/wp-json\/wp\/v2\/comments?post=33175"}],"version-history":[{"count":1,"href":"https:\/\/www.cssr.news\/italian\/wp-json\/wp\/v2\/posts\/33175\/revisions"}],"predecessor-version":[{"id":33180,"href":"https:\/\/www.cssr.news\/italian\/wp-json\/wp\/v2\/posts\/33175\/revisions\/33180"}],"wp:featuredmedia":[{"embeddable":true,"href":"https:\/\/www.cssr.news\/italian\/wp-json\/wp\/v2\/media\/33176"}],"wp:attachment":[{"href":"https:\/\/www.cssr.news\/italian\/wp-json\/wp\/v2\/media?parent=33175"}],"wp:term":[{"taxonomy":"category","embeddable":true,"href":"https:\/\/www.cssr.news\/italian\/wp-json\/wp\/v2\/categories?post=33175"},{"taxonomy":"post_tag","embeddable":true,"href":"https:\/\/www.cssr.news\/italian\/wp-json\/wp\/v2\/tags?post=33175"}],"curies":[{"name":"wp","href":"https:\/\/api.w.org\/{rel}","templated":true}]}}