{"id":33188,"date":"2026-04-13T09:15:48","date_gmt":"2026-04-13T07:15:48","guid":{"rendered":"https:\/\/www.cssr.news\/italian\/?p=33188"},"modified":"2026-04-13T09:28:17","modified_gmt":"2026-04-13T07:28:17","slug":"peru-aspirantato-redentorista-a-trujillo-quattro-giovani-iniziano-il-loro-cammino-missionario","status":"publish","type":"post","link":"https:\/\/www.cssr.news\/italian\/2026\/04\/peru-aspirantato-redentorista-a-trujillo-quattro-giovani-iniziano-il-loro-cammino-missionario\/","title":{"rendered":"Per\u00f9: Aspirantato Redentorista a Trujillo, quattro giovani iniziano il loro cammino missionario"},"content":{"rendered":"\n<p><strong>Il 10 aprile<\/strong>, <strong>venerd\u00ec dell\u2019Ottava di Pasqua<\/strong>, si \u00e8 celebrata con grande gioia la\u00a0<strong>cerimonia di apertura dell\u2019Aspirantato Redentorista<\/strong>\u00a0nella citt\u00e0 di Trujillo. Questo momento significativo segna l&#8217;inizio di una nuova tappa vocazionale per quattro giovani che hanno deciso di intraprendere il loro cammino di discernimento e formazione nella\u00a0<strong>Congregazione del Santissimo Redentore<\/strong>, fondata da Alfonso Maria de&#8217; Liguori; inoltre, questa cerimonia segna la riapertura della nostra casa di formazione in quella citt\u00e0.<\/p>\n\n\n\n<p>La celebrazione \u00e8 stata presieduta dal Superiore Provinciale della Provincia Bolivia-Per\u00f9, Boris Calzadilla Arteaga, che ha incoraggiato gli aspiranti a vivere con generosit\u00e0 la loro risposta alla chiamata di Dio e a coltivare un profondo spirito missionario al servizio dei pi\u00f9 bisognosi.<\/p>\n\n\n\n<p>In questa significativa cerimonia hanno ufficialmente iniziato il loro percorso formativo i giovani: Emerson, Piero, Arial e Daniel.<\/p>\n\n\n\n<p>Durante la celebrazione, ciascuno di loro ha espresso pubblicamente il proprio desiderio di iniziare questo tempo di formazione e discernimento, affidando il proprio cammino al Signore e all\u2019intercessione della Vergine Maria. Come segno del loro impegno iniziale, hanno ricevuto la&nbsp;<strong>croce redentorista<\/strong>, simbolo della spiritualit\u00e0 missionaria che caratterizza la congregazione e ricordo permanente dell\u2019amore redentore di Cristo.<\/p>\n\n\n\n<p>Era presente anche il formatore di questa fase, padre Erik Luj\u00e1n, che avr\u00e0 il compito di accompagnare gli aspiranti in questo processo di crescita umana, spirituale e vocazionale. Alla celebrazione hanno partecipato anche diversi sacerdoti redentoristi e fedeli che si sono uniti per ringraziare Dio per queste nuove vocazioni.<\/p>\n\n\n\n<figure class=\"wp-block-gallery columns-3 is-cropped\"><ul class=\"blocks-gallery-grid\"><li class=\"blocks-gallery-item\"><figure><a href=\"http:\/\/www.cssr.news\/spanish\/wp-content\/uploads\/sites\/3\/2026\/04\/sn2026_abril_trujillo08.jpeg\"><img src=\"http:\/\/www.cssr.news\/spanish\/wp-content\/uploads\/sites\/3\/2026\/04\/sn2026_abril_trujillo08-768x1024.jpeg\" alt=\"\" data-id=\"30782\" data-full-url=\"http:\/\/www.cssr.news\/spanish\/wp-content\/uploads\/sites\/3\/2026\/04\/sn2026_abril_trujillo08.jpeg\" data-link=\"https:\/\/www.cssr.news\/spanish\/?attachment_id=30782\" class=\"wp-image-30782\"\/><\/a><\/figure><\/li><li class=\"blocks-gallery-item\"><figure><a href=\"http:\/\/www.cssr.news\/spanish\/wp-content\/uploads\/sites\/3\/2026\/04\/sn2026_abril_trujillo06.jpeg\"><img src=\"http:\/\/www.cssr.news\/spanish\/wp-content\/uploads\/sites\/3\/2026\/04\/sn2026_abril_trujillo06-768x1024.jpeg\" alt=\"\" data-id=\"30781\" data-full-url=\"http:\/\/www.cssr.news\/spanish\/wp-content\/uploads\/sites\/3\/2026\/04\/sn2026_abril_trujillo06.jpeg\" data-link=\"https:\/\/www.cssr.news\/spanish\/?attachment_id=30781\" class=\"wp-image-30781\"\/><\/a><\/figure><\/li><li class=\"blocks-gallery-item\"><figure><a href=\"http:\/\/www.cssr.news\/spanish\/wp-content\/uploads\/sites\/3\/2026\/04\/sn2026_abril_trujillo05.jpeg\"><img src=\"http:\/\/www.cssr.news\/spanish\/wp-content\/uploads\/sites\/3\/2026\/04\/sn2026_abril_trujillo05-768x1024.jpeg\" alt=\"\" data-id=\"30780\" data-full-url=\"http:\/\/www.cssr.news\/spanish\/wp-content\/uploads\/sites\/3\/2026\/04\/sn2026_abril_trujillo05.jpeg\" data-link=\"https:\/\/www.cssr.news\/spanish\/?attachment_id=30780\" class=\"wp-image-30780\"\/><\/a><\/figure><\/li><li class=\"blocks-gallery-item\"><figure><a href=\"http:\/\/www.cssr.news\/spanish\/wp-content\/uploads\/sites\/3\/2026\/04\/sn2026_abril_trujillo04.jpeg\"><img src=\"http:\/\/www.cssr.news\/spanish\/wp-content\/uploads\/sites\/3\/2026\/04\/sn2026_abril_trujillo04-768x1024.jpeg\" alt=\"\" data-id=\"30779\" data-full-url=\"http:\/\/www.cssr.news\/spanish\/wp-content\/uploads\/sites\/3\/2026\/04\/sn2026_abril_trujillo04.jpeg\" data-link=\"https:\/\/www.cssr.news\/spanish\/?attachment_id=30779\" class=\"wp-image-30779\"\/><\/a><\/figure><\/li><li class=\"blocks-gallery-item\"><figure><a href=\"http:\/\/www.cssr.news\/spanish\/wp-content\/uploads\/sites\/3\/2026\/04\/sn2026_abril_trujillo03.jpeg\"><img src=\"http:\/\/www.cssr.news\/spanish\/wp-content\/uploads\/sites\/3\/2026\/04\/sn2026_abril_trujillo03-768x1024.jpeg\" alt=\"\" data-id=\"30778\" data-full-url=\"http:\/\/www.cssr.news\/spanish\/wp-content\/uploads\/sites\/3\/2026\/04\/sn2026_abril_trujillo03.jpeg\" data-link=\"https:\/\/www.cssr.news\/spanish\/?attachment_id=30778\" class=\"wp-image-30778\"\/><\/a><\/figure><\/li><li class=\"blocks-gallery-item\"><figure><a href=\"http:\/\/www.cssr.news\/spanish\/wp-content\/uploads\/sites\/3\/2026\/04\/sn2026_abril_trujillo02.jpeg\"><img src=\"http:\/\/www.cssr.news\/spanish\/wp-content\/uploads\/sites\/3\/2026\/04\/sn2026_abril_trujillo02-768x1024.jpeg\" alt=\"\" data-id=\"30777\" data-full-url=\"http:\/\/www.cssr.news\/spanish\/wp-content\/uploads\/sites\/3\/2026\/04\/sn2026_abril_trujillo02.jpeg\" data-link=\"https:\/\/www.cssr.news\/spanish\/?attachment_id=30777\" class=\"wp-image-30777\"\/><\/a><\/figure><\/li><\/ul><\/figure>\n\n\n\n<p>Un momento particolarmente emozionante \u00e8 stata la presenza delle&nbsp;<strong>famiglie degli aspiranti<\/strong>, che hanno accompagnato con gioia e speranza questo passo importante nella vita dei loro figli. La loro vicinanza e il loro sostegno riflettono la dimensione comunitaria della vocazione, dove la famiglia diventa uno spazio fondamentale di fede e di accompagnamento.<\/p>\n\n\n\n<p>L&#8217;apertura dell&#8217;Aspirantato rappresenta il&nbsp;<strong>primo passo nel percorso formativo redentorista<\/strong>, un tempo dedicato al discernimento vocazionale, alla vita comunitaria e al rafforzamento della vita spirituale, con l&#8217;obiettivo di preparare i giovani alle successive tappe della formazione religiosa e missionaria.<\/p>\n\n\n\n<p>Nel contesto della&nbsp;<strong>Pasqua<\/strong>, questa celebrazione assume un significato speciale: cos\u00ec come Cristo risorto invia i suoi discepoli ad annunciare la Buona Novella, anche oggi continua a chiamare giovani disposti a dedicare la propria vita al servizio del Vangelo.<\/p>\n\n\n\n<p>La comunit\u00e0 redentorista della Provincia Bolivia-Per\u00f9 ringrazia Dio per queste nuove vocazioni e confida che, guidati dallo Spirito Santo e dall\u2019esempio di Alfonso Maria de\u2019 Liguori, questi giovani potranno crescere nella loro vocazione missionaria e diventare autentici&nbsp;<strong>\u201cmissionari della redenzione abbondante\u201d<\/strong>.<\/p>\n\n\n\n<p>P. V\u00edctor Ernesto Espinoza Gil C.Ss.R.<br>Promotore vocazionale<\/p>\n","protected":false},"excerpt":{"rendered":"<p>Il 10 aprile, venerd\u00ec dell\u2019Ottava di Pasqua, si \u00e8 celebrata con grande gioia la\u00a0cerimonia di apertura dell\u2019Aspirantato Redentorista\u00a0nella citt\u00e0 di Trujillo. Questo momento significativo segna l&#8217;inizio di una nuova tappa vocazionale per quattro giovani che hanno deciso di intraprendere il loro cammino di discernimento e formazione nella\u00a0Congregazione del Santissimo Redentore, fondata da Alfonso Maria de&#8217; [&hellip;]<\/p>\n","protected":false},"author":23,"featured_media":33189,"comment_status":"closed","ping_status":"closed","sticky":false,"template":"","format":"standard","meta":{"_mi_skip_tracking":false},"categories":[14],"tags":[],"_links":{"self":[{"href":"https:\/\/www.cssr.news\/italian\/wp-json\/wp\/v2\/posts\/33188"}],"collection":[{"href":"https:\/\/www.cssr.news\/italian\/wp-json\/wp\/v2\/posts"}],"about":[{"href":"https:\/\/www.cssr.news\/italian\/wp-json\/wp\/v2\/types\/post"}],"author":[{"embeddable":true,"href":"https:\/\/www.cssr.news\/italian\/wp-json\/wp\/v2\/users\/23"}],"replies":[{"embeddable":true,"href":"https:\/\/www.cssr.news\/italian\/wp-json\/wp\/v2\/comments?post=33188"}],"version-history":[{"count":1,"href":"https:\/\/www.cssr.news\/italian\/wp-json\/wp\/v2\/posts\/33188\/revisions"}],"predecessor-version":[{"id":33190,"href":"https:\/\/www.cssr.news\/italian\/wp-json\/wp\/v2\/posts\/33188\/revisions\/33190"}],"wp:featuredmedia":[{"embeddable":true,"href":"https:\/\/www.cssr.news\/italian\/wp-json\/wp\/v2\/media\/33189"}],"wp:attachment":[{"href":"https:\/\/www.cssr.news\/italian\/wp-json\/wp\/v2\/media?parent=33188"}],"wp:term":[{"taxonomy":"category","embeddable":true,"href":"https:\/\/www.cssr.news\/italian\/wp-json\/wp\/v2\/categories?post=33188"},{"taxonomy":"post_tag","embeddable":true,"href":"https:\/\/www.cssr.news\/italian\/wp-json\/wp\/v2\/tags?post=33188"}],"curies":[{"name":"wp","href":"https:\/\/api.w.org\/{rel}","templated":true}]}}