{"id":33209,"date":"2026-04-15T19:12:37","date_gmt":"2026-04-15T17:12:37","guid":{"rendered":"https:\/\/www.cssr.news\/italian\/?p=33209"},"modified":"2026-04-15T19:12:40","modified_gmt":"2026-04-15T17:12:40","slug":"paraguay-celebrazione-della-festa-di-san-gerardo","status":"publish","type":"post","link":"https:\/\/www.cssr.news\/italian\/2026\/04\/paraguay-celebrazione-della-festa-di-san-gerardo\/","title":{"rendered":"Paraguay: Celebrazione della Festa di San Gerardo"},"content":{"rendered":"\n<p>Luned\u00ec scorso, 6 aprile, la Parrocchia di San Gerardo ad Asunci\u00f3n (Paraguay) ha celebrato con grande fervore il 300\u00b0 anniversario della nascita di San Gerardo.<\/p>\n\n\n\n<p>La festa giubilare \u00e8 iniziata con la celebrazione della Santa Messa, presieduta dal parroco, P. Leonardo Valdez, C. Ss. R., e concelebrata da diversi missionari redentoristi. Erano presenti anche i seminaristi della Casa di Formazione Pedro Donders, accompagnati dai loro formatori, P. Miguel \u00c1ngel Mart\u00ednez e P. Gustavo Dold\u00e1n.<\/p>\n\n\n\n<p>I devoti di San Gerardo hanno riempito la chiesa, che si \u00e8 rivelata troppo piccola per l\u2019affluenza fervente dei fedeli.<\/p>\n\n\n\n<figure class=\"wp-block-gallery columns-3 is-cropped\"><ul class=\"blocks-gallery-grid\"><li class=\"blocks-gallery-item\"><figure><a href=\"http:\/\/www.cssr.news\/spanish\/wp-content\/uploads\/sites\/3\/2026\/04\/sn2026_paraguay04_01.jpeg\"><img src=\"http:\/\/www.cssr.news\/spanish\/wp-content\/uploads\/sites\/3\/2026\/04\/sn2026_paraguay04_01-768x1024.jpeg\" alt=\"\" data-id=\"30803\" data-full-url=\"http:\/\/www.cssr.news\/spanish\/wp-content\/uploads\/sites\/3\/2026\/04\/sn2026_paraguay04_01.jpeg\" data-link=\"https:\/\/www.cssr.news\/spanish\/2026\/04\/paraguay-celebracion-de-la-fiesta-de-san-gerardo\/sn2026_paraguay04_01\/\" class=\"wp-image-30803\"\/><\/a><\/figure><\/li><li class=\"blocks-gallery-item\"><figure><a href=\"http:\/\/www.cssr.news\/spanish\/wp-content\/uploads\/sites\/3\/2026\/04\/sn2026_paraguay04_09.jpg\"><img src=\"http:\/\/www.cssr.news\/spanish\/wp-content\/uploads\/sites\/3\/2026\/04\/sn2026_paraguay04_09-1024x1024.jpg\" alt=\"\" data-id=\"30808\" data-full-url=\"http:\/\/www.cssr.news\/spanish\/wp-content\/uploads\/sites\/3\/2026\/04\/sn2026_paraguay04_09.jpg\" data-link=\"https:\/\/www.cssr.news\/spanish\/2026\/04\/paraguay-celebracion-de-la-fiesta-de-san-gerardo\/sn2026_paraguay04_09\/\" class=\"wp-image-30808\"\/><\/a><\/figure><\/li><li class=\"blocks-gallery-item\"><figure><a href=\"http:\/\/www.cssr.news\/spanish\/wp-content\/uploads\/sites\/3\/2026\/04\/sn2026_paraguay04_08.jpg\"><img src=\"http:\/\/www.cssr.news\/spanish\/wp-content\/uploads\/sites\/3\/2026\/04\/sn2026_paraguay04_08-1024x1024.jpg\" alt=\"\" data-id=\"30809\" data-full-url=\"http:\/\/www.cssr.news\/spanish\/wp-content\/uploads\/sites\/3\/2026\/04\/sn2026_paraguay04_08.jpg\" data-link=\"https:\/\/www.cssr.news\/spanish\/2026\/04\/paraguay-celebracion-de-la-fiesta-de-san-gerardo\/sn2026_paraguay04_08\/\" class=\"wp-image-30809\"\/><\/a><\/figure><\/li><li class=\"blocks-gallery-item\"><figure><a href=\"http:\/\/www.cssr.news\/spanish\/wp-content\/uploads\/sites\/3\/2026\/04\/sn2026_paraguay04_07.jpg\"><img src=\"http:\/\/www.cssr.news\/spanish\/wp-content\/uploads\/sites\/3\/2026\/04\/sn2026_paraguay04_07-768x1024.jpg\" alt=\"\" data-id=\"30811\" data-full-url=\"http:\/\/www.cssr.news\/spanish\/wp-content\/uploads\/sites\/3\/2026\/04\/sn2026_paraguay04_07.jpg\" data-link=\"https:\/\/www.cssr.news\/spanish\/2026\/04\/paraguay-celebracion-de-la-fiesta-de-san-gerardo\/sn2026_paraguay04_07\/\" class=\"wp-image-30811\"\/><\/a><\/figure><\/li><li class=\"blocks-gallery-item\"><figure><a href=\"http:\/\/www.cssr.news\/spanish\/wp-content\/uploads\/sites\/3\/2026\/04\/sn2026_paraguay04_06.jpg\"><img src=\"http:\/\/www.cssr.news\/spanish\/wp-content\/uploads\/sites\/3\/2026\/04\/sn2026_paraguay04_06-768x1024.jpg\" alt=\"\" data-id=\"30812\" data-full-url=\"http:\/\/www.cssr.news\/spanish\/wp-content\/uploads\/sites\/3\/2026\/04\/sn2026_paraguay04_06.jpg\" data-link=\"https:\/\/www.cssr.news\/spanish\/2026\/04\/paraguay-celebracion-de-la-fiesta-de-san-gerardo\/sn2026_paraguay04_06\/\" class=\"wp-image-30812\"\/><\/a><\/figure><\/li><\/ul><\/figure>\n\n\n\n<p>Al termine della Santa Messa, si \u00e8 tenuto un festival folcloristico in onore di San Gerardo, con la presenza di artisti di talento che hanno offerto la loro arte per rendere omaggio al pi\u00f9 popolare dei santi redentoristi.<\/p>\n\n\n\n<p>P. Leonardo Valdez, C. Ss.R.<\/p>\n","protected":false},"excerpt":{"rendered":"<p>Luned\u00ec scorso, 6 aprile, la Parrocchia di San Gerardo ad Asunci\u00f3n (Paraguay) ha celebrato con grande fervore il 300\u00b0 anniversario della nascita di San Gerardo. La festa giubilare \u00e8 iniziata con la celebrazione della Santa Messa, presieduta dal parroco, P. Leonardo Valdez, C. Ss. R., e concelebrata da diversi missionari redentoristi. Erano presenti anche i [&hellip;]<\/p>\n","protected":false},"author":23,"featured_media":33210,"comment_status":"closed","ping_status":"closed","sticky":false,"template":"","format":"standard","meta":{"_mi_skip_tracking":false},"categories":[50],"tags":[],"_links":{"self":[{"href":"https:\/\/www.cssr.news\/italian\/wp-json\/wp\/v2\/posts\/33209"}],"collection":[{"href":"https:\/\/www.cssr.news\/italian\/wp-json\/wp\/v2\/posts"}],"about":[{"href":"https:\/\/www.cssr.news\/italian\/wp-json\/wp\/v2\/types\/post"}],"author":[{"embeddable":true,"href":"https:\/\/www.cssr.news\/italian\/wp-json\/wp\/v2\/users\/23"}],"replies":[{"embeddable":true,"href":"https:\/\/www.cssr.news\/italian\/wp-json\/wp\/v2\/comments?post=33209"}],"version-history":[{"count":1,"href":"https:\/\/www.cssr.news\/italian\/wp-json\/wp\/v2\/posts\/33209\/revisions"}],"predecessor-version":[{"id":33211,"href":"https:\/\/www.cssr.news\/italian\/wp-json\/wp\/v2\/posts\/33209\/revisions\/33211"}],"wp:featuredmedia":[{"embeddable":true,"href":"https:\/\/www.cssr.news\/italian\/wp-json\/wp\/v2\/media\/33210"}],"wp:attachment":[{"href":"https:\/\/www.cssr.news\/italian\/wp-json\/wp\/v2\/media?parent=33209"}],"wp:term":[{"taxonomy":"category","embeddable":true,"href":"https:\/\/www.cssr.news\/italian\/wp-json\/wp\/v2\/categories?post=33209"},{"taxonomy":"post_tag","embeddable":true,"href":"https:\/\/www.cssr.news\/italian\/wp-json\/wp\/v2\/tags?post=33209"}],"curies":[{"name":"wp","href":"https:\/\/api.w.org\/{rel}","templated":true}]}}