{"id":33212,"date":"2026-04-17T09:10:42","date_gmt":"2026-04-17T07:10:42","guid":{"rendered":"https:\/\/www.cssr.news\/italian\/?p=33212"},"modified":"2026-04-17T09:25:49","modified_gmt":"2026-04-17T07:25:49","slug":"incontro-di-transizione-al-ministero-nella-provincia-andino-caraibica-dei-redentoristi","status":"publish","type":"post","link":"https:\/\/www.cssr.news\/italian\/2026\/04\/incontro-di-transizione-al-ministero-nella-provincia-andino-caraibica-dei-redentoristi\/","title":{"rendered":"Incontro di transizione al ministero nella Provincia Andino-Caraibica dei Redentoristi"},"content":{"rendered":"\n<p>Dopo aver vissuto la Settimana Santa nelle diverse comunit\u00e0, e secondo la consuetudine degli anni precedenti, si \u00e8 svolto nella settimana di Pasqua l&#8217;incontro di transizione al ministero, un appuntamento formativo per i redentoristi ordinati negli ultimi cinque anni. L&#8217;incontro ha avuto luogo presso Villa Marianella di Chinauta (Fusagasug\u00e1, Colombia) da marted\u00ec 7 a venerd\u00ec 10 aprile.<\/p>\n\n\n\n<p>I partecipanti sono stati i padri Cristian Aza e \u00d3scar Tarazona (5\u00b0 anno), Carlos L\u00f3pez (4\u00b0 anno), Juan Sebasti\u00e1n Criollo, Johvanny Cu\u00e9llar e Sergio Guerrero (3\u00b0 anno), Ely Sa\u00fal Mill\u00e1n e Johnny Vargas (2\u00b0 anno), i professi perpetui Carlos Daniel Franco, Reilander Aldana, Alexander Hern\u00e1ndez e il Fratello Jorge Campo Flor. L&#8217;incontro \u00e8 stato guidato da padre Samuel Torres e ha visto la presenza del Superiore provinciale Mauricio Monroy.<\/p>\n\n\n\n<p>Il programma ha incluso momenti di formazione su alcuni temi specifici, tempi di preghiera, di riposo, di dialogo fraterno e di ricreazione attraverso lo sport e il&nbsp;<em>gaudeamus<\/em>. Dopo l&#8217;arrivo e la sistemazione nel pomeriggio di marted\u00ec, mercoled\u00ec si \u00e8 tenuto un primo blocco formativo a cura delle sorelle Kalina Becerra e Seila Gonz\u00e1lez, della Fraternit\u00e0 missionaria Verbum Dei. Sotto il motto&nbsp;<em>&#8220;amerai con tutto&#8221;<\/em>, i partecipanti sono stati esortati a fare propria la consapevolezza che la loro vocazione richiede totalit\u00e0, pienezza di consacrazione e integrazione personale attorno a Ges\u00f9 e alla missione.<\/p>\n\n\n\n<p>Gioved\u00ec il Superiore provinciale, padre Mauricio Monroy, ha guidato un approfondimento sul tema della leadership nella Congregazione. Tenendo conto che il Governo generale ha indicato questo tema come priorit\u00e0 per l&#8217;anno in corso, e della reale e sentita necessit\u00e0 di ravvivare la leadership nella nostra unit\u00e0, si \u00e8 svolta una lettura dialogata e orante della seconda&nbsp;<em>communicanda<\/em>&nbsp;dell&#8217;ex Superiore generale, Michael Brehl, del 2019.<\/p>\n\n\n\n<p>Venerd\u00ec, infine, padre Samuel Torres ha animato un dialogo sull&#8217;assimilazione del Mistero pasquale appena celebrato nella Settimana Santa e su alcuni elementi del brano dei discepoli di Emmaus, applicandoli alla nostra realt\u00e0 vocazionale. \u00c8 stato un momento in cui i diversi aspetti della Pasqua hanno dato spazio agli interventi dei partecipanti, che hanno condiviso dubbi, riflessioni, testimonianze ed esortazioni in relazione alla fase formativa in cui si trovano.<\/p>\n\n\n\n<p>Questa esperienza \u00e8 stata vissuta come gratificante e costruttiva. \u00c8 stato particolarmente prezioso poter condividere tempo, esperienze, pasti, sport, preghiera e formazione con confratelli con i quali, durante la formazione iniziale, si \u00e8 sviluppata una grande familiarit\u00e0. \u00c8 uno stimolo a perseverare con gioia e fedelt\u00e0. Un sincero ringraziamento a tutti coloro che hanno reso possibile questa esperienza.<\/p>\n\n\n\n<p><em>P. Carlos Eduardo L\u00f3pez Hern\u00e1ndez, C.Ss.R.<\/em><\/p>\n","protected":false},"excerpt":{"rendered":"<p>Dopo aver vissuto la Settimana Santa nelle diverse comunit\u00e0, e secondo la consuetudine degli anni precedenti, si \u00e8 svolto nella settimana di Pasqua l&#8217;incontro di transizione al ministero, un appuntamento formativo per i redentoristi ordinati negli ultimi cinque anni. L&#8217;incontro ha avuto luogo presso Villa Marianella di Chinauta (Fusagasug\u00e1, Colombia) da marted\u00ec 7 a venerd\u00ec [&hellip;]<\/p>\n","protected":false},"author":23,"featured_media":33213,"comment_status":"closed","ping_status":"closed","sticky":false,"template":"","format":"standard","meta":{"_mi_skip_tracking":false},"categories":[14],"tags":[],"_links":{"self":[{"href":"https:\/\/www.cssr.news\/italian\/wp-json\/wp\/v2\/posts\/33212"}],"collection":[{"href":"https:\/\/www.cssr.news\/italian\/wp-json\/wp\/v2\/posts"}],"about":[{"href":"https:\/\/www.cssr.news\/italian\/wp-json\/wp\/v2\/types\/post"}],"author":[{"embeddable":true,"href":"https:\/\/www.cssr.news\/italian\/wp-json\/wp\/v2\/users\/23"}],"replies":[{"embeddable":true,"href":"https:\/\/www.cssr.news\/italian\/wp-json\/wp\/v2\/comments?post=33212"}],"version-history":[{"count":2,"href":"https:\/\/www.cssr.news\/italian\/wp-json\/wp\/v2\/posts\/33212\/revisions"}],"predecessor-version":[{"id":33215,"href":"https:\/\/www.cssr.news\/italian\/wp-json\/wp\/v2\/posts\/33212\/revisions\/33215"}],"wp:featuredmedia":[{"embeddable":true,"href":"https:\/\/www.cssr.news\/italian\/wp-json\/wp\/v2\/media\/33213"}],"wp:attachment":[{"href":"https:\/\/www.cssr.news\/italian\/wp-json\/wp\/v2\/media?parent=33212"}],"wp:term":[{"taxonomy":"category","embeddable":true,"href":"https:\/\/www.cssr.news\/italian\/wp-json\/wp\/v2\/categories?post=33212"},{"taxonomy":"post_tag","embeddable":true,"href":"https:\/\/www.cssr.news\/italian\/wp-json\/wp\/v2\/tags?post=33212"}],"curies":[{"name":"wp","href":"https:\/\/api.w.org\/{rel}","templated":true}]}}